{"id":20294,"date":"2024-07-09T23:59:30","date_gmt":"2024-07-09T23:59:30","guid":{"rendered":"https:\/\/defrentealaverdad.com\/?p=20294"},"modified":"2024-07-13T01:23:13","modified_gmt":"2024-07-13T01:23:13","slug":"pakole-invita-a-sus-amigos-a-celebrar-su-10mo-aniversario-como-salsero-en-hard-rock-cafe-santo-domingo","status":"publish","type":"post","link":"https:\/\/defrentealaverdad.com\/index.php\/2024\/07\/09\/pakole-invita-a-sus-amigos-a-celebrar-su-10mo-aniversario-como-salsero-en-hard-rock-cafe-santo-domingo\/","title":{"rendered":"Pakol\u00e9 invita a sus amigos a celebrar su 10mo aniversario como salsero en Hard Rock Caf\u00e9 Santo Domingo"},"content":{"rendered":"<p><img decoding=\"async\" class=\"size-medium wp-image-20295 alignleft lazyload\" data-src=\"https:\/\/defrentealaverdad.com\/wp-content\/uploads\/2024\/07\/IMG-20240709-WA0115-273x300.jpg\" alt=\"\" width=\"273\" height=\"300\" data-srcset=\"https:\/\/defrentealaverdad.com\/wp-content\/uploads\/2024\/07\/IMG-20240709-WA0115-273x300.jpg 273w, https:\/\/defrentealaverdad.com\/wp-content\/uploads\/2024\/07\/IMG-20240709-WA0115-931x1024.jpg 931w, https:\/\/defrentealaverdad.com\/wp-content\/uploads\/2024\/07\/IMG-20240709-WA0115-768x845.jpg 768w, https:\/\/defrentealaverdad.com\/wp-content\/uploads\/2024\/07\/IMG-20240709-WA0115-1396x1536.jpg 1396w, https:\/\/defrentealaverdad.com\/wp-content\/uploads\/2024\/07\/IMG-20240709-WA0115.jpg 1454w\" data-sizes=\"(max-width: 273px) 100vw, 273px\" src=\"data:image\/svg+xml;base64,PHN2ZyB3aWR0aD0iMSIgaGVpZ2h0PSIxIiB4bWxucz0iaHR0cDovL3d3dy53My5vcmcvMjAwMC9zdmciPjwvc3ZnPg==\" style=\"--smush-placeholder-width: 273px; --smush-placeholder-aspect-ratio: 273\/300;\" \/><\/p>\n<p style=\"text-align: justify;\">SANTO DOMINGO.-El cantante dominicano Pakol\u00e9, estar\u00e1 celebrando el pr\u00f3ximo viernes 12 de julio sus 10 a\u00f1os en la salsa y lo har\u00e1 con un gran espect\u00e1culo en el Hard Rock, Caf\u00e9 Santo Domingo donde para la ocasi\u00f3n ha convocado a un grupo de amigos artistas de diversos g\u00e9neros musicales para que lo acompa\u00f1en en la celebraci\u00f3n.<\/p>\n<p style=\"text-align: justify;\">El concierto que conmemora los 10 a\u00f1os como salsero de Pakol\u00e9 iniciar\u00e1 a las 9 de la noche y cuenta con la producci\u00f3n del reconocido productor de televisi\u00f3n y espect\u00e1culos Alberto Bernab\u00e9 \u00abBebeto\u00bb.<\/p>\n<p style=\"text-align: justify;\">Pakol\u00e9, qui\u00e9n ha tenido \u00e9xitos en g\u00e9neros como el merengue, la bachata, merengue t\u00edpico y salsa, manifest\u00f3 que sus 10 a\u00f1os como salsero lo ha querido celebrar con un grupo de amigos artistas que han marcado su carrera.<\/p>\n<p style=\"text-align: justify;\">Cit\u00f3 a Ram\u00f3n Orlando, Pochy Familia, David Kada, Asdr\u00fabal, Juan Valdez, Henry Garc\u00eda entre otros como parte de sus invitados para el concierto.<\/p>\n<p style=\"text-align: justify;\">Agreg\u00f3 que como invitados internacionales estar\u00e1n la orquesta Adolescencia de Venezuela, considerado como uno de los mejores grupos de salsa en la actualidad.<\/p>\n<blockquote>\n<p style=\"text-align: justify;\">\u00abSer\u00e1 una noche maravillosa, porque tendr\u00e9 la oportunidad de compartir con grandes amigos artistas que han marcado mi carrera, estoy muy emocionado y comprometido a dar lo mejor de m\u00ed en ese concierto\u00bb, dijo Pakol\u00e9.<\/p>\n<\/blockquote>\n<p style=\"text-align: justify;\">En los \u00faltimos a\u00f1os Pakol\u00e9 ha sido uno de los exponente salsa de mayor presencia en Rep\u00fablica Dominicana y otros pa\u00edses debido a que ha logrado colocar en el gusto popular diversos temas tales como Le Hace Falta Un Beso, Mi Problema, Demasiado Amor, Qu\u00e9 Ser\u00eda de M\u00ed entre otros.<\/p>\n<p><strong>Invita p\u00fablicamente a Yiyo Sarante<\/strong><\/p>\n<p><img decoding=\"async\" class=\"size-medium wp-image-20306 alignleft lazyload\" data-src=\"https:\/\/defrentealaverdad.com\/wp-content\/uploads\/2024\/07\/IMG-20240709-WA0116-200x300.jpg\" alt=\"\" width=\"200\" height=\"300\" data-srcset=\"https:\/\/defrentealaverdad.com\/wp-content\/uploads\/2024\/07\/IMG-20240709-WA0116-200x300.jpg 200w, https:\/\/defrentealaverdad.com\/wp-content\/uploads\/2024\/07\/IMG-20240709-WA0116-681x1024.jpg 681w, https:\/\/defrentealaverdad.com\/wp-content\/uploads\/2024\/07\/IMG-20240709-WA0116-768x1154.jpg 768w, https:\/\/defrentealaverdad.com\/wp-content\/uploads\/2024\/07\/IMG-20240709-WA0116.jpg 857w\" data-sizes=\"(max-width: 200px) 100vw, 200px\" src=\"data:image\/svg+xml;base64,PHN2ZyB3aWR0aD0iMSIgaGVpZ2h0PSIxIiB4bWxucz0iaHR0cDovL3d3dy53My5vcmcvMjAwMC9zdmciPjwvc3ZnPg==\" style=\"--smush-placeholder-width: 200px; --smush-placeholder-aspect-ratio: 200\/300;\" \/><\/p>\n<p style=\"text-align: justify;\">En otro orden Pakol\u00e9 hizo una invitaci\u00f3n p\u00fablica a Yiyo Sarante para que lo acompa\u00f1e en su 10mo aniversario como cantante de salsa.<\/p>\n<p style=\"text-align: justify;\">Aclar\u00f3 que \u00e9l es amigo de Yiyo Sarante y record\u00f3 que fueron compa\u00f1eros en la orquesta Barcel\u00f3 hace varios a\u00f1os.<\/p>\n<p style=\"text-align: justify;\">Pakol\u00e9 declar\u00f3 en el marco de una entrevista que se le realiz\u00f3 en el programa Bebeto TV que se transmite de lunes a viernes por los canales 108 de Claro, 75 de Altice y 653 de Five Stick para Estados Unidos y el resto del mundo.<\/p>\n<blockquote>\n<p style=\"text-align: justify;\">\u00abYiyo es mi amigo y fuimos compa\u00f1eros en la orquesta Barcel\u00f3, mucho me gustar\u00eda que pueda hacer acto de presencia en este concierto que estar\u00e9 realizando junto a mis amigos\u00bb<\/p>\n<\/blockquote>\n<p style=\"text-align: justify;\">Las boletas para el concierto Pakol\u00e9 y sus Amigos, est\u00e1 a la venta en Uepa Tickets, CCN Jumbo, Supermercado Nacional y tambi\u00e9n pueden ser adquiridas llamando al tel\u00e9fono 849 739-3405<\/p>\n<p>Fuente: RR. PP. Pakol\u00e9<\/p>\n","protected":false},"excerpt":{"rendered":"<p>SANTO DOMINGO.-El cantante dominicano Pakol\u00e9, estar\u00e1 celebrando el pr\u00f3ximo viernes 12 de julio sus 10<\/p>\n","protected":false},"author":4,"featured_media":0,"comment_status":"open","ping_status":"open","sticky":false,"template":"","format":"standard","meta":{"footnotes":""},"categories":[6],"tags":[],"class_list":["post-20294","post","type-post","status-publish","format-standard","hentry","category-espectaculos"],"_links":{"self":[{"href":"https:\/\/defrentealaverdad.com\/index.php\/wp-json\/wp\/v2\/posts\/20294","targetHints":{"allow":["GET"]}}],"collection":[{"href":"https:\/\/defrentealaverdad.com\/index.php\/wp-json\/wp\/v2\/posts"}],"about":[{"href":"https:\/\/defrentealaverdad.com\/index.php\/wp-json\/wp\/v2\/types\/post"}],"author":[{"embeddable":true,"href":"https:\/\/defrentealaverdad.com\/index.php\/wp-json\/wp\/v2\/users\/4"}],"replies":[{"embeddable":true,"href":"https:\/\/defrentealaverdad.com\/index.php\/wp-json\/wp\/v2\/comments?post=20294"}],"version-history":[{"count":2,"href":"https:\/\/defrentealaverdad.com\/index.php\/wp-json\/wp\/v2\/posts\/20294\/revisions"}],"predecessor-version":[{"id":20307,"href":"https:\/\/defrentealaverdad.com\/index.php\/wp-json\/wp\/v2\/posts\/20294\/revisions\/20307"}],"wp:attachment":[{"href":"https:\/\/defrentealaverdad.com\/index.php\/wp-json\/wp\/v2\/media?parent=20294"}],"wp:term":[{"taxonomy":"category","embeddable":true,"href":"https:\/\/defrentealaverdad.com\/index.php\/wp-json\/wp\/v2\/categories?post=20294"},{"taxonomy":"post_tag","embeddable":true,"href":"https:\/\/defrentealaverdad.com\/index.php\/wp-json\/wp\/v2\/tags?post=20294"}],"curies":[{"name":"wp","href":"https:\/\/api.w.org\/{rel}","templated":true}]}}