{"id":20273,"date":"2024-07-09T22:48:50","date_gmt":"2024-07-09T22:48:50","guid":{"rendered":"https:\/\/defrentealaverdad.com\/?p=20273"},"modified":"2024-07-12T23:16:17","modified_gmt":"2024-07-12T23:16:17","slug":"duo-de-los-castillo-campeones-del-xix-torneo-de-golf-adoexpo","status":"publish","type":"post","link":"https:\/\/defrentealaverdad.com\/index.php\/2024\/07\/09\/duo-de-los-castillo-campeones-del-xix-torneo-de-golf-adoexpo\/","title":{"rendered":"D\u00fao de los Castillo campeones del XIX Torneo de Golf Adoexpo"},"content":{"rendered":"<blockquote>\n<p style=\"text-align: justify;\">La apertura del tradicional evento deportivo de los exportadores se inici\u00f3 con el saque de honor del ministro de Industria y Comercio, V\u00edctor (Ito) Bison\u00f3.<\/p>\n<\/blockquote>\n<p style=\"text-align: justify;\">Hig\u00fcey, La Altagracia.- Unos 120 jugadores compitieron con entusiasmo el pasado fin de semana en los Corales Golf Course, en Punta Cana, para lograr las mejores jugadas en la d\u00e9cimo novena edici\u00f3n del Torneo de Golf Adoexpo, organizado por la Asociaci\u00f3n Dominicana de Exportadores (Adoexpo).<\/p>\n<p style=\"text-align: justify;\"><img decoding=\"async\" class=\"size-medium wp-image-20274 alignleft lazyload\" data-src=\"https:\/\/defrentealaverdad.com\/wp-content\/uploads\/2024\/07\/IMG-20240708-WA0164-300x200.jpg\" alt=\"\" width=\"300\" height=\"200\" data-srcset=\"https:\/\/defrentealaverdad.com\/wp-content\/uploads\/2024\/07\/IMG-20240708-WA0164-300x200.jpg 300w, https:\/\/defrentealaverdad.com\/wp-content\/uploads\/2024\/07\/IMG-20240708-WA0164-1024x682.jpg 1024w, https:\/\/defrentealaverdad.com\/wp-content\/uploads\/2024\/07\/IMG-20240708-WA0164-768x512.jpg 768w, https:\/\/defrentealaverdad.com\/wp-content\/uploads\/2024\/07\/IMG-20240708-WA0164.jpg 1280w\" data-sizes=\"(max-width: 300px) 100vw, 300px\" src=\"data:image\/svg+xml;base64,PHN2ZyB3aWR0aD0iMSIgaGVpZ2h0PSIxIiB4bWxucz0iaHR0cDovL3d3dy53My5vcmcvMjAwMC9zdmciPjwvc3ZnPg==\" style=\"--smush-placeholder-width: 300px; --smush-placeholder-aspect-ratio: 300\/200;\" \/><\/p>\n<p style=\"text-align: justify;\">El tradicional evento inici\u00f3 con las palabras del presidente de Adoexpo, Karel Castillo; del director de Golf de Grupo Puntacana, Hiram Silfa; y con el saque de honor a cargo del ministro de Industria, Comercio y MiPymes, V\u00edctor (Ito) Bison\u00f3.<\/p>\n<p style=\"text-align: justify;\">\n<p style=\"text-align: justify;\">Tambi\u00e9n estuvieron presentes en la apertura del torneo Jean Luis Rodr\u00edguez, director ejecutivo de la Autoridad Portuaria Dominicana (Apordom) y Rafael Santos Bad\u00eda, director general del Instituto Nacional de Formaci\u00f3n T\u00e9cnico Profesional (Infotep).<\/p>\n<p style=\"text-align: justify;\">Castillo resalt\u00f3 que el torneo no solo es un encuentro ameno entre colegas, es una celebraci\u00f3n del compromiso con la excelencia del sector exportador y una muestra de su unidad y determinaci\u00f3n.<\/p>\n<p style=\"text-align: justify;\">Este a\u00f1o, los golfistas rivalizan en el formato scramble en parejas, con el 25% del h\u00e1ndicap, en las tres categor\u00edas \u201cA\u201d, \u201cB\u201d y \u201cC\u201d.<\/p>\n<p style=\"text-align: justify;\"><strong>Resultados por categor\u00eda<\/strong><\/p>\n<p style=\"text-align: justify;\">El equipo integrado por Carlos Castillo y Carlos Castillo junio logr\u00f3 el mejor \u201cscore gross overall\u201d. La entrega de este premio principal estuvo a cargo de Biviana Riveiro, directora ejecutiva de ProDominicana, junto a Castillo y Roselyn Amaro Berg\u00e9s, vicepresidente ejecutiva de Adoexpo.<\/p>\n<p style=\"text-align: justify;\">En la categor\u00eda \u201cA\u201d se destacaron las parejas Rafael P\u00e9rez y Luis Escol\u00e1stico, con el primer lugar neto; Enrique Rodr\u00edguez y Mario Savi\u00f1\u00f3n, en el segundo, y Julio Ure\u00f1a y Samuel Holgu\u00edn, en tercero.<\/p>\n<p style=\"text-align: justify;\">Mientras que los ganadores en la categor\u00eda \u201cB\u201d fueron las parejas de jugadores integradas por Fausto Conde y Ra\u00fal Parra, con el primer lugar neto; Pablo de la Rosa y Juan Carlos Garc\u00eda, en segundo, y Rafael N\u00fa\u00f1ez y Jos\u00e9 Calder\u00edn, tercero.<\/p>\n<p style=\"text-align: justify;\">Los d\u00faos con la participaci\u00f3n m\u00e1s sobresalientes en la categor\u00eda \u201cC\u201d fueron Jonathan Ru\u00edz y Manuel Mesa, con el primer lugar neto; Enmanuel Rom\u00e1n y Alan Est\u00e9vez, segundo, y Edgar del Toro y Jos\u00e9 Juan Noboa, con el tercero.<\/p>\n<p style=\"text-align: justify;\">El cierre y premiaci\u00f3n de la justa deportiva estuvo encabezado por F\u00e9lix Olivo, de la empresa Medios Fiebre de Golf, responsable del montaje y direcci\u00f3n general del torneo, con intervenciones de Amaro Berg\u00e9s y Jos\u00e9 Mella, miembro de la junta directiva de Adoexpo y del comit\u00e9 organizador del torneo.<\/p>\n<p style=\"text-align: justify;\"><strong>Novedades del torneo<\/strong><\/p>\n<p style=\"text-align: justify;\">Por primera vez, los jugadores e invitados asistieron a un coctel de bienvenida celebrado la noche anterior a la competici\u00f3n, en Playa Blanca. Este evento inaugural ofreci\u00f3 a los participantes la oportunidad de compartir en un ambiente relajado antes del inicio oficial de las actividades deportivas.<\/p>\n<p style=\"text-align: justify;\">Otra novedad del evento fue el \u201cShotgun Mujeres\u201d un espacio para mujeres donde tuvieron la oportunidad de disfrutar en un ambiente agradable de ponencias y experiencias de moda y belleza.<\/p>\n<p>&nbsp;<\/p>\n<p style=\"text-align: justify;\">Fuente: Enver L\u00f3pez Milander<\/p>\n","protected":false},"excerpt":{"rendered":"<p>La apertura del tradicional evento deportivo de los exportadores se inici\u00f3 con el saque de<\/p>\n","protected":false},"author":4,"featured_media":0,"comment_status":"open","ping_status":"open","sticky":false,"template":"","format":"standard","meta":{"footnotes":""},"categories":[7],"tags":[],"class_list":["post-20273","post","type-post","status-publish","format-standard","hentry","category-nacionales"],"_links":{"self":[{"href":"https:\/\/defrentealaverdad.com\/index.php\/wp-json\/wp\/v2\/posts\/20273","targetHints":{"allow":["GET"]}}],"collection":[{"href":"https:\/\/defrentealaverdad.com\/index.php\/wp-json\/wp\/v2\/posts"}],"about":[{"href":"https:\/\/defrentealaverdad.com\/index.php\/wp-json\/wp\/v2\/types\/post"}],"author":[{"embeddable":true,"href":"https:\/\/defrentealaverdad.com\/index.php\/wp-json\/wp\/v2\/users\/4"}],"replies":[{"embeddable":true,"href":"https:\/\/defrentealaverdad.com\/index.php\/wp-json\/wp\/v2\/comments?post=20273"}],"version-history":[{"count":1,"href":"https:\/\/defrentealaverdad.com\/index.php\/wp-json\/wp\/v2\/posts\/20273\/revisions"}],"predecessor-version":[{"id":20275,"href":"https:\/\/defrentealaverdad.com\/index.php\/wp-json\/wp\/v2\/posts\/20273\/revisions\/20275"}],"wp:attachment":[{"href":"https:\/\/defrentealaverdad.com\/index.php\/wp-json\/wp\/v2\/media?parent=20273"}],"wp:term":[{"taxonomy":"category","embeddable":true,"href":"https:\/\/defrentealaverdad.com\/index.php\/wp-json\/wp\/v2\/categories?post=20273"},{"taxonomy":"post_tag","embeddable":true,"href":"https:\/\/defrentealaverdad.com\/index.php\/wp-json\/wp\/v2\/tags?post=20273"}],"curies":[{"name":"wp","href":"https:\/\/api.w.org\/{rel}","templated":true}]}}