{"id":2027,"date":"2022-11-03T18:43:19","date_gmt":"2022-11-03T18:43:19","guid":{"rendered":"https:\/\/defrentealaverdad.com\/?p=2027"},"modified":"2022-11-03T18:46:19","modified_gmt":"2022-11-03T18:46:19","slug":"v-app-de-nosotras-busca-empoderar-a-las-mujeres-a-tener-el-control-sobre-su-ciclo-menstrual","status":"publish","type":"post","link":"https:\/\/defrentealaverdad.com\/index.php\/2022\/11\/03\/v-app-de-nosotras-busca-empoderar-a-las-mujeres-a-tener-el-control-sobre-su-ciclo-menstrual\/","title":{"rendered":"V App de Nosotras busca empoderar a las mujeres a tener el control sobre su ciclo menstrual"},"content":{"rendered":"<p><img decoding=\"async\" class=\"size-medium wp-image-2028 lazyload\" data-src=\"https:\/\/defrentealaverdad.com\/wp-content\/uploads\/2022\/11\/Nosotras-V-App-1-300x200.jpg\" alt=\"\" width=\"300\" height=\"200\" data-srcset=\"https:\/\/defrentealaverdad.com\/wp-content\/uploads\/2022\/11\/Nosotras-V-App-1-300x200.jpg 300w, https:\/\/defrentealaverdad.com\/wp-content\/uploads\/2022\/11\/Nosotras-V-App-1-1024x683.jpg 1024w\" data-sizes=\"(max-width: 300px) 100vw, 300px\" src=\"data:image\/svg+xml;base64,PHN2ZyB3aWR0aD0iMSIgaGVpZ2h0PSIxIiB4bWxucz0iaHR0cDovL3d3dy53My5vcmcvMjAwMC9zdmciPjwvc3ZnPg==\" style=\"--smush-placeholder-width: 300px; --smush-placeholder-aspect-ratio: 300\/200;\" \/><\/p>\n<ul>\n<li style=\"text-align: justify;\"><em>La Organizaci\u00f3n Mundial de la Salud (OMS) llama a reconocer, enmarcar y dirigir la menstruaci\u00f3n como un asunto de salud y derechos humanos, y dejar de considerarla solamente un asunto de higiene. <\/em><\/li>\n<\/ul>\n<p>&nbsp;<\/p>\n<ul>\n<li style=\"text-align: justify;\"><em>En este contexto la marca Nosotras a trav\u00e9s de la nueva V-App busca empoderar a las mujeres para que tengan el control de su ciclo menstrual y un mayor conocimiento de su cuerpo con el fin de seguir normalizando la menstruaci\u00f3n<\/em><em>.<\/em><\/li>\n<\/ul>\n<p style=\"text-align: justify;\"><em>\u00a0<\/em><\/p>\n<p style=\"text-align: justify;\">A pesar de los avances que ha tenido nuestra sociedad en materia de reconocimiento y dignidad de la mujer, hablar de la menstruaci\u00f3n todav\u00eda se considera como un tema tab\u00fa, el cual -para algunas personas- cuesta trabajo hablar en p\u00fablico y que adicionalmente se tiene la creencia que es un asunto que solamente les compete a las mujeres como parte de su intimidad.<\/p>\n<p style=\"text-align: justify;\">La menstruaci\u00f3n tambi\u00e9n es entendida como un paso en el proceso de desarrollo de ni\u00f1a a mujer, un cambio de estatus, una se\u00f1al de inicio de la fertilidad y de la posibilidad de las adolescentes de ser madres, situaci\u00f3n que genera ansiedad y miedo al interior de las familias, lo cual complejiza el abordaje de dudas e interrogantes que se pueden tener a ra\u00edz de los cambios presentes.<\/p>\n<p style=\"text-align: justify;\">En este sentido, la marca Nosotras\u00ae, reconocida por ser experta en el cuidado de la zona \u00edntima de las mujeres, viene desarrollando estrategias que ayudan a la superaci\u00f3n de las barreras estructurales en pro del bienestar. Por ello, presenta la aplicaci\u00f3n digital Nosotras V App, que brinda facilidades de acceso a la informaci\u00f3n, abre espacios de consulta directa con especialistas de psicolog\u00eda y ginecolog\u00eda para la soluci\u00f3n de dudas, a su vez gu\u00eda a las usuarias de manera proactiva y cercana, convirti\u00e9ndose en una aliada permanente durante el d\u00eda a d\u00eda de las mujeres.<\/p>\n<p style=\"text-align: justify;\"><em>\u201cCon esta app queremos estar cerca de ellas, de su feminidad, de sus ciclos y sus cambios. Queremos contribuir a romper estas barreras culturales por el desconocimiento y la desinformaci\u00f3n, con el objetivo de ayudar a las mujeres a entender y tener una buena relaci\u00f3n con todos sus ciclos y cambios en su cuerpo. Este desarrollo se construy\u00f3 en conjunto con usuarias de Latinoam\u00e9rica, para que la app se convierta en una amiga digital que escucha, orienta, aconseja, ense\u00f1a, apoya y que est\u00e1 presente en todo momento.\u201d <\/em>Afirm\u00f3 Nicole F\u00e9liz Bernard, Coordinadora de la marca Nosotras\u00ae.<\/p>\n<p style=\"text-align: justify;\">Esta herramienta gratuita ayudar\u00e1 a empoderar a la mujer y qu\u00e9 esta tenga un mayor control sobre su ciclo menstrual. As\u00ed mismo contribuye a romper el silencio y el estigma con el que hist\u00f3ricamente se aborda el tema, de esta manera se podr\u00e1n consolidar espacios seguros que normalicen el ciclo natural de la vida de las mujeres.<\/p>\n<p style=\"text-align: justify;\">El acompa\u00f1amiento permanente vinculado al acceso a informaci\u00f3n oportuna, respaldada por profesionales son la base de la aplicaci\u00f3n, con la cual la marca busca brindar herramientas concretas, contribuyendo en la construcci\u00f3n de una sana relaci\u00f3n de las mujeres con las diferentes etapas de su vida y de esta manera seguir impactando positivamente en virtud del bienestar.<\/p>\n<p style=\"text-align: justify;\">La aplicaci\u00f3n est\u00e1 disponible en cualquiera de los sistemas operativos Apple o Android, para acompa\u00f1ar a las mujeres en todas las etapas de vida de la mujer, desde la primera menstruaci\u00f3n hasta la transici\u00f3n a la menopausia.<\/p>\n<p style=\"text-align: justify;\"><strong>Sobre Essity:<\/strong><\/p>\n<p style=\"text-align: justify;\">Essity es una compa\u00f1\u00eda l\u00edder en el mercado global del sector de higiene y salud dedicada a mejorar el bienestar a trav\u00e9s de sus productos y servicios. Los productos de Essity se venden aproximadamente en 150 pa\u00edses bajo las marcas globales TENA\u00ae y Tork\u00ae, la marca local Colhogar\u00ae y otras marcas importantes como Actimove\u00ae, JOBST\u00ae, Leukoplast\u00ae, Libero\u00ae, Libresse\u00ae, Lotus\u00ae, Nosotras\u00ae, Saba\u00ae, Tempo\u00ae, TOM Organic\u00ae, Vinda\u00ae y Zewa\u00ae. Essity cuenta con unos 46 000 empleados. Las ventas netas de 2021 ascendieron aproximadamente a 122 000 millones de coronas suecas (12 000 millones de euros). Su sede se encuentra en Estocolmo (Suecia) y cotiza en el mercado de valores Nasdaq de Estocolmo. Essity rompe barreras por el bienestar y contribuye con una sociedad saludable, sostenible y circular. M\u00e1s informaci\u00f3n en <a href=\"http:\/\/www.essity.com\">www.essity.com<\/a><\/p>\n<p style=\"text-align: justify;\"><strong>CONTACTOS CON LOS MEDIOS<\/strong><\/p>\n<p style=\"text-align: justify;\">Laura Minyetty (<a href=\"mailto:lminyetty@beltcom.com\">lminyetty@beltcom.com)<\/a><\/p>\n<p style=\"text-align: justify;\"><strong>\u00a0<\/strong><\/p>\n","protected":false},"excerpt":{"rendered":"<p>La Organizaci\u00f3n Mundial de la Salud (OMS) llama a reconocer, enmarcar y dirigir la menstruaci\u00f3n<\/p>\n","protected":false},"author":2,"featured_media":0,"comment_status":"open","ping_status":"open","sticky":false,"template":"","format":"standard","meta":{"footnotes":""},"categories":[7],"tags":[],"class_list":["post-2027","post","type-post","status-publish","format-standard","hentry","category-nacionales"],"_links":{"self":[{"href":"https:\/\/defrentealaverdad.com\/index.php\/wp-json\/wp\/v2\/posts\/2027","targetHints":{"allow":["GET"]}}],"collection":[{"href":"https:\/\/defrentealaverdad.com\/index.php\/wp-json\/wp\/v2\/posts"}],"about":[{"href":"https:\/\/defrentealaverdad.com\/index.php\/wp-json\/wp\/v2\/types\/post"}],"author":[{"embeddable":true,"href":"https:\/\/defrentealaverdad.com\/index.php\/wp-json\/wp\/v2\/users\/2"}],"replies":[{"embeddable":true,"href":"https:\/\/defrentealaverdad.com\/index.php\/wp-json\/wp\/v2\/comments?post=2027"}],"version-history":[{"count":6,"href":"https:\/\/defrentealaverdad.com\/index.php\/wp-json\/wp\/v2\/posts\/2027\/revisions"}],"predecessor-version":[{"id":2035,"href":"https:\/\/defrentealaverdad.com\/index.php\/wp-json\/wp\/v2\/posts\/2027\/revisions\/2035"}],"wp:attachment":[{"href":"https:\/\/defrentealaverdad.com\/index.php\/wp-json\/wp\/v2\/media?parent=2027"}],"wp:term":[{"taxonomy":"category","embeddable":true,"href":"https:\/\/defrentealaverdad.com\/index.php\/wp-json\/wp\/v2\/categories?post=2027"},{"taxonomy":"post_tag","embeddable":true,"href":"https:\/\/defrentealaverdad.com\/index.php\/wp-json\/wp\/v2\/tags?post=2027"}],"curies":[{"name":"wp","href":"https:\/\/api.w.org\/{rel}","templated":true}]}}