{"id":20267,"date":"2024-07-12T22:09:02","date_gmt":"2024-07-12T22:09:02","guid":{"rendered":"https:\/\/defrentealaverdad.com\/?p=20267"},"modified":"2024-07-12T22:10:29","modified_gmt":"2024-07-12T22:10:29","slug":"la-apb-celebro-exitosamente-la-5ta-edicion-del-foro-mercado-de-valores","status":"publish","type":"post","link":"https:\/\/defrentealaverdad.com\/index.php\/2024\/07\/12\/la-apb-celebro-exitosamente-la-5ta-edicion-del-foro-mercado-de-valores\/","title":{"rendered":"La APB celebr\u00f3 exitosamente la 5ta edici\u00f3n del Foro Mercado de Valores"},"content":{"rendered":"<p><img decoding=\"async\" class=\"size-medium wp-image-20268 alignleft lazyload\" data-src=\"https:\/\/defrentealaverdad.com\/wp-content\/uploads\/2024\/07\/IMG-20240712-WA0164-300x200.jpg\" alt=\"\" width=\"300\" height=\"200\" data-srcset=\"https:\/\/defrentealaverdad.com\/wp-content\/uploads\/2024\/07\/IMG-20240712-WA0164-300x200.jpg 300w, https:\/\/defrentealaverdad.com\/wp-content\/uploads\/2024\/07\/IMG-20240712-WA0164-1024x682.jpg 1024w, https:\/\/defrentealaverdad.com\/wp-content\/uploads\/2024\/07\/IMG-20240712-WA0164-768x511.jpg 768w, https:\/\/defrentealaverdad.com\/wp-content\/uploads\/2024\/07\/IMG-20240712-WA0164.jpg 1280w\" data-sizes=\"(max-width: 300px) 100vw, 300px\" src=\"data:image\/svg+xml;base64,PHN2ZyB3aWR0aD0iMSIgaGVpZ2h0PSIxIiB4bWxucz0iaHR0cDovL3d3dy53My5vcmcvMjAwMC9zdmciPjwvc3ZnPg==\" style=\"--smush-placeholder-width: 300px; --smush-placeholder-aspect-ratio: 300\/200;\" \/>Santo Domingo, Rep\u00fablica Dominicana &#8211; La Asociaci\u00f3n de Puestos de Bolsa de la Rep\u00fablica Dominicana (APB) llev\u00f3 a cabo con gran \u00e9xito la 5ta edici\u00f3n del Foro Mercado de Valores (FMV), un evento que se ha consolidado como uno de los referentes m\u00e1s importantes del sector financiero en el pa\u00eds.<\/p>\n<p style=\"text-align: justify;\">La jornada, que se desarroll\u00f3 este 11 de julio en el Hotel El Embajador, cont\u00f3 con la participaci\u00f3n de destacados expertos y representantes del mercado de valores dominicano e internacional a casa llena.<\/p>\n<p style=\"text-align: justify;\">El evento estuvo marcado por la conferencia magistral del reconocido analista financiero Marc Vidal, quien bajo el t\u00edtulo \u00abUnboxing the Future\u00bb explor\u00f3 las tendencias futuras, el impacto de la ciberseguridad en la sociedad, la econom\u00eda y los negocios, y la importancia de la adaptaci\u00f3n humana para aprovechar al m\u00e1ximo los beneficios de la tecnolog\u00eda mientras se buscan alternativas a los posibles inconvenientes. Seg\u00fan Vidal, <em>\u00ablas innovaciones no necesariamente significan mejoras, sin embargo, la tecnolog\u00eda debe estar a nuestro servicio y aportar valor real\u00bb.<\/em><\/p>\n<p style=\"text-align: justify;\">As\u00ed como tambi\u00e9n, se presenciaron panelistas en el marco de la ciberseguridad y mercado de valores: Yudit Maria \/ Modern Workplace &amp; Security Solution Specialist en Microsoft. Cesar Novo \/ CISA, CISM, CG.<img decoding=\"async\" class=\"size-medium wp-image-20269 alignright lazyload\" data-src=\"https:\/\/defrentealaverdad.com\/wp-content\/uploads\/2024\/07\/IMG-20240712-WA0165-300x169.jpg\" alt=\"\" width=\"300\" height=\"169\" data-srcset=\"https:\/\/defrentealaverdad.com\/wp-content\/uploads\/2024\/07\/IMG-20240712-WA0165-300x169.jpg 300w, https:\/\/defrentealaverdad.com\/wp-content\/uploads\/2024\/07\/IMG-20240712-WA0165-1024x576.jpg 1024w, https:\/\/defrentealaverdad.com\/wp-content\/uploads\/2024\/07\/IMG-20240712-WA0165-768x432.jpg 768w, https:\/\/defrentealaverdad.com\/wp-content\/uploads\/2024\/07\/IMG-20240712-WA0165-800x450.jpg 800w, https:\/\/defrentealaverdad.com\/wp-content\/uploads\/2024\/07\/IMG-20240712-WA0165.jpg 1280w\" data-sizes=\"(max-width: 300px) 100vw, 300px\" src=\"data:image\/svg+xml;base64,PHN2ZyB3aWR0aD0iMSIgaGVpZ2h0PSIxIiB4bWxucz0iaHR0cDovL3d3dy53My5vcmcvMjAwMC9zdmciPjwvc3ZnPg==\" style=\"--smush-placeholder-width: 300px; --smush-placeholder-aspect-ratio: 300\/169;\" \/><\/p>\n<p style=\"text-align: justify;\">Subcontralor de Sistemas en el Banco Central de la Rep\u00fablica Dominicana. Perla Fern\u00e1ndez \/ Directora de Seguridad de la Informaci\u00f3n de CEVALDOM.<\/p>\n<p style=\"text-align: justify;\">El FMV reuni\u00f3 a los actores m\u00e1s relevantes del sector y ofreci\u00f3 contenido de alto valor, consolid\u00e1ndose como un espacio fundamental para el intercambio de conocimientos y el fortalecimiento del mercado de valores en la Rep\u00fablica Dominicana.<\/p>\n<p style=\"text-align: justify;\">La APB reafirm\u00f3 su compromiso con el desarrollo y la transparencia del mercado burs\u00e1til dominicano, y anunci\u00f3 que continuar\u00e1 organizando eventos de este tipo para promover la educaci\u00f3n financiera y fomentar la inversi\u00f3n en el pa\u00eds.<\/p>\n<blockquote>\n<p style=\"text-align: justify;\">\u201cEl mercado de valores dominicano ha experimentado un crecimiento significativo, con una tasa promedio anual de 26%, lo que implica que los valores transados se duplican cada tres a\u00f1os. En el \u00faltimo a\u00f1o, dos empresas realizaron emisiones p\u00fablicas de acciones, marcando un hito importante para el mercado de valores dominicano como un mecanismo de financiamiento y un motor para el desarrollo del sector privado\u201d, afirm\u00f3 Mario A. Franco, Director Ejecutivo de la APB.<\/p>\n<\/blockquote>\n<p>Fuente: APB<\/p>\n","protected":false},"excerpt":{"rendered":"<p>Santo Domingo, Rep\u00fablica Dominicana &#8211; La Asociaci\u00f3n de Puestos de Bolsa de la Rep\u00fablica Dominicana<\/p>\n","protected":false},"author":2,"featured_media":0,"comment_status":"open","ping_status":"open","sticky":false,"template":"","format":"standard","meta":{"footnotes":""},"categories":[2,7],"tags":[],"class_list":["post-20267","post","type-post","status-publish","format-standard","hentry","category-economicas","category-nacionales"],"_links":{"self":[{"href":"https:\/\/defrentealaverdad.com\/index.php\/wp-json\/wp\/v2\/posts\/20267","targetHints":{"allow":["GET"]}}],"collection":[{"href":"https:\/\/defrentealaverdad.com\/index.php\/wp-json\/wp\/v2\/posts"}],"about":[{"href":"https:\/\/defrentealaverdad.com\/index.php\/wp-json\/wp\/v2\/types\/post"}],"author":[{"embeddable":true,"href":"https:\/\/defrentealaverdad.com\/index.php\/wp-json\/wp\/v2\/users\/2"}],"replies":[{"embeddable":true,"href":"https:\/\/defrentealaverdad.com\/index.php\/wp-json\/wp\/v2\/comments?post=20267"}],"version-history":[{"count":1,"href":"https:\/\/defrentealaverdad.com\/index.php\/wp-json\/wp\/v2\/posts\/20267\/revisions"}],"predecessor-version":[{"id":20270,"href":"https:\/\/defrentealaverdad.com\/index.php\/wp-json\/wp\/v2\/posts\/20267\/revisions\/20270"}],"wp:attachment":[{"href":"https:\/\/defrentealaverdad.com\/index.php\/wp-json\/wp\/v2\/media?parent=20267"}],"wp:term":[{"taxonomy":"category","embeddable":true,"href":"https:\/\/defrentealaverdad.com\/index.php\/wp-json\/wp\/v2\/categories?post=20267"},{"taxonomy":"post_tag","embeddable":true,"href":"https:\/\/defrentealaverdad.com\/index.php\/wp-json\/wp\/v2\/tags?post=20267"}],"curies":[{"name":"wp","href":"https:\/\/api.w.org\/{rel}","templated":true}]}}