{"id":20229,"date":"2024-07-10T14:44:16","date_gmt":"2024-07-10T14:44:16","guid":{"rendered":"https:\/\/defrentealaverdad.com\/?p=20229"},"modified":"2024-07-12T14:46:06","modified_gmt":"2024-07-12T14:46:06","slug":"comision-de-fodearte-sostiene-reunion-con-la-direccion-del-dema","status":"publish","type":"post","link":"https:\/\/defrentealaverdad.com\/index.php\/2024\/07\/10\/comision-de-fodearte-sostiene-reunion-con-la-direccion-del-dema\/","title":{"rendered":"Comisi\u00f3n de FODEARTE sostiene reuni\u00f3n con la direcci\u00f3n del DEMA"},"content":{"rendered":"<p><img decoding=\"async\" class=\"size-medium wp-image-20230 alignright lazyload\" data-src=\"https:\/\/defrentealaverdad.com\/wp-content\/uploads\/2024\/07\/IMG-20240708-WA0139-300x169.jpg\" alt=\"\" width=\"300\" height=\"169\" data-srcset=\"https:\/\/defrentealaverdad.com\/wp-content\/uploads\/2024\/07\/IMG-20240708-WA0139-300x169.jpg 300w, https:\/\/defrentealaverdad.com\/wp-content\/uploads\/2024\/07\/IMG-20240708-WA0139-1024x576.jpg 1024w, https:\/\/defrentealaverdad.com\/wp-content\/uploads\/2024\/07\/IMG-20240708-WA0139-768x432.jpg 768w, https:\/\/defrentealaverdad.com\/wp-content\/uploads\/2024\/07\/IMG-20240708-WA0139-800x450.jpg 800w, https:\/\/defrentealaverdad.com\/wp-content\/uploads\/2024\/07\/IMG-20240708-WA0139.jpg 1280w\" data-sizes=\"(max-width: 300px) 100vw, 300px\" src=\"data:image\/svg+xml;base64,PHN2ZyB3aWR0aD0iMSIgaGVpZ2h0PSIxIiB4bWxucz0iaHR0cDovL3d3dy53My5vcmcvMjAwMC9zdmciPjwvc3ZnPg==\" style=\"--smush-placeholder-width: 300px; --smush-placeholder-aspect-ratio: 300\/169;\" \/><\/p>\n<p style=\"text-align: justify;\">Santo Domingo. El director nacional de Fomento y desarrollo de la Artesania(Fodearte) y el director de Educaci\u00f3n de la Modalidad de Artes (DEMA), encabezaron un encuentro con parte del personal t\u00e9cnico de ambas instituciones con el objetivo de firmar un acuerdo que vaya en beneficio de ambos sectores.<\/p>\n<p style=\"text-align: justify;\">De su lado el director de Fodearte, Ramon Guill\u00e9n, se comprometio inicialmente de poner al servicio todo el personal t\u00e9cnico docente, tanto de la institucion, como de los artesanos de todo el pais para que puedan coayudar con sus conocimientos al desarrollo de la educacion en la modalidad de artes en los centros educativos que sean necesario.<\/p>\n<p style=\"text-align: justify;\">Tambien manifesto Guill\u00e9n que dentro de los artesanos hay una gran cantidad que estan preparados en diferentes areas del saber que pueden jugar un papel muy importante en esta modalidad..<\/p>\n<p style=\"text-align: justify;\">En tanto que el director de Educaci\u00f3n Modalidad en Artes , Gelson Navarro, mostro todo su empe\u00f1o en poder contar con estos profesionales del arte y gestores culturales para que asi puedan aplicar sus conocimientos y permanezca viva la cultura a traves de la artesania.<\/p>\n<p style=\"text-align: justify;\">Navarro aseguro que este acuerdo interinstitucional que en lo adelante se firmara dara un paso de avance para cumplir con los prop\u00f3sitos que la Modalidad de Artes se ha comprometido con la naci\u00f3n Dominicana.<\/p>\n<p style=\"text-align: justify;\">Tanto Navarro como Guill\u00e9n conicidieron en que este tipo de alianza extrategica constribuyen a preparar los sustitutos de la clase artesanal Dominicana, ya que esto una vez graduados obtendran las herramientas necesarias para formal emprendiento por medio de la creaci\u00f3n de micro y peque\u00f1as empresas.<\/p>\n<p style=\"text-align: justify;\">En la reuni\u00f3n participaron los directores de Fodearte y del DEMA, Ramon Guill\u00e9n y Gelson Navarro , respectivamente.Yeudy Tibrey, coordinadora de proyectos, Jhohanna Poche, coordinadora de pedagogia, Juan Carlos Castillo, tecnico Administrativo de la Mencion, Creaci\u00f3n y producci\u00f3n Artesanal, Samuel Puello, Tecnico Docente de la Menci\u00f3n , Creacion y Produccion Artesanal en Ceramica, Joyeria y Bisuteria, Jovanka Rodriguez , T\u00e9cnico Docente en la Unidad de Gesti\u00f3n Institucional y por Fodearte Willy Hernandez, encargado de promocion y desarrollo, y los el se\u00f1or Martires Montero , Gestor Cultural y Marino Manzueta, Gestor Cultural y Dirigente Comunitario.<\/p>\n<p>Fuente: Prensa FONDEARTE<\/p>\n","protected":false},"excerpt":{"rendered":"<p>Santo Domingo. El director nacional de Fomento y desarrollo de la Artesania(Fodearte) y el director<\/p>\n","protected":false},"author":2,"featured_media":0,"comment_status":"open","ping_status":"open","sticky":false,"template":"","format":"standard","meta":{"footnotes":""},"categories":[7],"tags":[],"class_list":["post-20229","post","type-post","status-publish","format-standard","hentry","category-nacionales"],"_links":{"self":[{"href":"https:\/\/defrentealaverdad.com\/index.php\/wp-json\/wp\/v2\/posts\/20229","targetHints":{"allow":["GET"]}}],"collection":[{"href":"https:\/\/defrentealaverdad.com\/index.php\/wp-json\/wp\/v2\/posts"}],"about":[{"href":"https:\/\/defrentealaverdad.com\/index.php\/wp-json\/wp\/v2\/types\/post"}],"author":[{"embeddable":true,"href":"https:\/\/defrentealaverdad.com\/index.php\/wp-json\/wp\/v2\/users\/2"}],"replies":[{"embeddable":true,"href":"https:\/\/defrentealaverdad.com\/index.php\/wp-json\/wp\/v2\/comments?post=20229"}],"version-history":[{"count":1,"href":"https:\/\/defrentealaverdad.com\/index.php\/wp-json\/wp\/v2\/posts\/20229\/revisions"}],"predecessor-version":[{"id":20231,"href":"https:\/\/defrentealaverdad.com\/index.php\/wp-json\/wp\/v2\/posts\/20229\/revisions\/20231"}],"wp:attachment":[{"href":"https:\/\/defrentealaverdad.com\/index.php\/wp-json\/wp\/v2\/media?parent=20229"}],"wp:term":[{"taxonomy":"category","embeddable":true,"href":"https:\/\/defrentealaverdad.com\/index.php\/wp-json\/wp\/v2\/categories?post=20229"},{"taxonomy":"post_tag","embeddable":true,"href":"https:\/\/defrentealaverdad.com\/index.php\/wp-json\/wp\/v2\/tags?post=20229"}],"curies":[{"name":"wp","href":"https:\/\/api.w.org\/{rel}","templated":true}]}}