{"id":20202,"date":"2024-07-10T02:59:00","date_gmt":"2024-07-10T02:59:00","guid":{"rendered":"https:\/\/defrentealaverdad.com\/?p=20202"},"modified":"2024-07-12T03:01:35","modified_gmt":"2024-07-12T03:01:35","slug":"llega-al-teatro-la-verdad-una-comedia-sobre-la-mentira","status":"publish","type":"post","link":"https:\/\/defrentealaverdad.com\/index.php\/2024\/07\/10\/llega-al-teatro-la-verdad-una-comedia-sobre-la-mentira\/","title":{"rendered":"Llega al teatro \u201cLa verdad\u201d una comedia sobre la mentira"},"content":{"rendered":"<blockquote>\n<p style=\"text-align: justify;\">La obra de teatro del aclamado dramaturgo franc\u00e9s y ganador del Oscar, Florian Zeller, marca el reencuentro de Nashla Bogaert y Hony Estrella en las tablas, acompa\u00f1adas por un elenco de primer nivel encabezado por Frank Perozo y David Maler<\/p>\n<\/blockquote>\n<p style=\"text-align: justify;\">Santo Domingo.- La mentira se apodera del <img decoding=\"async\" class=\"size-medium wp-image-20203 alignleft lazyload\" data-src=\"https:\/\/defrentealaverdad.com\/wp-content\/uploads\/2024\/07\/IMG-20240708-WA0064-300x300.jpg\" alt=\"\" width=\"300\" height=\"300\" data-srcset=\"https:\/\/defrentealaverdad.com\/wp-content\/uploads\/2024\/07\/IMG-20240708-WA0064-300x300.jpg 300w, https:\/\/defrentealaverdad.com\/wp-content\/uploads\/2024\/07\/IMG-20240708-WA0064-1024x1024.jpg 1024w, https:\/\/defrentealaverdad.com\/wp-content\/uploads\/2024\/07\/IMG-20240708-WA0064-150x150.jpg 150w, https:\/\/defrentealaverdad.com\/wp-content\/uploads\/2024\/07\/IMG-20240708-WA0064-768x768.jpg 768w, https:\/\/defrentealaverdad.com\/wp-content\/uploads\/2024\/07\/IMG-20240708-WA0064-1536x1536.jpg 1536w, https:\/\/defrentealaverdad.com\/wp-content\/uploads\/2024\/07\/IMG-20240708-WA0064.jpg 1599w\" data-sizes=\"(max-width: 300px) 100vw, 300px\" src=\"data:image\/svg+xml;base64,PHN2ZyB3aWR0aD0iMSIgaGVpZ2h0PSIxIiB4bWxucz0iaHR0cDovL3d3dy53My5vcmcvMjAwMC9zdmciPjwvc3ZnPg==\" style=\"--smush-placeholder-width: 300px; --smush-placeholder-aspect-ratio: 300\/300;\" \/> teatro con \u201cLa verdad\u201d, una comedia sobre la infidelidad y las relaciones de pareja protagonizada por los reconocidos actores Nashla Bogaert, Hony Estrella, Frank Perozo y David Maler. La obra ser\u00e1 dirigida por Pepe Sierra y producida por Jos\u00e9 Ram\u00f3n Alama, siendo la primera incursi\u00f3n de Bougroup en el teatro, ampliando su consolidado sello de entretenimiento a nuevas formas de expresi\u00f3n art\u00edstica.<\/p>\n<p style=\"text-align: justify;\">Esta puesta esc\u00e9nica es del aclamado dramaturgo franc\u00e9s y ganador del Oscar, Florian Zeller. La pieza es un intrigante juego de mentiras donde cuatro personajes manipulan, enga\u00f1an y tuercen la verdad a su conveniencia.<\/p>\n<p style=\"text-align: justify;\">Miguel es un mentiroso compulsivo rodeado de amigos y familiares que tambi\u00e9n le mienten. Su esposa, Laura, sospecha que le es infiel, desde esa sospecha, las mentiras se convierten en su forma de resolverlo todo; despu\u00e9s de numerosos intentos por ocultar la verdad, Miguel convence a su amante de que la mentira es la \u00fanica manera de mantener las relaciones y que sin ella, el amor, el matrimonio, la felicidad y la convivencia ser\u00edan imposibles. Pero \u00bfrealmente conoce Miguel la \u2018verdad\u2019 en la que vive, o est\u00e1 envuelto en una mentira que \u00e9l mismo ignora?<\/p>\n<p><img decoding=\"async\" class=\"size-medium wp-image-20203 alignright lazyload\" data-src=\"https:\/\/defrentealaverdad.com\/wp-content\/uploads\/2024\/07\/IMG-20240708-WA0064-300x300.jpg\" alt=\"\" width=\"300\" height=\"300\" data-srcset=\"https:\/\/defrentealaverdad.com\/wp-content\/uploads\/2024\/07\/IMG-20240708-WA0064-300x300.jpg 300w, https:\/\/defrentealaverdad.com\/wp-content\/uploads\/2024\/07\/IMG-20240708-WA0064-1024x1024.jpg 1024w, https:\/\/defrentealaverdad.com\/wp-content\/uploads\/2024\/07\/IMG-20240708-WA0064-150x150.jpg 150w, https:\/\/defrentealaverdad.com\/wp-content\/uploads\/2024\/07\/IMG-20240708-WA0064-768x768.jpg 768w, https:\/\/defrentealaverdad.com\/wp-content\/uploads\/2024\/07\/IMG-20240708-WA0064-1536x1536.jpg 1536w, https:\/\/defrentealaverdad.com\/wp-content\/uploads\/2024\/07\/IMG-20240708-WA0064.jpg 1599w\" data-sizes=\"(max-width: 300px) 100vw, 300px\" src=\"data:image\/svg+xml;base64,PHN2ZyB3aWR0aD0iMSIgaGVpZ2h0PSIxIiB4bWxucz0iaHR0cDovL3d3dy53My5vcmcvMjAwMC9zdmciPjwvc3ZnPg==\" style=\"--smush-placeholder-width: 300px; --smush-placeholder-aspect-ratio: 300\/300;\" \/><\/p>\n<p style=\"text-align: justify;\">\u201cLa Verdad\u201d marca el regreso a los escenarios teatrales del destacado actor Frank Perozo, donde inici\u00f3 su trayectoria art\u00edstica. Conocido por su talento y versatilidad en la industria cinematogr\u00e1fica, Perozo vuelve a sus ra\u00edces teatrales con esta obra, ofreciendo al p\u00fablico una oportunidad \u00fanica de verlo en un entorno m\u00e1s \u00edntimo y directo.<\/p>\n<p style=\"text-align: justify;\">Adem\u00e1s, la puesta cuenta con la destacada participaci\u00f3n de Hony Estrella y Nashla Boagert, cuyo talento y trayectoria enriquecen la producci\u00f3n, cosechando la ovaci\u00f3n del p\u00fablico reciente en producciones como \u201cJuana la Loca\u201d, \u201cMariposas de acero\u201d, \u201cAcepto\u201d y \u201cP\u00f3rtate bien\u201d.<\/p>\n<p style=\"text-align: justify;\">El estreno de \u201cLa verdad\u201d est\u00e1 programado para el 24 de enero del 2025 en la Sala M\u00e1ximo Avil\u00e9s Blonda del Palacio de Bellas Artes y planea seguir en exhibici\u00f3n el hasta el primero de febrero. Se pueden adquirir las boletas a trav\u00e9s de Uepa Tickets.<\/p>\n<p><strong>Ficha T\u00e9cnica<\/strong><\/p>\n<p>\u25aa\ufe0e Estreno: 24 de enero del 2025<\/p>\n<p>\u25aa\ufe0e Primer fin de semana: 24 y 25 de enero de 2025.<\/p>\n<p>\u25aa\ufe0e Segundo fin de semana: 31 de enero y 01 de febrero de 2025<\/p>\n<p>\u25aa\ufe0e Horarios: viernes y s\u00e1bado 8:30 p.m.<\/p>\n<p>\u25aa\ufe0e En escena: Nashla Bogaert, Hony Estrella, Frank Perozo y David Maler.<\/p>\n<p>\u25aa\ufe0e Direcci\u00f3n: Pepe Sierra.<\/p>\n<p>\u25aa\ufe0e Producci\u00f3n: BougroupTM<\/p>\n<p>\u25aa\ufe0e Lugar: Palacio de Bellas Artes: Sala M\u00e1ximo Avil\u00e9s Blonda<\/p>\n<p>Fuente: RD Firma<\/p>\n","protected":false},"excerpt":{"rendered":"<p>La obra de teatro del aclamado dramaturgo franc\u00e9s y ganador del Oscar, Florian Zeller, marca<\/p>\n","protected":false},"author":4,"featured_media":0,"comment_status":"open","ping_status":"open","sticky":false,"template":"","format":"standard","meta":{"footnotes":""},"categories":[6],"tags":[],"class_list":["post-20202","post","type-post","status-publish","format-standard","hentry","category-espectaculos"],"_links":{"self":[{"href":"https:\/\/defrentealaverdad.com\/index.php\/wp-json\/wp\/v2\/posts\/20202","targetHints":{"allow":["GET"]}}],"collection":[{"href":"https:\/\/defrentealaverdad.com\/index.php\/wp-json\/wp\/v2\/posts"}],"about":[{"href":"https:\/\/defrentealaverdad.com\/index.php\/wp-json\/wp\/v2\/types\/post"}],"author":[{"embeddable":true,"href":"https:\/\/defrentealaverdad.com\/index.php\/wp-json\/wp\/v2\/users\/4"}],"replies":[{"embeddable":true,"href":"https:\/\/defrentealaverdad.com\/index.php\/wp-json\/wp\/v2\/comments?post=20202"}],"version-history":[{"count":1,"href":"https:\/\/defrentealaverdad.com\/index.php\/wp-json\/wp\/v2\/posts\/20202\/revisions"}],"predecessor-version":[{"id":20205,"href":"https:\/\/defrentealaverdad.com\/index.php\/wp-json\/wp\/v2\/posts\/20202\/revisions\/20205"}],"wp:attachment":[{"href":"https:\/\/defrentealaverdad.com\/index.php\/wp-json\/wp\/v2\/media?parent=20202"}],"wp:term":[{"taxonomy":"category","embeddable":true,"href":"https:\/\/defrentealaverdad.com\/index.php\/wp-json\/wp\/v2\/categories?post=20202"},{"taxonomy":"post_tag","embeddable":true,"href":"https:\/\/defrentealaverdad.com\/index.php\/wp-json\/wp\/v2\/tags?post=20202"}],"curies":[{"name":"wp","href":"https:\/\/api.w.org\/{rel}","templated":true}]}}