{"id":20140,"date":"2024-07-11T21:29:37","date_gmt":"2024-07-11T21:29:37","guid":{"rendered":"https:\/\/defrentealaverdad.com\/?p=20140"},"modified":"2024-07-11T21:30:10","modified_gmt":"2024-07-11T21:30:10","slug":"anuncian-rodaje-de-la-pelicula-sanky-panky-04-de-safari","status":"publish","type":"post","link":"https:\/\/defrentealaverdad.com\/index.php\/2024\/07\/11\/anuncian-rodaje-de-la-pelicula-sanky-panky-04-de-safari\/","title":{"rendered":"Anuncian rodaje de la pel\u00edcula \u00abSanky Panky 04 de Safari"},"content":{"rendered":"<blockquote>\n<p style=\"text-align: justify;\">La pel\u00edcula filmara gran parte de sus escenas en Kenia.<\/p>\n<\/blockquote>\n<p style=\"text-align: justify;\">Santo Domingo .- Premium Latin Films se complace en anunciar el inicio del rodaje de la cuarta entrega de la popular saga de comedia \u00abSanky Panky\u00bb.<\/p>\n<p style=\"text-align: justify;\">\u00a0<img decoding=\"async\" class=\"size-medium wp-image-20142 alignleft lazyload\" data-src=\"https:\/\/defrentealaverdad.com\/wp-content\/uploads\/2024\/07\/IMG-20240711-WA0081-300x200.jpg\" alt=\"\" width=\"300\" height=\"200\" data-srcset=\"https:\/\/defrentealaverdad.com\/wp-content\/uploads\/2024\/07\/IMG-20240711-WA0081-300x200.jpg 300w, https:\/\/defrentealaverdad.com\/wp-content\/uploads\/2024\/07\/IMG-20240711-WA0081-1024x683.jpg 1024w, https:\/\/defrentealaverdad.com\/wp-content\/uploads\/2024\/07\/IMG-20240711-WA0081-768x512.jpg 768w, https:\/\/defrentealaverdad.com\/wp-content\/uploads\/2024\/07\/IMG-20240711-WA0081-1536x1024.jpg 1536w, https:\/\/defrentealaverdad.com\/wp-content\/uploads\/2024\/07\/IMG-20240711-WA0081-2048x1365.jpg 2048w\" data-sizes=\"(max-width: 300px) 100vw, 300px\" src=\"data:image\/svg+xml;base64,PHN2ZyB3aWR0aD0iMSIgaGVpZ2h0PSIxIiB4bWxucz0iaHR0cDovL3d3dy53My5vcmcvMjAwMC9zdmciPjwvc3ZnPg==\" style=\"--smush-placeholder-width: 300px; --smush-placeholder-aspect-ratio: 300\/200;\" \/>Bajo el t\u00edtulo \u00abSanky Panky 4 de Safari\u00bb la pel\u00edcula promete traer de vuelta las aventuras de Genaro, Carlitos y Chelo, con una historia diferente a las anteriores, pero con el mismo esp\u00edritu de alegr\u00edas y risas a granel.<\/p>\n<blockquote>\n<p style=\"text-align: justify;\">\u00abEstamos entusiasmados de comenzar la filmaci\u00f3n de est\u00e1 cuarta parte de la saga &#8216;Sanky Panky'\u00bb\u00a0 expres\u00f3 Franklin Romero, presidente de Premium Latin Films, qui\u00e9n es el productor ejecutivo de la Pel\u00edcula.<\/p>\n<\/blockquote>\n<p style=\"text-align: justify;\">El rodaje de \u00abSanky Panky 4\u00bb se llevar\u00e1 a cabo en diversas locaciones de la Rep\u00fablica Dominicana, destacando la belleza y cultura del pa\u00eds, como son:\u00a0 <em>San Francisco de Macoris, San Juan de la Maguana y a nivel internacional en la Rep\u00fablica de Kenia, Pa\u00eds de Africa oriental, e<\/em>l cu\u00e1l es la cuna mundial del Safari.<img decoding=\"async\" class=\"size-medium wp-image-20143 alignright lazyload\" data-src=\"https:\/\/defrentealaverdad.com\/wp-content\/uploads\/2024\/07\/IMG-20240711-WA0083-300x220.jpg\" alt=\"\" width=\"300\" height=\"220\" data-srcset=\"https:\/\/defrentealaverdad.com\/wp-content\/uploads\/2024\/07\/IMG-20240711-WA0083-300x220.jpg 300w, https:\/\/defrentealaverdad.com\/wp-content\/uploads\/2024\/07\/IMG-20240711-WA0083-1024x749.jpg 1024w, https:\/\/defrentealaverdad.com\/wp-content\/uploads\/2024\/07\/IMG-20240711-WA0083-768x562.jpg 768w, https:\/\/defrentealaverdad.com\/wp-content\/uploads\/2024\/07\/IMG-20240711-WA0083-1536x1124.jpg 1536w, https:\/\/defrentealaverdad.com\/wp-content\/uploads\/2024\/07\/IMG-20240711-WA0083-2048x1499.jpg 2048w\" data-sizes=\"(max-width: 300px) 100vw, 300px\" src=\"data:image\/svg+xml;base64,PHN2ZyB3aWR0aD0iMSIgaGVpZ2h0PSIxIiB4bWxucz0iaHR0cDovL3d3dy53My5vcmcvMjAwMC9zdmciPjwvc3ZnPg==\" style=\"--smush-placeholder-width: 300px; --smush-placeholder-aspect-ratio: 300\/220;\" \/><\/p>\n<p style=\"text-align: justify;\">El elenco contar\u00e1 con la participaci\u00f3n de Fausto Mata, Aquiles Correa y Tony Pascual \u201cPachul\u00ed\u201d, actores Principales de Sanky Panky ,quienes retomar\u00e1n sus roles ic\u00f3nicos de \u00abGenaro, Carlitos y Chelo\u00bb, Massimo Borghetti y Franklin Romero Jr. seguir\u00e1n dandole vida a sus personajes y nuevas caras actorales se unan al reparto, aportando frescura y dinamismo a la historia.<\/p>\n<p style=\"text-align: justify;\">El equipo que conforma est\u00e1 producci\u00f3n cinematogr\u00e1fica est\u00e1 compuesto por \u00abElias Acosta\u00bb Director de la Pel\u00edcula, \u00abRafael Taveras\u00bbProductor General,\u00bbEsteban Martin\u00bb Productor, y \u00abNicole Qui\u00f1ones\u00bb, Productora de linea.<img decoding=\"async\" class=\"size-medium wp-image-20141 alignleft lazyload\" data-src=\"https:\/\/defrentealaverdad.com\/wp-content\/uploads\/2024\/07\/IMG-20240711-WA0077-233x300.jpg\" alt=\"\" width=\"233\" height=\"300\" data-srcset=\"https:\/\/defrentealaverdad.com\/wp-content\/uploads\/2024\/07\/IMG-20240711-WA0077-233x300.jpg 233w, https:\/\/defrentealaverdad.com\/wp-content\/uploads\/2024\/07\/IMG-20240711-WA0077-794x1024.jpg 794w, https:\/\/defrentealaverdad.com\/wp-content\/uploads\/2024\/07\/IMG-20240711-WA0077-768x991.jpg 768w, https:\/\/defrentealaverdad.com\/wp-content\/uploads\/2024\/07\/IMG-20240711-WA0077-1191x1536.jpg 1191w, https:\/\/defrentealaverdad.com\/wp-content\/uploads\/2024\/07\/IMG-20240711-WA0077-1588x2048.jpg 1588w, https:\/\/defrentealaverdad.com\/wp-content\/uploads\/2024\/07\/IMG-20240711-WA0077-scaled.jpg 1985w\" data-sizes=\"(max-width: 233px) 100vw, 233px\" src=\"data:image\/svg+xml;base64,PHN2ZyB3aWR0aD0iMSIgaGVpZ2h0PSIxIiB4bWxucz0iaHR0cDovL3d3dy53My5vcmcvMjAwMC9zdmciPjwvc3ZnPg==\" style=\"--smush-placeholder-width: 233px; --smush-placeholder-aspect-ratio: 233\/300;\" \/><\/p>\n<p style=\"text-align: justify;\">Manifest\u00f3 el reconocido y destacado director tanto de pel\u00edculas como de fotograf\u00eda, Elias Acosta<em> \u00abque t\u00e9cnicamente utilizaran c\u00e1maras y lentes de \u00faltima generaci\u00f3n, por primera vez usadas en el pa\u00eds, para una producci\u00f3n local\u00bb<\/em><\/p>\n<blockquote>\n<p style=\"text-align: justify;\">\u00abLos fan\u00e1ticos de Sanky Panky, han estado esperando est\u00e1 pel\u00edcula, y estamos trabajando arduamente para ofrecer una comed\u00eda que supere todas las expectativas, expres\u00f3 Rafael Taveras,productor general de la cuarta parte de est\u00e1 exitosa saga.<\/p>\n<\/blockquote>\n<p style=\"text-align: justify;\">\u00abSanky Panky 04 de Safari\u00bb una producci\u00f3n exclusiva de Franklin Romero para Premium Latin Films, se empezar\u00e1 a rodar en \u00e9ste mes de Julio y se estrenar\u00e1 el 15 de Mayo del a\u00f1o 2025, y su distribuci\u00f3n se realizar\u00e1 en Puerto Rico, Estados Unidos,Rep\u00fablica Dominicana y gran parte de Am\u00e9rica Latina.<\/p>\n<p style=\"text-align: justify;\">Las empresas e inversionistas que apoyan la pel\u00edcula son \u00abAcero Estrella, Cemento Panam,Viva, El Sendero del Cacao,Bocel, Banco BHD, Petro M\u00f3vil y Caribbean Films Distribution.<\/p>\n<p style=\"text-align: justify;\">En el encuentro con los medios de comunicaci\u00f3n, realizado en el Sal\u00f3n VIP de Caribbean Cinemas de Downtown Center, el director,los actores y productores destacaron que se encuentran sumamente emocionados,ya que saben que tienen la oportunidad, de hacer<em> \u00abque la gente vuelva al cine masivamente a ver la cuarta parte de esta exitosa saga, la cu\u00e1l es una producci\u00f3n local de calidad y sin lugar a dudas, una pel\u00edcula marca pa\u00eds\u00bb.<\/em><\/p>\n<p>Fuente: Marli Romero<\/p>\n","protected":false},"excerpt":{"rendered":"<p>La pel\u00edcula filmara gran parte de sus escenas en Kenia. Santo Domingo .- Premium Latin<\/p>\n","protected":false},"author":4,"featured_media":0,"comment_status":"open","ping_status":"open","sticky":false,"template":"","format":"standard","meta":{"footnotes":""},"categories":[6],"tags":[],"class_list":["post-20140","post","type-post","status-publish","format-standard","hentry","category-espectaculos"],"_links":{"self":[{"href":"https:\/\/defrentealaverdad.com\/index.php\/wp-json\/wp\/v2\/posts\/20140","targetHints":{"allow":["GET"]}}],"collection":[{"href":"https:\/\/defrentealaverdad.com\/index.php\/wp-json\/wp\/v2\/posts"}],"about":[{"href":"https:\/\/defrentealaverdad.com\/index.php\/wp-json\/wp\/v2\/types\/post"}],"author":[{"embeddable":true,"href":"https:\/\/defrentealaverdad.com\/index.php\/wp-json\/wp\/v2\/users\/4"}],"replies":[{"embeddable":true,"href":"https:\/\/defrentealaverdad.com\/index.php\/wp-json\/wp\/v2\/comments?post=20140"}],"version-history":[{"count":2,"href":"https:\/\/defrentealaverdad.com\/index.php\/wp-json\/wp\/v2\/posts\/20140\/revisions"}],"predecessor-version":[{"id":20145,"href":"https:\/\/defrentealaverdad.com\/index.php\/wp-json\/wp\/v2\/posts\/20140\/revisions\/20145"}],"wp:attachment":[{"href":"https:\/\/defrentealaverdad.com\/index.php\/wp-json\/wp\/v2\/media?parent=20140"}],"wp:term":[{"taxonomy":"category","embeddable":true,"href":"https:\/\/defrentealaverdad.com\/index.php\/wp-json\/wp\/v2\/categories?post=20140"},{"taxonomy":"post_tag","embeddable":true,"href":"https:\/\/defrentealaverdad.com\/index.php\/wp-json\/wp\/v2\/tags?post=20140"}],"curies":[{"name":"wp","href":"https:\/\/api.w.org\/{rel}","templated":true}]}}