{"id":2012,"date":"2022-10-28T18:21:16","date_gmt":"2022-10-28T18:21:16","guid":{"rendered":"https:\/\/defrentealaverdad.com\/?p=2012"},"modified":"2022-11-03T18:25:30","modified_gmt":"2022-11-03T18:25:30","slug":"cantautor-cales-louima-lanza-nuevo-album-salmos-vol-1","status":"publish","type":"post","link":"https:\/\/defrentealaverdad.com\/index.php\/2022\/10\/28\/cantautor-cales-louima-lanza-nuevo-album-salmos-vol-1\/","title":{"rendered":"Cantautor Cales Louima lanza nuevo \u00e1lbum  \u00abSALMOS VOL. 1\u00bb"},"content":{"rendered":"<p><img decoding=\"async\" class=\"alignnone size-medium wp-image-2013 aligncenter lazyload\" data-src=\"https:\/\/defrentealaverdad.com\/wp-content\/uploads\/2022\/11\/DSC06554-300x198.jpg\" alt=\"\" width=\"300\" height=\"198\" data-srcset=\"https:\/\/defrentealaverdad.com\/wp-content\/uploads\/2022\/11\/DSC06554-300x198.jpg 300w, https:\/\/defrentealaverdad.com\/wp-content\/uploads\/2022\/11\/DSC06554-1024x676.jpg 1024w, https:\/\/defrentealaverdad.com\/wp-content\/uploads\/2022\/11\/DSC06554-768x507.jpg 768w, https:\/\/defrentealaverdad.com\/wp-content\/uploads\/2022\/11\/DSC06554-1536x1014.jpg 1536w, https:\/\/defrentealaverdad.com\/wp-content\/uploads\/2022\/11\/DSC06554-2048x1351.jpg 2048w\" data-sizes=\"(max-width: 300px) 100vw, 300px\" src=\"data:image\/svg+xml;base64,PHN2ZyB3aWR0aD0iMSIgaGVpZ2h0PSIxIiB4bWxucz0iaHR0cDovL3d3dy53My5vcmcvMjAwMC9zdmciPjwvc3ZnPg==\" style=\"--smush-placeholder-width: 300px; --smush-placeholder-aspect-ratio: 300\/198;\" \/><\/p>\n<p style=\"text-align: justify;\"><em>New York, USA, 28 de octubre 2022.<\/em> M\u00e1s que un nuevo \u00e1lbum musical, <strong>el cantautor Cales Louima<\/strong> captura la esencia de su ministerio en vivo, incluso en la parte t\u00e9cnica de la realizaci\u00f3n de este. Experiencia que \u00e9l junto a su banda hab\u00edan so\u00f1ado desde ya bastante tiempo y que lograron copilar en <strong>\u00abSALMOS VOL. 1\u00bb.<\/strong><\/p>\n<p style=\"text-align: justify;\">En esta ocasi\u00f3n enfocados en una fusi\u00f3n de g\u00e9neros musicales como, m\u00fasica contempor\u00e1nea y baladas, <strong><em>\u00abSALMOS VOL. 1\u00bb<\/em><\/strong> est\u00e1 compuesto de 6 canciones y una Intro inspirados en la Biblia, espec\u00edficamente el libro de los salmos y con la autor\u00eda y arreglos del propio artista.<\/p>\n<p style=\"text-align: justify;\">Con este nuevo \u00e1lbum, el Artista revela sus intenciones de motivar a esta generaci\u00f3n a volver a los principios b\u00edblicos y as\u00ed permanecer hasta que \u00c9l venga, sin sacrificar la genialidad de sus composiciones por medio de un sonido totalmente moderno y contagioso.<\/p>\n<p style=\"text-align: justify;\">Como parte del prop\u00f3sito de este nuevo lanzamiento Cales Louima tambi\u00e9n se\u00f1ala que Salmos es un proyecto que ha decidido dividir en 2 vol\u00famenes para facilitar al p\u00fablico el disfrute de cada canci\u00f3n sin saturarlos con la cantidad de contenido.<\/p>\n<p><img decoding=\"async\" class=\"alignnone size-medium wp-image-2014 aligncenter lazyload\" data-src=\"https:\/\/defrentealaverdad.com\/wp-content\/uploads\/2022\/11\/sn736q3qbtfi3xwr120221003144027-300x300.jpg\" alt=\"\" width=\"300\" height=\"300\" data-srcset=\"https:\/\/defrentealaverdad.com\/wp-content\/uploads\/2022\/11\/sn736q3qbtfi3xwr120221003144027-300x300.jpg 300w, https:\/\/defrentealaverdad.com\/wp-content\/uploads\/2022\/11\/sn736q3qbtfi3xwr120221003144027-1024x1024.jpg 1024w, https:\/\/defrentealaverdad.com\/wp-content\/uploads\/2022\/11\/sn736q3qbtfi3xwr120221003144027-150x150.jpg 150w, https:\/\/defrentealaverdad.com\/wp-content\/uploads\/2022\/11\/sn736q3qbtfi3xwr120221003144027-768x768.jpg 768w, https:\/\/defrentealaverdad.com\/wp-content\/uploads\/2022\/11\/sn736q3qbtfi3xwr120221003144027.jpg 1080w\" data-sizes=\"(max-width: 300px) 100vw, 300px\" src=\"data:image\/svg+xml;base64,PHN2ZyB3aWR0aD0iMSIgaGVpZ2h0PSIxIiB4bWxucz0iaHR0cDovL3d3dy53My5vcmcvMjAwMC9zdmciPjwvc3ZnPg==\" style=\"--smush-placeholder-width: 300px; --smush-placeholder-aspect-ratio: 300\/300;\" \/><\/p>\n<p style=\"text-align: justify;\">\u00ab<strong><em>SALMOS VOL.1&#8243;<\/em><\/strong><em> es el 4to. \u00e1lbum musical de Louima y ya se encuentra en todas las plataformas digitales y en el canal de Youtube del artista.<\/em><\/p>\n<p style=\"text-align: justify;\"><strong>Sobre Cales Louima<\/strong><\/p>\n<p style=\"text-align: justify;\">Cales Louima es un joven artista, ejemplo en nuestra generaci\u00f3n de \u00e9xito en la pr\u00e1ctica de buenos valores, ha sido ganador de varios premios dentro del \u00e1mbito art\u00edstico como Cantante masculino del a\u00f1o, Compositor, Productor y arreglista, adem\u00e1s es escritor del libro M\u00c1S ALL\u00c1 DEL ARTE y conferencista, vocal coach para nuevos talentos y un artista de relevancia y gran trayectoria.<\/p>\n<p style=\"text-align: justify;\">Cales Louima ha recibido la distinci\u00f3n pol\u00edtica de Visitante distinguido en los Ayuntamientos de Higuey, Provincia La Altagracia y en el Municipio de Neiba, Provincia Bahoruco. Est\u00e1 casado con la comunicadora Luisa Artiles con quien comparte la experiencia de paternidad de Cielo Elizabeth Louima Artiles, el regalo m\u00e1s reciente de Dios para sus vidas. Louima lleg\u00f3 a Rep\u00fablica Dominicana con tan solo 15 a\u00f1os de edad luego de perderlo todo tras el devastador terremoto del 2010 en su natal Hait\u00ed, desde entonces refugiado en la m\u00fasica y la fe, comenz\u00f3 a servir en la iglesia, form\u00e1ndose como m\u00fasico por su gran habilidad para tocar el piano, la guitarra, bater\u00eda y bajo.<\/p>\n<p style=\"text-align: justify;\">Cales Louima, quien adem\u00e1s habla de manera fluida 4 idiomas, ha llenado los escenarios de cada provincia de nuestro pa\u00eds llevando un mensaje de superaci\u00f3n, fe y esperanza para los j\u00f3venes de la Rep\u00fablica Dominicana, pa\u00eds que ama como su hogar y por el cual ora hasta ver a cada joven cambiando su historia devastadora por un ejemplo como ha sido la de \u00e9l.<\/p>\n<p>&nbsp;<\/p>\n<p>Fuente: Angela Rodr\u00edguez<\/p>\n","protected":false},"excerpt":{"rendered":"<p>New York, USA, 28 de octubre 2022. M\u00e1s que un nuevo \u00e1lbum musical, el cantautor<\/p>\n","protected":false},"author":2,"featured_media":0,"comment_status":"open","ping_status":"open","sticky":false,"template":"","format":"standard","meta":{"footnotes":""},"categories":[6,16],"tags":[],"class_list":["post-2012","post","type-post","status-publish","format-standard","hentry","category-espectaculos","category-internacionales"],"_links":{"self":[{"href":"https:\/\/defrentealaverdad.com\/index.php\/wp-json\/wp\/v2\/posts\/2012","targetHints":{"allow":["GET"]}}],"collection":[{"href":"https:\/\/defrentealaverdad.com\/index.php\/wp-json\/wp\/v2\/posts"}],"about":[{"href":"https:\/\/defrentealaverdad.com\/index.php\/wp-json\/wp\/v2\/types\/post"}],"author":[{"embeddable":true,"href":"https:\/\/defrentealaverdad.com\/index.php\/wp-json\/wp\/v2\/users\/2"}],"replies":[{"embeddable":true,"href":"https:\/\/defrentealaverdad.com\/index.php\/wp-json\/wp\/v2\/comments?post=2012"}],"version-history":[{"count":3,"href":"https:\/\/defrentealaverdad.com\/index.php\/wp-json\/wp\/v2\/posts\/2012\/revisions"}],"predecessor-version":[{"id":2017,"href":"https:\/\/defrentealaverdad.com\/index.php\/wp-json\/wp\/v2\/posts\/2012\/revisions\/2017"}],"wp:attachment":[{"href":"https:\/\/defrentealaverdad.com\/index.php\/wp-json\/wp\/v2\/media?parent=2012"}],"wp:term":[{"taxonomy":"category","embeddable":true,"href":"https:\/\/defrentealaverdad.com\/index.php\/wp-json\/wp\/v2\/categories?post=2012"},{"taxonomy":"post_tag","embeddable":true,"href":"https:\/\/defrentealaverdad.com\/index.php\/wp-json\/wp\/v2\/tags?post=2012"}],"curies":[{"name":"wp","href":"https:\/\/api.w.org\/{rel}","templated":true}]}}