{"id":20098,"date":"2024-07-07T16:08:01","date_gmt":"2024-07-07T16:08:01","guid":{"rendered":"https:\/\/defrentealaverdad.com\/?p=20098"},"modified":"2024-07-07T16:09:08","modified_gmt":"2024-07-07T16:09:08","slug":"opinion-invitada-esta-republica-dominicana-en-condiciones-de-asimilar-haiti-ya-es-cuestion-de-tiempo","status":"publish","type":"post","link":"https:\/\/defrentealaverdad.com\/index.php\/2024\/07\/07\/opinion-invitada-esta-republica-dominicana-en-condiciones-de-asimilar-haiti-ya-es-cuestion-de-tiempo\/","title":{"rendered":"Opini\u00f3n Invitada: Est\u00e1 Rep\u00fablica Dominicana en condiciones de asimilar Hait\u00ed? ya es cuesti\u00f3n de tiempo"},"content":{"rendered":"<p style=\"text-align: justify;\"><img decoding=\"async\" class=\"size-medium wp-image-20100 alignleft lazyload\" data-src=\"https:\/\/defrentealaverdad.com\/wp-content\/uploads\/2024\/07\/IMG-20240707-WA0062-300x300.jpg\" alt=\"\" width=\"300\" height=\"300\" data-srcset=\"https:\/\/defrentealaverdad.com\/wp-content\/uploads\/2024\/07\/IMG-20240707-WA0062-300x300.jpg 300w, https:\/\/defrentealaverdad.com\/wp-content\/uploads\/2024\/07\/IMG-20240707-WA0062-150x150.jpg 150w, https:\/\/defrentealaverdad.com\/wp-content\/uploads\/2024\/07\/IMG-20240707-WA0062-768x768.jpg 768w, https:\/\/defrentealaverdad.com\/wp-content\/uploads\/2024\/07\/IMG-20240707-WA0062.jpg 900w\" data-sizes=\"(max-width: 300px) 100vw, 300px\" src=\"data:image\/svg+xml;base64,PHN2ZyB3aWR0aD0iMSIgaGVpZ2h0PSIxIiB4bWxucz0iaHR0cDovL3d3dy53My5vcmcvMjAwMC9zdmciPjwvc3ZnPg==\" style=\"--smush-placeholder-width: 300px; --smush-placeholder-aspect-ratio: 300\/300;\" \/> Solamente tenemos que caminar en la zona fronteriza, rural, urbana hasta llegar a la realidad palpable en hospitales y escuelas para darnos cuenta de la r\u00e1pida absorci\u00f3n de la migraci\u00f3n haitiana aunque hasta ahora no hemos encontrado problem\u00e1ticas en la convivencia, pero ya solo falta ciertos puntos como son documentaci\u00f3n y aceptaci\u00f3n cultural para resolver esta angustia que tienen organismos internacionales con Hait\u00ed.<\/p>\n<p style=\"text-align: justify;\">La realidad social, econ\u00f3mica y pol\u00edtica de la isla que tiene dos pa\u00edses totalmente distintos en su cultura, pero adem\u00e1s enfrentados hist\u00f3ricamente pudi\u00e9ramos pensar que ser\u00eda dif\u00edcil lograr resolver esta situaci\u00f3n actual haitiana en suelo dominicano, pues la respuesta es sencilla, se puede lograr.<\/p>\n<p style=\"text-align: justify;\">Los organismos internacionales tienen interrogantes con Hait\u00ed ya que es un barril sin fondo y sin ning\u00fan beneficio econ\u00f3mico ni geopol\u00edtico, pero representa una problem\u00e1tica humanitaria porque va caminando a su autodestrucci\u00f3n o tendr\u00edamos que hacer realidad aquella frase de que la isla es una sola.<img decoding=\"async\" class=\"size-medium wp-image-20101 alignright lazyload\" data-src=\"https:\/\/defrentealaverdad.com\/wp-content\/uploads\/2024\/07\/IMG-20240707-WA0063-300x300.jpg\" alt=\"\" width=\"300\" height=\"300\" data-srcset=\"https:\/\/defrentealaverdad.com\/wp-content\/uploads\/2024\/07\/IMG-20240707-WA0063-300x300.jpg 300w, https:\/\/defrentealaverdad.com\/wp-content\/uploads\/2024\/07\/IMG-20240707-WA0063-1024x1024.jpg 1024w, https:\/\/defrentealaverdad.com\/wp-content\/uploads\/2024\/07\/IMG-20240707-WA0063-150x150.jpg 150w, https:\/\/defrentealaverdad.com\/wp-content\/uploads\/2024\/07\/IMG-20240707-WA0063-768x768.jpg 768w, https:\/\/defrentealaverdad.com\/wp-content\/uploads\/2024\/07\/IMG-20240707-WA0063-1536x1536.jpg 1536w, https:\/\/defrentealaverdad.com\/wp-content\/uploads\/2024\/07\/IMG-20240707-WA0063.jpg 1600w\" data-sizes=\"(max-width: 300px) 100vw, 300px\" src=\"data:image\/svg+xml;base64,PHN2ZyB3aWR0aD0iMSIgaGVpZ2h0PSIxIiB4bWxucz0iaHR0cDovL3d3dy53My5vcmcvMjAwMC9zdmciPjwvc3ZnPg==\" style=\"--smush-placeholder-width: 300px; --smush-placeholder-aspect-ratio: 300\/300;\" \/><\/p>\n<p style=\"text-align: justify;\">La Rep\u00fablica Dominicana representa estabilidad econ\u00f3mica, social, pol\u00edtica pero sobre todo conserva elementos diferenciadores en su identidad representado en la m\u00fasica, gastronom\u00eda, idioma, religi\u00f3n, en fin&#8230; esas caracter\u00edsticas propia de cada pa\u00eds como as\u00ed podemos observar en Hait\u00ed, pero en una realidad muy distinta con indicadores en negativo .<\/p>\n<p style=\"text-align: justify;\">Porque decimos que Rep\u00fablica Dominicana est\u00e1 contribuyendo en ser parte de la soluci\u00f3n del problema haitiano?, es porque las condiciones est\u00e1n m\u00e1s favorables ya que ciertos obst\u00e1culos que enfrentaban presiones de organismos y potencias no estan presentes, asi como estos organismos internacionales no est\u00e1n dispuestos a invertir recursos econ\u00f3micos ni asistencia t\u00e9cnica en Hait\u00ed.<\/p>\n<p style=\"text-align: justify;\">La realidad actual en la tierra de la espada de Gregorio Luperon y del merengue pero con una clase pol\u00edtica, empresarial y social que esta perdiendo ese sentido de arraigo y valores simbolizado en cada p\u00e1rrafo de su himno nacional, as\u00ed como tambi\u00e9n se muestra en la bandera dominicana.<\/p>\n<p style=\"text-align: justify;\">Las condiciones est\u00e1n m\u00e1s favorables para lograr ir poco a poco traspasando poblaci\u00f3n haitiana as\u00ed como sus diferentes generaciones integr\u00e1ndose ambas costumbres pero en suelo dominicano algo que ya es muy palpable.<\/p>\n<p style=\"text-align: justify;\">Esta juventud dominicana actual esta muy lejos de asumir defensa de la soberan\u00eda y sus intereses representados en diferentes formas , porque observarmos ausencia de pol\u00edticas p\u00fablicas dirigidas a lograr sensibilizar y mantener en nuestra ni\u00f1ez, adolescentes y j\u00f3venes la historia dominicana, as\u00ed como tambi\u00e9n reafirmar nuestra cultura, pero nos encontramos con una clase pol\u00edtica indiferente a lo que ser\u00e1 nuestro futuro como dominicanos.<\/p>\n<p>Fuente: Mario Antonio Lara Valdez<\/p>\n","protected":false},"excerpt":{"rendered":"<p>Solamente tenemos que caminar en la zona fronteriza, rural, urbana hasta llegar a la realidad<\/p>\n","protected":false},"author":1,"featured_media":0,"comment_status":"open","ping_status":"open","sticky":false,"template":"","format":"standard","meta":{"footnotes":""},"categories":[4],"tags":[],"class_list":["post-20098","post","type-post","status-publish","format-standard","hentry","category-opiniones"],"_links":{"self":[{"href":"https:\/\/defrentealaverdad.com\/index.php\/wp-json\/wp\/v2\/posts\/20098","targetHints":{"allow":["GET"]}}],"collection":[{"href":"https:\/\/defrentealaverdad.com\/index.php\/wp-json\/wp\/v2\/posts"}],"about":[{"href":"https:\/\/defrentealaverdad.com\/index.php\/wp-json\/wp\/v2\/types\/post"}],"author":[{"embeddable":true,"href":"https:\/\/defrentealaverdad.com\/index.php\/wp-json\/wp\/v2\/users\/1"}],"replies":[{"embeddable":true,"href":"https:\/\/defrentealaverdad.com\/index.php\/wp-json\/wp\/v2\/comments?post=20098"}],"version-history":[{"count":3,"href":"https:\/\/defrentealaverdad.com\/index.php\/wp-json\/wp\/v2\/posts\/20098\/revisions"}],"predecessor-version":[{"id":20103,"href":"https:\/\/defrentealaverdad.com\/index.php\/wp-json\/wp\/v2\/posts\/20098\/revisions\/20103"}],"wp:attachment":[{"href":"https:\/\/defrentealaverdad.com\/index.php\/wp-json\/wp\/v2\/media?parent=20098"}],"wp:term":[{"taxonomy":"category","embeddable":true,"href":"https:\/\/defrentealaverdad.com\/index.php\/wp-json\/wp\/v2\/categories?post=20098"},{"taxonomy":"post_tag","embeddable":true,"href":"https:\/\/defrentealaverdad.com\/index.php\/wp-json\/wp\/v2\/tags?post=20098"}],"curies":[{"name":"wp","href":"https:\/\/api.w.org\/{rel}","templated":true}]}}