{"id":2009,"date":"2022-10-31T18:17:42","date_gmt":"2022-10-31T18:17:42","guid":{"rendered":"https:\/\/defrentealaverdad.com\/?p=2009"},"modified":"2022-11-03T18:19:48","modified_gmt":"2022-11-03T18:19:48","slug":"mas-de-30-periodistas-y-comunicadores-se-capacitan-en-licitaciones-publicas-y-procesos-competitivos-de-alianzas-publico-privadas","status":"publish","type":"post","link":"https:\/\/defrentealaverdad.com\/index.php\/2022\/10\/31\/mas-de-30-periodistas-y-comunicadores-se-capacitan-en-licitaciones-publicas-y-procesos-competitivos-de-alianzas-publico-privadas\/","title":{"rendered":"M\u00e1s de 30 periodistas y comunicadores se capacitan en licitaciones p\u00fablicas y procesos competitivos de alianzas p\u00fablico-privadas"},"content":{"rendered":"<p style=\"text-align: justify;\"><strong><em>Con la participaci\u00f3n de comunicadores de distintos medios, la Direcci\u00f3n General de Alianzas P\u00fablico Privadas (DGAPP) y la Direcci\u00f3n General de Contrataciones P\u00fablicas (DGCP), impartieron el \u201cTaller para Periodistas: Licitaci\u00f3n P\u00fablica versus Procesos Competitivos en las APP\u201d.<\/em><\/strong><\/p>\n<p style=\"text-align: justify;\"><strong>Santo Domingo, Rep\u00fablica Dominicana<\/strong>. Con el objetivo de ofrecer informaci\u00f3n de valor que permita a periodistas y comunicadores informar de manera veraz y objetiva, adem\u00e1s de fortalecer su misi\u00f3n de veedur\u00eda, la Direcci\u00f3n General de Alianzas P\u00fablico Privadas (DGAPP) y la Direcci\u00f3n General de Contrataciones P\u00fablicas (DGCP), ofrecieron el \u201c<strong><em>Taller para Periodistas: Licitaciones P\u00fablicas versus Procesos Competitivos en las APP\u201d.<\/em><\/strong><\/p>\n<p style=\"text-align: justify;\">En esta actividad formativa participaron m\u00e1s de 30 comunicadores motivados en conocer los procesos de licitaci\u00f3n que implementa el Estado y qu\u00e9 diferencia tienen estos procesos cuando se ejecutan mediante la Ley 340-06, de Compras y Contrataciones P\u00fablicas o bajo la Ley 47-20, sobre alianzas p\u00fablico-privadas.<\/p>\n<p style=\"text-align: justify;\">El taller, que fue impartido por la encargada del Departamento de Capacitaci\u00f3n de la DGCP, Larissa Salcedo y el encargado de Estructuraci\u00f3n de Procesos Competitivos de la DGAPP, Angelo G\u00f3mez, cont\u00f3 con las palabras de bienvenida de la directora de Comunicaci\u00f3n de la DGAPP, Elaine Nivar y de la subdirectora general de la DGCP, Ruth Henr\u00edquez.<\/p>\n<p style=\"text-align: justify;\">Nivar agradeci\u00f3 a los participantes el inter\u00e9s mostrado en los talleres que organiza la DGAPP y destac\u00f3 el compromiso que tienen las y los comunicadores de informar desde el conocimiento objetivo de lo que plantean las normativas que rigen estos procesos mediante los cuales el Estado contrata un bien o servicio.<\/p>\n<p style=\"text-align: justify;\">Agreg\u00f3 que, de manera programada, la DGAPP, a trav\u00e9s su Programa de Educaci\u00f3n Continua (APPrendiendo), realiza capacitaciones especializadas para periodistas y comunicadores para fortalecer su formaci\u00f3n y ofrecerles los fundamentos te\u00f3ricos sobre las APP que les permita mejorar su labor en los medios.<\/p>\n<p><img decoding=\"async\" class=\"alignnone size-medium wp-image-2010 aligncenter lazyload\" data-src=\"https:\/\/defrentealaverdad.com\/wp-content\/uploads\/2022\/11\/FgMMXc-WQAknKNL-300x202.jpg\" alt=\"\" width=\"300\" height=\"202\" data-srcset=\"https:\/\/defrentealaverdad.com\/wp-content\/uploads\/2022\/11\/FgMMXc-WQAknKNL-300x202.jpg 300w, https:\/\/defrentealaverdad.com\/wp-content\/uploads\/2022\/11\/FgMMXc-WQAknKNL-1024x691.jpg 1024w, https:\/\/defrentealaverdad.com\/wp-content\/uploads\/2022\/11\/FgMMXc-WQAknKNL-768x518.jpg 768w, https:\/\/defrentealaverdad.com\/wp-content\/uploads\/2022\/11\/FgMMXc-WQAknKNL-1536x1036.jpg 1536w, https:\/\/defrentealaverdad.com\/wp-content\/uploads\/2022\/11\/FgMMXc-WQAknKNL-2048x1381.jpg 2048w\" data-sizes=\"(max-width: 300px) 100vw, 300px\" src=\"data:image\/svg+xml;base64,PHN2ZyB3aWR0aD0iMSIgaGVpZ2h0PSIxIiB4bWxucz0iaHR0cDovL3d3dy53My5vcmcvMjAwMC9zdmciPjwvc3ZnPg==\" style=\"--smush-placeholder-width: 300px; --smush-placeholder-aspect-ratio: 300\/202;\" \/><\/p>\n<p style=\"text-align: justify;\">Ruth Henr\u00edquez detall\u00f3 la labor que se realiza en la DGCP para garantizar procesos \u00e9ticos y transparentes. Puntualiz\u00f3 que los procesos de compras p\u00fablicas suelen ser complejos, pero la Ley 340-06 cuenta con los fundamentos necesarios para garantizar los procesos y apel\u00f3 a la defensa del debido proceso a la hora de evaluar la ejecuci\u00f3n de un proceso de licitaci\u00f3n.<\/p>\n<p style=\"text-align: justify;\">\u201cTenemos que apuntar al estado de derecho, eso nos invita a no ser c\u00f3mplice del infractor de la ley, pero no ser un verdugo con el inocente, porque si todos fu\u00e9ramos a condenar al culpable, vamos a darle para all\u00e1, pero qu\u00e9 hacemos si tenemos una mala interpretaci\u00f3n de un hecho y estamos haciendo v\u00edctima a alguien que no corresponde, yo siempre apuesto al estado de derecho, al debido proceso\u201d.<\/p>\n<p style=\"text-align: justify;\">En su presentaci\u00f3n, la encargada del Departamento de Capacitaci\u00f3n de la DGCP, Larissa Salcedo, expuso los fundamentos de la Ley 340-06 y los procesos que deben seguir las licitaciones p\u00fablicas en esta normativa.<\/p>\n<p style=\"text-align: justify;\">Manifest\u00f3 que \u201ccada instituci\u00f3n es responsable de ejecutar de modo correcto sus procedimientos, lo que implica que todas las instituciones tienen que hacer la debida asistencia en sus procedimientos de contrataci\u00f3n p\u00fablica\u201d y agreg\u00f3 que muchas instituciones p\u00fablicas son victimas de proveedores que, entre comillas, cumplieron con los requisitos y que reclaman la adjudicaci\u00f3n o denuncia que se adjudic\u00f3 a otro lo que le correspond\u00eda.<\/p>\n<p style=\"text-align: justify;\">El encargado de Procesos Competitivos de la DGAPP, Angelo G\u00f3mez, explic\u00f3 a las y los participantes los pasos esenciales de los procesos competitivos en las alianzas p\u00fablico-privadas bajo la Ley 47-20 y su diferencia con las licitaciones p\u00fablico mediante la Ley 340-06.<\/p>\n<p style=\"text-align: justify;\">Se\u00f1al\u00f3 que se denomina alianza p\u00fablico-privada a cualquier colaboraci\u00f3n entre el sector p\u00fablico y el privado y aclar\u00f3 que solo es una APP cuando se estructura y se ejecuta bajo los lineamientos de la Ley 47-20. Puntualiz\u00f3 que para ser una APP se requiere un contrato de largo plazo, un proceso competitivo, inversi\u00f3n privada y p\u00fablica, distribuci\u00f3n de riesgos y remuneraci\u00f3n asociada al desempe\u00f1o o rentabilidad.<\/p>\n<p style=\"text-align: justify;\">G\u00f3mez expuso que las iniciativas APP cuentan con un proceso de estructuraci\u00f3n y requisitos que garantizan procesos transparentes y competitivos, lo que asegur\u00f3 garantiza una buena ejecuci\u00f3n de estas.<\/p>\n<p>Fuente: Prensa DGAPP<\/p>\n","protected":false},"excerpt":{"rendered":"<p>Con la participaci\u00f3n de comunicadores de distintos medios, la Direcci\u00f3n General de Alianzas P\u00fablico Privadas<\/p>\n","protected":false},"author":1,"featured_media":0,"comment_status":"open","ping_status":"open","sticky":false,"template":"","format":"standard","meta":{"footnotes":""},"categories":[7],"tags":[],"class_list":["post-2009","post","type-post","status-publish","format-standard","hentry","category-nacionales"],"_links":{"self":[{"href":"https:\/\/defrentealaverdad.com\/index.php\/wp-json\/wp\/v2\/posts\/2009","targetHints":{"allow":["GET"]}}],"collection":[{"href":"https:\/\/defrentealaverdad.com\/index.php\/wp-json\/wp\/v2\/posts"}],"about":[{"href":"https:\/\/defrentealaverdad.com\/index.php\/wp-json\/wp\/v2\/types\/post"}],"author":[{"embeddable":true,"href":"https:\/\/defrentealaverdad.com\/index.php\/wp-json\/wp\/v2\/users\/1"}],"replies":[{"embeddable":true,"href":"https:\/\/defrentealaverdad.com\/index.php\/wp-json\/wp\/v2\/comments?post=2009"}],"version-history":[{"count":1,"href":"https:\/\/defrentealaverdad.com\/index.php\/wp-json\/wp\/v2\/posts\/2009\/revisions"}],"predecessor-version":[{"id":2011,"href":"https:\/\/defrentealaverdad.com\/index.php\/wp-json\/wp\/v2\/posts\/2009\/revisions\/2011"}],"wp:attachment":[{"href":"https:\/\/defrentealaverdad.com\/index.php\/wp-json\/wp\/v2\/media?parent=2009"}],"wp:term":[{"taxonomy":"category","embeddable":true,"href":"https:\/\/defrentealaverdad.com\/index.php\/wp-json\/wp\/v2\/categories?post=2009"},{"taxonomy":"post_tag","embeddable":true,"href":"https:\/\/defrentealaverdad.com\/index.php\/wp-json\/wp\/v2\/tags?post=2009"}],"curies":[{"name":"wp","href":"https:\/\/api.w.org\/{rel}","templated":true}]}}