{"id":19989,"date":"2024-07-04T12:24:39","date_gmt":"2024-07-04T12:24:39","guid":{"rendered":"https:\/\/defrentealaverdad.com\/?p=19989"},"modified":"2024-07-06T12:27:34","modified_gmt":"2024-07-06T12:27:34","slug":"duartianos-resaltan-a-francisco-del-rosario-sanchez-en-163-aniversario-de-su-fallecimiento","status":"publish","type":"post","link":"https:\/\/defrentealaverdad.com\/index.php\/2024\/07\/04\/duartianos-resaltan-a-francisco-del-rosario-sanchez-en-163-aniversario-de-su-fallecimiento\/","title":{"rendered":"Duartianos resaltan a Francisco del Rosario S\u00e1nchez en 163 aniversario de su fallecimiento"},"content":{"rendered":"<blockquote>\n<p style=\"text-align: justify;\">Sobre la situaci\u00f3n de Hait\u00ed, Wilson G\u00f3mez Ram\u00edrez afirm\u00f3 que, a pesar de la presencia de la fuerza keniana, la violencia de las bandas se agrava y llam\u00f3 a las autoridades y l\u00edderes de diversos sectores a asumir con mayor entereza la defensa de la nacionalidad ante esta coyuntura.<\/p>\n<\/blockquote>\n<p style=\"text-align: justify;\">Santo Domingo, Rep. Dom.-En el acto conmemorativo del 163 aniversario del <img decoding=\"async\" class=\"size-medium wp-image-19990 alignleft lazyload\" data-src=\"https:\/\/defrentealaverdad.com\/wp-content\/uploads\/2024\/07\/IMG-20240704-WA0145-300x200.jpg\" alt=\"\" width=\"300\" height=\"200\" data-srcset=\"https:\/\/defrentealaverdad.com\/wp-content\/uploads\/2024\/07\/IMG-20240704-WA0145-300x200.jpg 300w, https:\/\/defrentealaverdad.com\/wp-content\/uploads\/2024\/07\/IMG-20240704-WA0145-1024x682.jpg 1024w, https:\/\/defrentealaverdad.com\/wp-content\/uploads\/2024\/07\/IMG-20240704-WA0145-768x512.jpg 768w, https:\/\/defrentealaverdad.com\/wp-content\/uploads\/2024\/07\/IMG-20240704-WA0145.jpg 1280w\" data-sizes=\"(max-width: 300px) 100vw, 300px\" src=\"data:image\/svg+xml;base64,PHN2ZyB3aWR0aD0iMSIgaGVpZ2h0PSIxIiB4bWxucz0iaHR0cDovL3d3dy53My5vcmcvMjAwMC9zdmciPjwvc3ZnPg==\" style=\"--smush-placeholder-width: 300px; --smush-placeholder-aspect-ratio: 300\/200;\" \/> fallecimiento de Francisco del Rosario S\u00e1nchez, el presidente del Instituto Duartiano, Wilson G\u00f3mez Ram\u00edrez, advirti\u00f3 sobre el agravamiento de la situaci\u00f3n en Hait\u00ed, y dijo que el reciente asalto a una subcomisar\u00eda en la comuna de Gressier, en Puerto Pr\u00edncipe, constituye un desaf\u00edo a la fuerza multilateral liderada por Kenia en el vecino pa\u00eds.<\/p>\n<p style=\"text-align: justify;\">Durante la ofrenda floral depositada en honor al patricio en el Altar de la Patria, en el Parque Independencia, G\u00f3mez Ram\u00edrez destac\u00f3 que estas y otras acciones recientes revelan la capacidad militar de las bandas y su clara determinaci\u00f3n de desafiar a la fuerza multilateral.<\/p>\n<blockquote>\n<p style=\"text-align: justify;\">\u00abTodo parece indicar que no habr\u00e1 cambios positivos en Hait\u00ed por ahora, por el contrario, la crisis empeora y tiene repercusiones negativas significativas para la Rep\u00fablica Dominicana, pues contin\u00faa el ingreso masivo de haitianos indocumentados e ilegales a nuestro territorio\u00bb, indic\u00f3 G\u00f3mez Ram\u00edrez.<\/p>\n<\/blockquote>\n<p style=\"text-align: justify;\">Manifest\u00f3 la preocupaci\u00f3n de que entre estos inmigrantes haya criminales que escaparon de centros carcelarios y miembros de bandas haitianas, por lo que hizo un llamado a las autoridades nacionales, l\u00edderes pol\u00edticos, sociales, empresariales, religiosos y campesinos, para que asuman con entereza la defensa de la nacionalidad, enfatizando la necesidad de respetar la Constituci\u00f3n, las leyes migratorias y laborales, as\u00ed como valorar el tema patri\u00f3tico y la figura de Duarte.<\/p>\n<p style=\"text-align: justify;\">En la actividad participaron directivos y colaboradores del Instituto Duartiano, quienes resaltaron las virtudes y el sentido de responsabilidad del pr\u00f3cer Francisco del Rosario S\u00e1nchez en el aniversario de su brutal asesinato en San Juan, junto a una veintena de compa\u00f1eros que luchaban por restaurar la independencia, conculcada por el dictador Pedro Santana al anexar el pa\u00eds a Espa\u00f1a.<\/p>\n<p style=\"text-align: justify;\">G\u00f3mez Ram\u00edrez elogi\u00f3 la valent\u00eda de S\u00e1nchez y su compromiso con los principios trinitarios que permitieron alcanzar la Independencia Nacional, proclamada el 27 de febrero de 1844. Afirm\u00f3:<\/p>\n<blockquote>\n<p style=\"text-align: justify;\">\u00abFrancisco S\u00e1nchez fue un destacado disc\u00edpulo de Duarte que consagr\u00f3 su vida para conquistar y mantener las libertades y la soberan\u00eda del pueblo dominicano\u00bb.<\/p>\n<\/blockquote>\n<p style=\"text-align: justify;\">Asegur\u00f3 que, junto a S\u00e1nchez, fueron asesinados otros patriotas como Juan Erazo, Benigno del Castillo, F\u00e9lix Mota y Gabino Simon\u00f3, quienes luchaban por restablecer la soberan\u00eda y la autodeterminaci\u00f3n del pueblo dominicano.<\/p>\n<p style=\"text-align: justify;\">Asimismo, G\u00f3mez Ram\u00edrez subray\u00f3 la importancia de respetar y honrar a los forjadores de la patria, destacando que la soberan\u00eda nacional, seg\u00fan el art\u00edculo 3 de la Constituci\u00f3n, es inviolable y debe ser protegida <img decoding=\"async\" class=\"size-medium wp-image-19991 alignright lazyload\" data-src=\"https:\/\/defrentealaverdad.com\/wp-content\/uploads\/2024\/07\/IMG-20240704-WA0147-300x200.jpg\" alt=\"\" width=\"300\" height=\"200\" data-srcset=\"https:\/\/defrentealaverdad.com\/wp-content\/uploads\/2024\/07\/IMG-20240704-WA0147-300x200.jpg 300w, https:\/\/defrentealaverdad.com\/wp-content\/uploads\/2024\/07\/IMG-20240704-WA0147-1024x682.jpg 1024w, https:\/\/defrentealaverdad.com\/wp-content\/uploads\/2024\/07\/IMG-20240704-WA0147-768x512.jpg 768w, https:\/\/defrentealaverdad.com\/wp-content\/uploads\/2024\/07\/IMG-20240704-WA0147.jpg 1280w\" data-sizes=\"(max-width: 300px) 100vw, 300px\" src=\"data:image\/svg+xml;base64,PHN2ZyB3aWR0aD0iMSIgaGVpZ2h0PSIxIiB4bWxucz0iaHR0cDovL3d3dy53My5vcmcvMjAwMC9zdmciPjwvc3ZnPg==\" style=\"--smush-placeholder-width: 300px; --smush-placeholder-aspect-ratio: 300\/200;\" \/>contra cualquier intervenci\u00f3n extranjera. Adem\u00e1s, inst\u00f3 a los dominicanos a valorar la heroicidad de S\u00e1nchez y a defender los altos intereses de la naci\u00f3n.<\/p>\n<p><strong>Sobre el Instituto Duartiano<\/strong><\/p>\n<p style=\"text-align: justify;\">El Instituto Duartiano, fundado el 26 de enero de 1964 y aut\u00f3nomo desde el 27 de julio de 2001 por la Ley n\u00famero 127-01, tiene como misi\u00f3n promover la historia y los ideales de Juan Pablo Duarte. Su objetivo es difundir la vida y los ejemplos del Padre de la Patria, fomentando la creaci\u00f3n de mejores ciudadanos y una patria justa y feliz.<\/p>\n<p>&nbsp;<\/p>\n<p>&nbsp;<\/p>\n<p>Fuente:\u00a0enverolm@gmail.com<\/p>\n<p>&nbsp;<\/p>\n","protected":false},"excerpt":{"rendered":"<p>Sobre la situaci\u00f3n de Hait\u00ed, Wilson G\u00f3mez Ram\u00edrez afirm\u00f3 que, a pesar de la presencia<\/p>\n","protected":false},"author":1,"featured_media":0,"comment_status":"open","ping_status":"open","sticky":false,"template":"","format":"standard","meta":{"footnotes":""},"categories":[7],"tags":[],"class_list":["post-19989","post","type-post","status-publish","format-standard","hentry","category-nacionales"],"_links":{"self":[{"href":"https:\/\/defrentealaverdad.com\/index.php\/wp-json\/wp\/v2\/posts\/19989","targetHints":{"allow":["GET"]}}],"collection":[{"href":"https:\/\/defrentealaverdad.com\/index.php\/wp-json\/wp\/v2\/posts"}],"about":[{"href":"https:\/\/defrentealaverdad.com\/index.php\/wp-json\/wp\/v2\/types\/post"}],"author":[{"embeddable":true,"href":"https:\/\/defrentealaverdad.com\/index.php\/wp-json\/wp\/v2\/users\/1"}],"replies":[{"embeddable":true,"href":"https:\/\/defrentealaverdad.com\/index.php\/wp-json\/wp\/v2\/comments?post=19989"}],"version-history":[{"count":1,"href":"https:\/\/defrentealaverdad.com\/index.php\/wp-json\/wp\/v2\/posts\/19989\/revisions"}],"predecessor-version":[{"id":19992,"href":"https:\/\/defrentealaverdad.com\/index.php\/wp-json\/wp\/v2\/posts\/19989\/revisions\/19992"}],"wp:attachment":[{"href":"https:\/\/defrentealaverdad.com\/index.php\/wp-json\/wp\/v2\/media?parent=19989"}],"wp:term":[{"taxonomy":"category","embeddable":true,"href":"https:\/\/defrentealaverdad.com\/index.php\/wp-json\/wp\/v2\/categories?post=19989"},{"taxonomy":"post_tag","embeddable":true,"href":"https:\/\/defrentealaverdad.com\/index.php\/wp-json\/wp\/v2\/tags?post=19989"}],"curies":[{"name":"wp","href":"https:\/\/api.w.org\/{rel}","templated":true}]}}