{"id":1998,"date":"2022-10-15T15:44:31","date_gmt":"2022-10-15T15:44:31","guid":{"rendered":"https:\/\/defrentealaverdad.com\/?p=1998"},"modified":"2022-10-25T15:47:06","modified_gmt":"2022-10-25T15:47:06","slug":"anuncian-conferencia-mujer-sana-enfocada-y-en-proyeccion","status":"publish","type":"post","link":"https:\/\/defrentealaverdad.com\/index.php\/2022\/10\/15\/anuncian-conferencia-mujer-sana-enfocada-y-en-proyeccion\/","title":{"rendered":"Anuncian conferencia \u201cMujer Sana, Enfocada y en Proyecci\u00f3n\u201d"},"content":{"rendered":"<p><em><img decoding=\"async\" class=\"size-medium wp-image-1999 aligncenter lazyload\" data-src=\"https:\/\/defrentealaverdad.com\/wp-content\/uploads\/2022\/10\/WhatsApp-Image-2022-10-13-at-9.42.19-AM-800x600-1-300x225.jpeg\" alt=\"\" width=\"300\" height=\"225\" data-srcset=\"https:\/\/defrentealaverdad.com\/wp-content\/uploads\/2022\/10\/WhatsApp-Image-2022-10-13-at-9.42.19-AM-800x600-1-300x225.jpeg 300w, https:\/\/defrentealaverdad.com\/wp-content\/uploads\/2022\/10\/WhatsApp-Image-2022-10-13-at-9.42.19-AM-800x600-1-768x576.jpeg 768w, https:\/\/defrentealaverdad.com\/wp-content\/uploads\/2022\/10\/WhatsApp-Image-2022-10-13-at-9.42.19-AM-800x600-1-720x540.jpeg 720w, https:\/\/defrentealaverdad.com\/wp-content\/uploads\/2022\/10\/WhatsApp-Image-2022-10-13-at-9.42.19-AM-800x600-1.jpeg 800w\" data-sizes=\"(max-width: 300px) 100vw, 300px\" src=\"data:image\/svg+xml;base64,PHN2ZyB3aWR0aD0iMSIgaGVpZ2h0PSIxIiB4bWxucz0iaHR0cDovL3d3dy53My5vcmcvMjAwMC9zdmciPjwvc3ZnPg==\" style=\"--smush-placeholder-width: 300px; --smush-placeholder-aspect-ratio: 300\/225;\" \/><\/em><\/p>\n<p style=\"text-align: justify;\"><em>Tres ministerios a\u00fanan fuerzas para el evento que procura fomentar la sanidad interior.<\/em><\/p>\n<p style=\"text-align: justify;\">Santo Domingo.- En el marco de la celebraci\u00f3n del mes de la conmemoraci\u00f3n de la lucha contra el c\u00e1ncer de mamas, los ministerios Mujer de Virtud y Mujeres Admirables de Republica Dominicana en perfecta coordinaci\u00f3n con el ministerio Mujeres en Acci\u00f3n Colombia, traen la primera entrega de la conferencia \u201cMujer Sana, Enfocada y en Proyecci\u00f3n\u201d.<\/p>\n<p style=\"text-align: justify;\">El encuentro contara con las intervenciones de las pastoras y coaches Claudia Trebilcok desde Colombia, Indira Cid y Kenia Montero conocidas por sus respectivos ministerios enfocados a guiar espiritualmente, y empoderar tanto a mujeres emprendedoras y madres solteras asi como a j\u00f3venes en situaci\u00f3n de calle para su crecimiento integral personal y profesional, autoestima y sanar emociones.<\/p>\n<div class=\"ctx-autosidebar-container\" style=\"text-align: justify;\">\n<div class=\"ctx-sidebar ctx-content-sidebar ctx-sidebar-right ctx-clearfix ctx-sidebar-default\" data-ctx-layout-mode=\"&quot;default&quot;\">\n<div class=\"ctx-sb-content\">\n<div class=\"ctx-sb-link\">\n<div class=\"ctx-sb-fotmater ctx-clearfix\">\n<div class=\"ctx-sb-text\">\n<p>Seg\u00fan explican sus organizadoras pueden asistir mujeres de todas las edades que buscan un mayor empoderamiento en todas las areas de su vida.<\/p>\n<\/div>\n<\/div>\n<\/div>\n<\/div>\n<\/div>\n<\/div>\n<p style=\"text-align: justify;\">El evento tendr\u00e1 lugar el pr\u00f3ximo viernes 28 de octubre en el auditorio CARKRD, a las 7:00pm, en Arroyo Hondo Viejo, Santo Domingo, Distrito Nacional.<\/p>\n<p style=\"text-align: justify;\">Para mayor informaci\u00f3n comun\u00edcate al 829-854-5016<\/p>\n<p style=\"text-align: justify;\">Puedes acceder al siguiente link para completar el formulario de registro: https:\/\/docs.google.com\/forms\/d\/11fnsQEkPlQ6X2hPMaXgsTmN8GCeqGAR6qNdd2wNUy9Y\/viewform?ts=6334698e&amp;edit_requested=true<\/p>\n<p style=\"text-align: justify;\">Fuente: Telenoticias<\/p>\n","protected":false},"excerpt":{"rendered":"<p>Tres ministerios a\u00fanan fuerzas para el evento que procura fomentar la sanidad interior. Santo Domingo.-<\/p>\n","protected":false},"author":2,"featured_media":0,"comment_status":"open","ping_status":"open","sticky":false,"template":"","format":"standard","meta":{"footnotes":""},"categories":[7],"tags":[],"class_list":["post-1998","post","type-post","status-publish","format-standard","hentry","category-nacionales"],"_links":{"self":[{"href":"https:\/\/defrentealaverdad.com\/index.php\/wp-json\/wp\/v2\/posts\/1998","targetHints":{"allow":["GET"]}}],"collection":[{"href":"https:\/\/defrentealaverdad.com\/index.php\/wp-json\/wp\/v2\/posts"}],"about":[{"href":"https:\/\/defrentealaverdad.com\/index.php\/wp-json\/wp\/v2\/types\/post"}],"author":[{"embeddable":true,"href":"https:\/\/defrentealaverdad.com\/index.php\/wp-json\/wp\/v2\/users\/2"}],"replies":[{"embeddable":true,"href":"https:\/\/defrentealaverdad.com\/index.php\/wp-json\/wp\/v2\/comments?post=1998"}],"version-history":[{"count":1,"href":"https:\/\/defrentealaverdad.com\/index.php\/wp-json\/wp\/v2\/posts\/1998\/revisions"}],"predecessor-version":[{"id":2000,"href":"https:\/\/defrentealaverdad.com\/index.php\/wp-json\/wp\/v2\/posts\/1998\/revisions\/2000"}],"wp:attachment":[{"href":"https:\/\/defrentealaverdad.com\/index.php\/wp-json\/wp\/v2\/media?parent=1998"}],"wp:term":[{"taxonomy":"category","embeddable":true,"href":"https:\/\/defrentealaverdad.com\/index.php\/wp-json\/wp\/v2\/categories?post=1998"},{"taxonomy":"post_tag","embeddable":true,"href":"https:\/\/defrentealaverdad.com\/index.php\/wp-json\/wp\/v2\/tags?post=1998"}],"curies":[{"name":"wp","href":"https:\/\/api.w.org\/{rel}","templated":true}]}}