{"id":1987,"date":"2022-10-25T13:49:35","date_gmt":"2022-10-25T13:49:35","guid":{"rendered":"https:\/\/defrentealaverdad.com\/?p=1987"},"modified":"2022-10-25T13:50:08","modified_gmt":"2022-10-25T13:50:08","slug":"milano-pega-con-to-la-apuesta-de-milano-para-celebrar-el-mes-de-la-pasta","status":"publish","type":"post","link":"https:\/\/defrentealaverdad.com\/index.php\/2022\/10\/25\/milano-pega-con-to-la-apuesta-de-milano-para-celebrar-el-mes-de-la-pasta\/","title":{"rendered":"Milano pega con to\u2019: La apuesta de Milano para celebrar el Mes de la Pasta"},"content":{"rendered":"<p><img decoding=\"async\" class=\"alignnone size-medium wp-image-1988 aligncenter lazyload\" data-src=\"https:\/\/defrentealaverdad.com\/wp-content\/uploads\/2022\/10\/Apoyo-1-300x200.jpg\" alt=\"\" width=\"300\" height=\"200\" data-srcset=\"https:\/\/defrentealaverdad.com\/wp-content\/uploads\/2022\/10\/Apoyo-1-300x200.jpg 300w, https:\/\/defrentealaverdad.com\/wp-content\/uploads\/2022\/10\/Apoyo-1-1024x683.jpg 1024w, https:\/\/defrentealaverdad.com\/wp-content\/uploads\/2022\/10\/Apoyo-1-768x512.jpg 768w, https:\/\/defrentealaverdad.com\/wp-content\/uploads\/2022\/10\/Apoyo-1-1536x1025.jpg 1536w, https:\/\/defrentealaverdad.com\/wp-content\/uploads\/2022\/10\/Apoyo-1-2048x1366.jpg 2048w\" data-sizes=\"(max-width: 300px) 100vw, 300px\" src=\"data:image\/svg+xml;base64,PHN2ZyB3aWR0aD0iMSIgaGVpZ2h0PSIxIiB4bWxucz0iaHR0cDovL3d3dy53My5vcmcvMjAwMC9zdmciPjwvc3ZnPg==\" style=\"--smush-placeholder-width: 300px; --smush-placeholder-aspect-ratio: 300\/200;\" \/><\/p>\n<p style=\"text-align: justify;\"><em>Milano celebra el mes de la pasta celebrando sus beneficios como alimento.<\/em><\/p>\n<p style=\"text-align: justify;\"><strong>Santo Domingo, 24 octubre de 2022. <\/strong>Cada a\u00f1o en el mes de octubre, Milano refuerza su liderazgo en la categor\u00eda de pastas, resaltando la calidad, valores nutricionales y la versatilidad de sus productos.<\/p>\n<p style=\"text-align: justify;\">En esta ocasi\u00f3n, bajo el slogan \u201cMilano pega con to\u2019\u201d, la marca enfatiza la practicidad de sus pastas, siendo el acompa\u00f1amiento ideal al momento de compartir en familia, en la playa, con los amigos, con la pareja o bien con cualquier ingrediente o acompa\u00f1amiento que se quiera combinar como las prote\u00ednas, los tostones, vegetales y hasta el aguacate.<\/p>\n<p style=\"text-align: justify;\"><em>\u201cHa llegado el mes m\u00e1s sabroso del a\u00f1o, el mes de la pasta, donde nuestros consumidores pueden disfrutar de un alimento delicioso, alimenticio y f\u00e1cil que une a toda la familia\u201d<\/em>, afirm\u00f3 Nicole Mej\u00eda, Gerente de L\u00ednea estrat\u00e9gica de negocios de Pastas para Caribe y Centroam\u00e9rica en Molinos Modernos.<\/p>\n<p style=\"text-align: justify;\">Esta conmemoraci\u00f3n se remonta al a\u00f1o 1955, en la ciudad de Roma, donde se empez\u00f3 a celebrar el \u201cD\u00eda de la Pasta\u201d, en honor al primer congreso mundial de pasta, siendo uno de los alimentos m\u00e1s consumidos para alimentar a las familias y disfrutados desde entonces.<\/p>\n<p style=\"text-align: justify;\">Las pastas es un alimento que nos da energ\u00eda, aportando vitaminas y minerales esenciales como la vitamina A, B, \u00e1cido f\u00f3lico y el hierro, as\u00ed como el aporte de prote\u00edna y fibra que complementa una alimentaci\u00f3n balanceada.<\/p>\n<p style=\"text-align: justify;\">Milano ofrece recomendaciones para ser creativos en la cocina con pocos pasos, de una manera r\u00e1pida y conveniente en sus redes sociales @milanord y en su p\u00e1gina web <a href=\"http:\/\/www.cocinaconmilano.com\">www.cocinaconmilano.com<\/a>, donde los usuarios pueden conseguir recetas para hacer sus momentos m\u00e1s f\u00e1ciles y disfrutables.<\/p>\n<p style=\"text-align: justify;\"><strong>###<\/strong><\/p>\n<p style=\"text-align: justify;\"><strong>Sobre Corporaci\u00f3n Multi inversiones | Molinos Modernos<\/strong><\/p>\n<p style=\"text-align: justify;\">Corporaci\u00f3n Multi Inversiones, es una corporaci\u00f3n familiar multilatina con 100 a\u00f1os de historia, que genera valor econ\u00f3mico, social y ambiental en la regi\u00f3n, integrada por m\u00e1s de 40 mil colaboradores y con presencia en m\u00e1s de 16 pa\u00edses, muchos de ellos ubicados en la regi\u00f3n de Latinoam\u00e9rica y Estados Unidos. A trav\u00e9s de sus Agrupaciones de Negocio: CMI Alimentos y CMI Capital, crea un impacto sostenible en las comunidades donde opera, ofreciendo excelencia y calidad en sus productos y servicios, consolid\u00e1ndose como uno de los grupos empresariales m\u00e1s importantes de Am\u00e9rica Latina. Para m\u00e1s informaci\u00f3n: <a href=\"http:\/\/www.somoscmi.com\">www.somoscmi.com<\/a><\/p>\n<p style=\"text-align: justify;\"><strong>\u00a0<\/strong><\/p>\n<p><strong>Contacto de prensa: <\/strong>Laura Minyetty (lminyetty@beltcom.com)<\/p>\n","protected":false},"excerpt":{"rendered":"<p>Milano celebra el mes de la pasta celebrando sus beneficios como alimento. Santo Domingo, 24<\/p>\n","protected":false},"author":2,"featured_media":0,"comment_status":"open","ping_status":"open","sticky":false,"template":"","format":"standard","meta":{"footnotes":""},"categories":[7],"tags":[],"class_list":["post-1987","post","type-post","status-publish","format-standard","hentry","category-nacionales"],"_links":{"self":[{"href":"https:\/\/defrentealaverdad.com\/index.php\/wp-json\/wp\/v2\/posts\/1987","targetHints":{"allow":["GET"]}}],"collection":[{"href":"https:\/\/defrentealaverdad.com\/index.php\/wp-json\/wp\/v2\/posts"}],"about":[{"href":"https:\/\/defrentealaverdad.com\/index.php\/wp-json\/wp\/v2\/types\/post"}],"author":[{"embeddable":true,"href":"https:\/\/defrentealaverdad.com\/index.php\/wp-json\/wp\/v2\/users\/2"}],"replies":[{"embeddable":true,"href":"https:\/\/defrentealaverdad.com\/index.php\/wp-json\/wp\/v2\/comments?post=1987"}],"version-history":[{"count":3,"href":"https:\/\/defrentealaverdad.com\/index.php\/wp-json\/wp\/v2\/posts\/1987\/revisions"}],"predecessor-version":[{"id":1991,"href":"https:\/\/defrentealaverdad.com\/index.php\/wp-json\/wp\/v2\/posts\/1987\/revisions\/1991"}],"wp:attachment":[{"href":"https:\/\/defrentealaverdad.com\/index.php\/wp-json\/wp\/v2\/media?parent=1987"}],"wp:term":[{"taxonomy":"category","embeddable":true,"href":"https:\/\/defrentealaverdad.com\/index.php\/wp-json\/wp\/v2\/categories?post=1987"},{"taxonomy":"post_tag","embeddable":true,"href":"https:\/\/defrentealaverdad.com\/index.php\/wp-json\/wp\/v2\/tags?post=1987"}],"curies":[{"name":"wp","href":"https:\/\/api.w.org\/{rel}","templated":true}]}}