{"id":19860,"date":"2024-07-05T01:29:08","date_gmt":"2024-07-05T01:29:08","guid":{"rendered":"https:\/\/defrentealaverdad.com\/?p=19860"},"modified":"2024-11-19T19:21:37","modified_gmt":"2024-11-19T19:21:37","slug":"san-juan-awards-da-a-conocer-lo-que-sera-su-tercera-entrega","status":"publish","type":"post","link":"https:\/\/defrentealaverdad.com\/index.php\/2024\/07\/05\/san-juan-awards-da-a-conocer-lo-que-sera-su-tercera-entrega\/","title":{"rendered":"San Juan Awards da a conocer lo que ser\u00e1 su tercera entrega"},"content":{"rendered":"<p><img decoding=\"async\" class=\"size-medium wp-image-19863 alignright lazyload\" data-src=\"https:\/\/defrentealaverdad.com\/wp-content\/uploads\/2024\/07\/Screenshot_2024-07-04_215007-300x169.png\" alt=\"\" width=\"300\" height=\"169\" data-srcset=\"https:\/\/defrentealaverdad.com\/wp-content\/uploads\/2024\/07\/Screenshot_2024-07-04_215007-300x169.png 300w, https:\/\/defrentealaverdad.com\/wp-content\/uploads\/2024\/07\/Screenshot_2024-07-04_215007-768x431.png 768w, https:\/\/defrentealaverdad.com\/wp-content\/uploads\/2024\/07\/Screenshot_2024-07-04_215007-800x450.png 800w, https:\/\/defrentealaverdad.com\/wp-content\/uploads\/2024\/07\/Screenshot_2024-07-04_215007.png 997w\" data-sizes=\"(max-width: 300px) 100vw, 300px\" src=\"data:image\/svg+xml;base64,PHN2ZyB3aWR0aD0iMSIgaGVpZ2h0PSIxIiB4bWxucz0iaHR0cDovL3d3dy53My5vcmcvMjAwMC9zdmciPjwvc3ZnPg==\" style=\"--smush-placeholder-width: 300px; --smush-placeholder-aspect-ratio: 300\/169;\" \/><\/p>\n<p style=\"text-align: justify;\"><span style=\"text-align: justify;\">El a\u00f1o pasado San Juan brill\u00f3 en una noche fuera de serie en el sal\u00f3n de Bellas Artes, donde se dieron cita diferentes personalidades de la provincia San Juan, donde los organizadores se la lucieron con una tremenda noche de gala art\u00edstica, seg\u00fan los cr\u00edticos.\u00a0<\/span><\/p>\n<p style=\"text-align: justify;\">El pasado s\u00e1bado a las siete de la noche se inici\u00f3 el encuentro bajo el montaje de Max Studio y el se\u00f1or Lohemmy P\u00e9rez quien es parte de los premios, la maestr\u00eda de ceremonia estuvo a cargo de la locutora y maestra Yenny Cecilia, luego la psic\u00f3loga Johanna Ramos pronunci\u00f3 las palabras de bienvenida y ofreci\u00f3 detalles sobre la pasadas premiaciones as\u00ed como de otras actividades que han realizado a favor de los ni\u00f1os de la provincia, dentro de las que destac\u00f3: entrega de juguetes y actividades en beneficio de los m\u00e1s necesitados, que son parte de la raz\u00f3n social de la Organizaci\u00f3n San Juan Awards.<\/p>\n<p style=\"text-align: justify;\">En dicho evento tambi\u00e9n sostuvo la palabra el productor de los premios el se\u00f1or Aristedes P\u00e9rez, conocido como Power Gigamix, el cual destac\u00f3 parte de lo que ser\u00e1 la 3ra edici\u00f3n de San Juan awards.<\/p>\n<p style=\"text-align: justify;\">Las nuevas inclusiones son: influencer del a\u00f1o a nivel nacional y el estudiante del a\u00f1o a nivel local. Tambi\u00e9n se presentaron en pantalla im\u00e1genes de lo que fue la segunda edici\u00f3n con un tema de fondo preparado por el compositor Ren\u00e9 Mont\u00e1s, el cual se va a utilizar como tema principal de los premios en este a\u00f1o 2024.<\/p>\n<p style=\"text-align: justify;\">Los invitados tuvieron la oportunidad de interactuar con los encargados de la premiaci\u00f3n, quienes estuvieron dispuestos a responder toda inquietud de los presentes referente al premio .<\/p>\n<p style=\"text-align: justify;\">Fuente: Actualidad con FJ<\/p>\n","protected":false},"excerpt":{"rendered":"<p>El a\u00f1o pasado San Juan brill\u00f3 en una noche fuera de serie en el sal\u00f3n<\/p>\n","protected":false},"author":1,"featured_media":0,"comment_status":"open","ping_status":"open","sticky":false,"template":"","format":"standard","meta":{"footnotes":""},"categories":[7],"tags":[],"class_list":["post-19860","post","type-post","status-publish","format-standard","hentry","category-nacionales"],"_links":{"self":[{"href":"https:\/\/defrentealaverdad.com\/index.php\/wp-json\/wp\/v2\/posts\/19860","targetHints":{"allow":["GET"]}}],"collection":[{"href":"https:\/\/defrentealaverdad.com\/index.php\/wp-json\/wp\/v2\/posts"}],"about":[{"href":"https:\/\/defrentealaverdad.com\/index.php\/wp-json\/wp\/v2\/types\/post"}],"author":[{"embeddable":true,"href":"https:\/\/defrentealaverdad.com\/index.php\/wp-json\/wp\/v2\/users\/1"}],"replies":[{"embeddable":true,"href":"https:\/\/defrentealaverdad.com\/index.php\/wp-json\/wp\/v2\/comments?post=19860"}],"version-history":[{"count":1,"href":"https:\/\/defrentealaverdad.com\/index.php\/wp-json\/wp\/v2\/posts\/19860\/revisions"}],"predecessor-version":[{"id":19864,"href":"https:\/\/defrentealaverdad.com\/index.php\/wp-json\/wp\/v2\/posts\/19860\/revisions\/19864"}],"wp:attachment":[{"href":"https:\/\/defrentealaverdad.com\/index.php\/wp-json\/wp\/v2\/media?parent=19860"}],"wp:term":[{"taxonomy":"category","embeddable":true,"href":"https:\/\/defrentealaverdad.com\/index.php\/wp-json\/wp\/v2\/categories?post=19860"},{"taxonomy":"post_tag","embeddable":true,"href":"https:\/\/defrentealaverdad.com\/index.php\/wp-json\/wp\/v2\/tags?post=19860"}],"curies":[{"name":"wp","href":"https:\/\/api.w.org\/{rel}","templated":true}]}}