{"id":19844,"date":"2024-07-04T21:02:35","date_gmt":"2024-07-04T21:02:35","guid":{"rendered":"https:\/\/defrentealaverdad.com\/?p=19844"},"modified":"2024-07-05T22:37:42","modified_gmt":"2024-07-05T22:37:42","slug":"el-salsero-jhonny-p-esta-en-republica-dominicana-con-su-gira-promocional-volverte-a-ver","status":"publish","type":"post","link":"https:\/\/defrentealaverdad.com\/index.php\/2024\/07\/04\/el-salsero-jhonny-p-esta-en-republica-dominicana-con-su-gira-promocional-volverte-a-ver\/","title":{"rendered":"El salsero Jhonny P est\u00e1 en Rep\u00fablica Dominicana con su gira promocional \u00abVolverte a ver\u00bb"},"content":{"rendered":"<p><img decoding=\"async\" class=\"size-medium wp-image-19845 alignright lazyload\" data-src=\"https:\/\/defrentealaverdad.com\/wp-content\/uploads\/2024\/07\/IMG-20240704-WA01641-300x211.jpg\" alt=\"\" width=\"300\" height=\"211\" data-srcset=\"https:\/\/defrentealaverdad.com\/wp-content\/uploads\/2024\/07\/IMG-20240704-WA01641-300x211.jpg 300w, https:\/\/defrentealaverdad.com\/wp-content\/uploads\/2024\/07\/IMG-20240704-WA01641-768x540.jpg 768w, https:\/\/defrentealaverdad.com\/wp-content\/uploads\/2024\/07\/IMG-20240704-WA01641.jpg 1024w\" data-sizes=\"(max-width: 300px) 100vw, 300px\" src=\"data:image\/svg+xml;base64,PHN2ZyB3aWR0aD0iMSIgaGVpZ2h0PSIxIiB4bWxucz0iaHR0cDovL3d3dy53My5vcmcvMjAwMC9zdmciPjwvc3ZnPg==\" style=\"--smush-placeholder-width: 300px; --smush-placeholder-aspect-ratio: 300\/211;\" \/><\/p>\n<p style=\"text-align: justify;\">Santo Domingo, RD.- El salsero Jhonny P \u201cLinda Melod\u00eda\u201d se encuentra en Rep\u00fablica Dominicana con su gira promocional \u201cVolverte a ver\u201d para promocionar el tema in\u00e9dito \u201cVolverte a ver\u201d ante los principales medios de comunicaci\u00f3n de Santo Domingo.<\/p>\n<p style=\"text-align: justify;\">El Salsero inici\u00f3 su gira promocional en el programa de televisi\u00f3n Bebeto TV, cantando su \u00faltimo tema \u201cVoleverte a ver\u201d con su banda en vivo, demostrando por qu\u00e9 lo llaman el \u201cHijo de la Salsa\u201d.<\/p>\n<p style=\"text-align: justify;\">El cantautor Jhonny P \u00abLinda Melod\u00eda\u00bb es de ascendencia dominicana, reside en Boston, Massachusetts, y es conocido por la calidad de su m\u00fasica in\u00e9dita en Colombia, Cartagena y Puerto Rico.<\/p>\n<p style=\"text-align: justify;\">\u201cVolverte a ver\u201d, canci\u00f3n in\u00e9dita musicalizada por Mois\u00e9s S\u00e1nchez, tiene un video musical que lleva el mensaje de hacer que las personas aprecien m\u00e1s la presencia de sus seres queridos y expresen lo que significan para ellos recordando las ense\u00f1anzas y los buenos momentos que vivieron. compartido juntos.<\/p>\n<p style=\"text-align: justify;\">Para saber m\u00e1s sobre el Salsero Jhonny P, puedes encontrarlo en su canal de You Tube como: @jhonnypsalsa en todas sus plataformas de redes sociales.<\/p>\n<p>Fuente: Sindy Lebr\u00f3n<\/p>\n","protected":false},"excerpt":{"rendered":"<p>Santo Domingo, RD.- El salsero Jhonny P \u201cLinda Melod\u00eda\u201d se encuentra en Rep\u00fablica Dominicana con<\/p>\n","protected":false},"author":1,"featured_media":0,"comment_status":"open","ping_status":"open","sticky":false,"template":"","format":"standard","meta":{"footnotes":""},"categories":[6],"tags":[],"class_list":["post-19844","post","type-post","status-publish","format-standard","hentry","category-espectaculos"],"_links":{"self":[{"href":"https:\/\/defrentealaverdad.com\/index.php\/wp-json\/wp\/v2\/posts\/19844","targetHints":{"allow":["GET"]}}],"collection":[{"href":"https:\/\/defrentealaverdad.com\/index.php\/wp-json\/wp\/v2\/posts"}],"about":[{"href":"https:\/\/defrentealaverdad.com\/index.php\/wp-json\/wp\/v2\/types\/post"}],"author":[{"embeddable":true,"href":"https:\/\/defrentealaverdad.com\/index.php\/wp-json\/wp\/v2\/users\/1"}],"replies":[{"embeddable":true,"href":"https:\/\/defrentealaverdad.com\/index.php\/wp-json\/wp\/v2\/comments?post=19844"}],"version-history":[{"count":3,"href":"https:\/\/defrentealaverdad.com\/index.php\/wp-json\/wp\/v2\/posts\/19844\/revisions"}],"predecessor-version":[{"id":19959,"href":"https:\/\/defrentealaverdad.com\/index.php\/wp-json\/wp\/v2\/posts\/19844\/revisions\/19959"}],"wp:attachment":[{"href":"https:\/\/defrentealaverdad.com\/index.php\/wp-json\/wp\/v2\/media?parent=19844"}],"wp:term":[{"taxonomy":"category","embeddable":true,"href":"https:\/\/defrentealaverdad.com\/index.php\/wp-json\/wp\/v2\/categories?post=19844"},{"taxonomy":"post_tag","embeddable":true,"href":"https:\/\/defrentealaverdad.com\/index.php\/wp-json\/wp\/v2\/tags?post=19844"}],"curies":[{"name":"wp","href":"https:\/\/api.w.org\/{rel}","templated":true}]}}