{"id":19840,"date":"2024-07-04T17:41:59","date_gmt":"2024-07-04T17:41:59","guid":{"rendered":"https:\/\/defrentealaverdad.com\/?p=19840"},"modified":"2024-07-04T17:42:53","modified_gmt":"2024-07-04T17:42:53","slug":"auto-haus-es-reconocida-como-empresa-centroamericana-del-ano-2024","status":"publish","type":"post","link":"https:\/\/defrentealaverdad.com\/index.php\/2024\/07\/04\/auto-haus-es-reconocida-como-empresa-centroamericana-del-ano-2024\/","title":{"rendered":"Auto Haus es reconocida como \u00abEmpresa Centroamericana  del A\u00f1o 2024\u00bb"},"content":{"rendered":"<p><img decoding=\"async\" class=\"size-medium wp-image-19841 alignleft lazyload\" data-src=\"https:\/\/defrentealaverdad.com\/wp-content\/uploads\/2024\/07\/Lilian-Batista-directora-de-mercadeo-de-Auto-Haus-recibe-el-premio-300x225.jpeg\" alt=\"\" width=\"300\" height=\"225\" data-srcset=\"https:\/\/defrentealaverdad.com\/wp-content\/uploads\/2024\/07\/Lilian-Batista-directora-de-mercadeo-de-Auto-Haus-recibe-el-premio-300x225.jpeg 300w, https:\/\/defrentealaverdad.com\/wp-content\/uploads\/2024\/07\/Lilian-Batista-directora-de-mercadeo-de-Auto-Haus-recibe-el-premio-1024x769.jpeg 1024w, https:\/\/defrentealaverdad.com\/wp-content\/uploads\/2024\/07\/Lilian-Batista-directora-de-mercadeo-de-Auto-Haus-recibe-el-premio-768x577.jpeg 768w, https:\/\/defrentealaverdad.com\/wp-content\/uploads\/2024\/07\/Lilian-Batista-directora-de-mercadeo-de-Auto-Haus-recibe-el-premio-1536x1153.jpeg 1536w, https:\/\/defrentealaverdad.com\/wp-content\/uploads\/2024\/07\/Lilian-Batista-directora-de-mercadeo-de-Auto-Haus-recibe-el-premio-2048x1538.jpeg 2048w, https:\/\/defrentealaverdad.com\/wp-content\/uploads\/2024\/07\/Lilian-Batista-directora-de-mercadeo-de-Auto-Haus-recibe-el-premio-720x540.jpeg 720w\" data-sizes=\"(max-width: 300px) 100vw, 300px\" src=\"data:image\/svg+xml;base64,PHN2ZyB3aWR0aD0iMSIgaGVpZ2h0PSIxIiB4bWxucz0iaHR0cDovL3d3dy53My5vcmcvMjAwMC9zdmciPjwvc3ZnPg==\" style=\"--smush-placeholder-width: 300px; --smush-placeholder-aspect-ratio: 300\/225;\" \/><\/p>\n<p style=\"text-align: justify;\">Santo Domingo &#8211; Auto Haus fue galardonada como \u00a8Empresa Centroamericana del A\u00f1o 2024\u00a8, otorgado por Latin American Quality Institute (LAQI). El Latin American Quality Institute (LAQI) llev\u00f3 a cabo la decimos\u00e9ptima edici\u00f3n del especial \u201cLAQI Impact Summit \u2013 Central Am\u00e9rica 2024\u201d, con la participaci\u00f3n de m\u00e1s de 500 l\u00edderes empresariales en la Ciudad de Panam\u00e1.<\/p>\n<p style=\"text-align: justify;\">En esta ocasi\u00f3n, Auto Haus fue reconocida por su destacada gesti\u00f3n empresarial, compromiso con el modelo de excelencia LAEM (Latin American Excellence Model) y desarrollo integral. De esta forma, contribuyen al futuro deseado para el a\u00f1o 2030, e inspiran negocios sustentables. Lilian Batista, directora de mercadeo de Auto Haus, recibi\u00f3 el premio en representaci\u00f3n de la compa\u00f1\u00eda en la premiaci\u00f3n realizada en Ciudad de Panam\u00e1. Adem\u00e1s expres\u00f3:<\/p>\n<blockquote><p>\u2018\u2019Este reconocimiento nos llena de emoci\u00f3n y nos inspira a seguir manteniendo el compromiso que tenemos con nuestros clientes, colaboradores y sociedad.\u2019\u2019<\/p><\/blockquote>\n<p style=\"text-align: justify;\">Asimismo, indic\u00f3 que poder recibir este premio internacional es producto de la pasi\u00f3n, dedicaci\u00f3n, servicio y esfuerzo de Auto Haus, en conjunto con el gran apoyo que reciben de parte de sus clientes.<\/p>\n<p style=\"text-align: justify;\">Fuente: <span class=\"qu\" tabindex=\"-1\" role=\"gridcell\" translate=\"no\"><span class=\"gD\" data-hovercard-id=\"annay.martinez@caribbeanpn.com\" data-hovercard-owner-id=\"21\">Annay Martinez<\/span><\/span><\/p>\n","protected":false},"excerpt":{"rendered":"<p>Santo Domingo &#8211; Auto Haus fue galardonada como \u00a8Empresa Centroamericana del A\u00f1o 2024\u00a8, otorgado por<\/p>\n","protected":false},"author":2,"featured_media":0,"comment_status":"open","ping_status":"open","sticky":false,"template":"","format":"standard","meta":{"footnotes":""},"categories":[7],"tags":[],"class_list":["post-19840","post","type-post","status-publish","format-standard","hentry","category-nacionales"],"_links":{"self":[{"href":"https:\/\/defrentealaverdad.com\/index.php\/wp-json\/wp\/v2\/posts\/19840","targetHints":{"allow":["GET"]}}],"collection":[{"href":"https:\/\/defrentealaverdad.com\/index.php\/wp-json\/wp\/v2\/posts"}],"about":[{"href":"https:\/\/defrentealaverdad.com\/index.php\/wp-json\/wp\/v2\/types\/post"}],"author":[{"embeddable":true,"href":"https:\/\/defrentealaverdad.com\/index.php\/wp-json\/wp\/v2\/users\/2"}],"replies":[{"embeddable":true,"href":"https:\/\/defrentealaverdad.com\/index.php\/wp-json\/wp\/v2\/comments?post=19840"}],"version-history":[{"count":2,"href":"https:\/\/defrentealaverdad.com\/index.php\/wp-json\/wp\/v2\/posts\/19840\/revisions"}],"predecessor-version":[{"id":19843,"href":"https:\/\/defrentealaverdad.com\/index.php\/wp-json\/wp\/v2\/posts\/19840\/revisions\/19843"}],"wp:attachment":[{"href":"https:\/\/defrentealaverdad.com\/index.php\/wp-json\/wp\/v2\/media?parent=19840"}],"wp:term":[{"taxonomy":"category","embeddable":true,"href":"https:\/\/defrentealaverdad.com\/index.php\/wp-json\/wp\/v2\/categories?post=19840"},{"taxonomy":"post_tag","embeddable":true,"href":"https:\/\/defrentealaverdad.com\/index.php\/wp-json\/wp\/v2\/tags?post=19840"}],"curies":[{"name":"wp","href":"https:\/\/api.w.org\/{rel}","templated":true}]}}