{"id":19833,"date":"2024-07-04T16:26:57","date_gmt":"2024-07-04T16:26:57","guid":{"rendered":"https:\/\/defrentealaverdad.com\/?p=19833"},"modified":"2024-07-04T16:26:57","modified_gmt":"2024-07-04T16:26:57","slug":"por-que-se-celebra-en-ee-uu-el-4-de-julio-cual-es-su-origen-e-historia-que-se-remonta-al-1776","status":"publish","type":"post","link":"https:\/\/defrentealaverdad.com\/index.php\/2024\/07\/04\/por-que-se-celebra-en-ee-uu-el-4-de-julio-cual-es-su-origen-e-historia-que-se-remonta-al-1776\/","title":{"rendered":"\u00bfPor qu\u00e9 se celebra en EE.UU. el 4 de julio? \u00bfCu\u00e1l es su origen e historia que se remonta al 1776?"},"content":{"rendered":"<p><img decoding=\"async\" class=\"alignright\" src=\"https:\/\/encrypted-tbn0.gstatic.com\/images?q=tbn:ANd9GcSmFYCfU751mpFLIQpRprgGd9Q0YId1h4Pt3w&amp;s\" alt=\"AFS Rep\u00fablica Dominicana - Hoy 4 de Julio se celebra el d\u00eda Nacional en los  Estados Unidos. Este d\u00eda marca la firma de la Declaraci\u00f3n de Independencia  en 1776 en la cual\" \/><\/p>\n<p style=\"text-align: justify;\">En todo Estados Unidos el 4 de julio es un d\u00eda de fiesta en que los colores rojo, azul y blanco adornan las ciudades, el cielo se ilumina con fuegos pirot\u00e9cnicos y las parrillas se encienden en los jardines, mientras que en algunas ciudades los amantes de los perros calientes tienen su propio concurso.<\/p>\n<p style=\"text-align: justify;\">Esta es la historia y las tradiciones del 4 de julio en Estados Unidos.<\/p>\n<div class=\"cnnvideo responsive fave-wrapper\" style=\"text-align: justify;\" data-actual-vid-height=\"\" data-detectedheight=\"0\" data-detectedwidth=\"760\" data-heightratio=\"0.6343\">\n<div id=\"fave-video2\" class=\"not-first\">\n<div id=\"player-fave-video2\" class=\"fave-player-container fave-top-player fave-no-mobile\">\n<div id=\"player-fave-video2-pui-wrapper\" class=\"pui-wrapper\">\n<div class=\"sc-gzVnrw pui sc-gPEVay dTQZjQ\"><\/div>\n<\/div>\n<\/div>\n<\/div>\n<\/div>\n<p style=\"text-align: justify;\"><strong>La historia del 4 de julio<\/strong><\/p>\n<p style=\"text-align: justify;\">El 4 de julio se celebra el\u00a0<em><strong>D\u00eda de la Independencia en Estados Unidos. <\/strong><\/em>Ese d\u00eda de 1776, el Congreso Continental\u00a0adopt\u00f3 la Declaraci\u00f3n de Independencia\u00a0dos d\u00edas despu\u00e9s de una votaci\u00f3n sobre la separaci\u00f3n del Reino Unido. La Declaraci\u00f3n, redactada por Thomas Jefferson (quien finalmente se convirti\u00f3 en presidente y muri\u00f3 el d\u00eda 4), es b\u00e1sicamente el certificado de nacimiento de Estados Unidos: ese d\u00eda se declar\u00f3 a Estados Unidos una naci\u00f3n independiente del poder brit\u00e1nico.<\/p>\n<p style=\"text-align: justify;\"><img decoding=\"async\" class=\"aligncenter lazyload\" data-src=\"https:\/\/archive-share.america.gov\/wp-content\/uploads\/2017\/06\/GettyImages-1032109934.jpg\" alt=\"El 4 de Julio: la mayor fiesta de cumplea\u00f1os de Estados Unidos |  ShareAmerica\" src=\"data:image\/svg+xml;base64,PHN2ZyB3aWR0aD0iMSIgaGVpZ2h0PSIxIiB4bWxucz0iaHR0cDovL3d3dy53My5vcmcvMjAwMC9zdmciPjwvc3ZnPg==\" \/>Benjamin Franklin, John Adams, Thomas Jefferson, Roger Sherman y Robert R. Livingston formaron el comit\u00e9 que redact\u00f3 la Declaraci\u00f3n. Jefferson, considerado el escritor m\u00e1s fuerte y elocuente, escribi\u00f3 la mayor parte del documento. El comit\u00e9 y el Congreso en su conjunto hicieron un total de 86 cambios al borrador de Jefferson.<\/p>\n<p style=\"text-align: justify;\">Aunque estos\u00a0Padres Fundadores\u00a0firmaron el documento en la d\u00e9cada de 1700, el D\u00eda de la Independencia no se convirti\u00f3 oficialmente en feriado sino hasta 1870, y se convirti\u00f3 en feriado pagado por el gobierno federal en 1941.<\/p>\n<p style=\"text-align: justify;\">Algunos datos de la Declaraci\u00f3n de Independencia de Estados Unidos<\/p>\n<p style=\"text-align: justify;\">Es posible que sepas acerca de la famosa firma grande de John Hancock o que Thomas Jefferson fue el autor del documento, pero aqu\u00ed hay\u00a0<a href=\"https:\/\/edition.cnn.com\/2015\/07\/02\/us\/declaration-of-independence-unknown-facts\/index.html\" target=\"_blank\" rel=\"noopener\">algunos datos<\/a>\u00a0que quiz\u00e1s no conozcas sobre la Declaraci\u00f3n.<\/p>\n<p style=\"text-align: justify;\"><strong>La Declaraci\u00f3n de Independencia no se firm\u00f3 el 4 de julio<\/strong><\/p>\n<p style=\"text-align: justify;\">Aunque el 4 de julio es el d\u00eda en que Estados Unidos celebra la independencia, ese no fue el d\u00eda en que se firm\u00f3 el documento. El Congreso Continental adopt\u00f3 la Declaraci\u00f3n ese d\u00eda, pero la mayor\u00eda de los delegados no firmaron el documento hasta el 2 de agosto de 1776, seg\u00fan los Archivos Nacionales. Los delegados de Nueva York no pudieron dar oficialmente su apoyo hasta el 9 de julio, y el Congreso no orden\u00f3 que el documento oficial fuera escrito en pergamino hasta el 19. Adem\u00e1s, el 4 de julio no era el d\u00eda que los fundadores esperaban que fuera recordado como el D\u00eda de la Independencia. Se pens\u00f3 que el 2 de julio, el d\u00eda en que el Congreso Continental vot\u00f3 por la independencia, era el d\u00eda de la celebraci\u00f3n, lo que incluso John Adams se\u00f1al\u00f3 en sus escritos, seg\u00fan los Archivos Nacionales.<\/p>\n<p style=\"text-align: justify;\">Hay m\u00e1s de una copia de la Declaraci\u00f3n de Independencia<\/p>\n<p style=\"text-align: justify;\">Aunque la mayor\u00eda de las personas que ven el documento ven el original en exhibici\u00f3n en los Archivos Nacionales en Washington, se imprimieron cientos m\u00e1s. Estas copias se conocen como las \u00abpanfletos de Dunlop\u00bb, en honor al propietario de la tienda que las imprimi\u00f3, John Dunlop.<\/p>\n<p style=\"text-align: justify;\">De los cientos de impresos, solo se sabe que sobrevivieron 26, incluidos dos que se encontraron en los \u00faltimos 26 a\u00f1os. Uno fue encontrado en 1989 por un hombre de Filadelfia escondido en un marco de fotos que compr\u00f3 en un mercado de pulgas por $4 y el otro fue encontrado en una caja de papeles en los Archivos Nacionales Brit\u00e1nicos en 2009.<\/p>\n<p style=\"text-align: justify;\"><strong>Jefferson y Adams murieron el mismo d\u00eda, el 4 de julio<\/strong><\/p>\n<p style=\"text-align: justify;\">Thomas Jefferson y John Adams murieron el mismo d\u00eda, el 4 de julio de 1826, 50 a\u00f1os despu\u00e9s de la adopci\u00f3n de la Declaraci\u00f3n, seg\u00fan los Archivos Nacionales. Adams ayud\u00f3 a Jefferson a escribir la declaraci\u00f3n y tambi\u00e9n particip\u00f3 en persuadir al Congreso para que declarara la independencia.<\/p>\n<p style=\"text-align: justify;\"><strong>Una marca en el documento sigue siendo un misterio sin resolver<\/strong><\/p>\n<p style=\"text-align: justify;\">Un misterio sobre el documento que a\u00fan no se ha resuelto es que aparece una huella de mano en la esquina inferior izquierda. Aunque los or\u00edgenes de la marca a\u00fan no est\u00e1n claros, su presencia no parece sorprender a los historiadores, ya que el documento se enrollaba, se met\u00eda en bolsas y se transportaba en vagones y barcos.<\/p>\n<blockquote>\n<p style=\"text-align: justify;\">\u201cFue terrible\u201d, dijo David Ward, historiador principal de la Galer\u00eda Nacional de Retratos, a Chris Moody de CNN. \u00abLo pusieron en una bolsa de arpillera. Lo enrollaron todo el tiempo, lo que se supone que no debes hacer. Estuvo expuesto a la luz, estuvo expuesto al humo\u00bb.<\/p>\n<\/blockquote>\n<p style=\"text-align: justify;\">Por supuesto, la protecci\u00f3n del documento se ha incrementado significativamente, ahora sellado en un marco de titanio y aluminio con humedad controlada. Durante la Segunda Guerra Mundial, seg\u00fan los Archivos Nacionales, fue transportado en 150 libras de equipo de protecci\u00f3n a Fort Knox, donde pas\u00f3 el resto de la guerra.<\/p>\n<p style=\"text-align: justify;\">\u00bfPor qu\u00e9 es famosa la frase \u00abtierra de libres, hogar de valientes\u00bb en el pa\u00eds?<\/p>\n<p style=\"text-align: justify;\">Esta l\u00ednea proviene del himno nacional, \u00abThe Star-Spangled Banner\u00bb, que fue escrito por Francis Scott Key. Si escuchas la letra con atenci\u00f3n, notar\u00e1s que la canci\u00f3n relata los eventos del bombardeo de Fort McHenry en 1814.<\/p>\n<p style=\"text-align: justify;\">En 1931, fue nombrado himno nacional. No te preocupes, no tienes que memorizarlo todo; tararear funciona bien para muchos estadounidenses.<\/p>\n<p style=\"text-align: justify;\">Fuente: CNN<\/p>\n","protected":false},"excerpt":{"rendered":"<p>En todo Estados Unidos el 4 de julio es un d\u00eda de fiesta en que<\/p>\n","protected":false},"author":2,"featured_media":0,"comment_status":"open","ping_status":"open","sticky":false,"template":"","format":"standard","meta":{"footnotes":""},"categories":[16],"tags":[],"class_list":["post-19833","post","type-post","status-publish","format-standard","hentry","category-internacionales"],"_links":{"self":[{"href":"https:\/\/defrentealaverdad.com\/index.php\/wp-json\/wp\/v2\/posts\/19833","targetHints":{"allow":["GET"]}}],"collection":[{"href":"https:\/\/defrentealaverdad.com\/index.php\/wp-json\/wp\/v2\/posts"}],"about":[{"href":"https:\/\/defrentealaverdad.com\/index.php\/wp-json\/wp\/v2\/types\/post"}],"author":[{"embeddable":true,"href":"https:\/\/defrentealaverdad.com\/index.php\/wp-json\/wp\/v2\/users\/2"}],"replies":[{"embeddable":true,"href":"https:\/\/defrentealaverdad.com\/index.php\/wp-json\/wp\/v2\/comments?post=19833"}],"version-history":[{"count":1,"href":"https:\/\/defrentealaverdad.com\/index.php\/wp-json\/wp\/v2\/posts\/19833\/revisions"}],"predecessor-version":[{"id":19834,"href":"https:\/\/defrentealaverdad.com\/index.php\/wp-json\/wp\/v2\/posts\/19833\/revisions\/19834"}],"wp:attachment":[{"href":"https:\/\/defrentealaverdad.com\/index.php\/wp-json\/wp\/v2\/media?parent=19833"}],"wp:term":[{"taxonomy":"category","embeddable":true,"href":"https:\/\/defrentealaverdad.com\/index.php\/wp-json\/wp\/v2\/categories?post=19833"},{"taxonomy":"post_tag","embeddable":true,"href":"https:\/\/defrentealaverdad.com\/index.php\/wp-json\/wp\/v2\/tags?post=19833"}],"curies":[{"name":"wp","href":"https:\/\/api.w.org\/{rel}","templated":true}]}}