{"id":19831,"date":"2024-07-04T16:23:49","date_gmt":"2024-07-04T16:23:49","guid":{"rendered":"https:\/\/defrentealaverdad.com\/?p=19831"},"modified":"2024-07-04T16:23:49","modified_gmt":"2024-07-04T16:23:49","slug":"pared-del-ojo-de-beryl-golpea-la-costa-sur-de-jamaica-camino-de-las-islas-caiman-y-mexico","status":"publish","type":"post","link":"https:\/\/defrentealaverdad.com\/index.php\/2024\/07\/04\/pared-del-ojo-de-beryl-golpea-la-costa-sur-de-jamaica-camino-de-las-islas-caiman-y-mexico\/","title":{"rendered":"Pared del ojo de Beryl golpea la costa sur de Jamaica camino de las Islas Caim\u00e1n y M\u00e9xico"},"content":{"rendered":"<div id=\"tdi_60\" class=\"tdc-row stretch_row_1400 td-stretch-content\">\n<div class=\"vc_row tdi_61  wpb_row td-pb-row tdc-element-style\">\n<div class=\"vc_column tdi_63  wpb_column vc_column_container tdc-column td-pb-span12\">\n<div class=\"wpb_wrapper\">\n<div class=\"td_block_wrap tdb_title tdi_66 tdb-single-title td-pb-border-top td_block_template_1\" data-td-block-uid=\"tdi_66\">\n<div class=\"tdb-block-inner td-fix-index\"><\/div>\n<\/div>\n<\/div>\n<\/div>\n<\/div>\n<\/div>\n<div id=\"tdi_87\" class=\"tdc-row stretch_row_1400 td-stretch-content\">\n<div class=\"vc_row tdi_88  wpb_row td-pb-row\">\n<div class=\"vc_column tdi_98  wpb_column vc_column_container tdc-column td-pb-span6\">\n<div class=\"wpb_wrapper\">\n<div class=\"td_block_wrap tdb_single_content tdi_101 td-pb-border-top td_block_template_1 td-post-content tagdiv-type\" data-td-block-uid=\"tdi_101\">\n<div class=\"tdb-block-inner td-fix-index\">\n<div class=\"media-content-video\">\n<div class=\"wp-video\">\n<div id=\"mep_0\" class=\"mejs-container mejs-container-keyboard-inactive wp-video-shortcode mejs-video\" tabindex=\"0\" role=\"application\" aria-label=\"Video Player\">\n<div class=\"mejs-inner\">\n<div class=\"mejs-controls\">\n<div><\/div>\n<div class=\"mejs-button mejs-fullscreen-button\"><img decoding=\"async\" class=\"aligncenter lazyload\" data-src=\"https:\/\/www.antena7.com.do\/wp-content\/uploads\/2024\/07\/WEB-8-1024x576.jpg\" alt=\"Pared del ojo de Beryl golpea la costa sur de Jamaica - Antena 7\" src=\"data:image\/svg+xml;base64,PHN2ZyB3aWR0aD0iMSIgaGVpZ2h0PSIxIiB4bWxucz0iaHR0cDovL3d3dy53My5vcmcvMjAwMC9zdmciPjwvc3ZnPg==\" style=\"--smush-placeholder-width: 1024px; --smush-placeholder-aspect-ratio: 1024\/576;\" \/><\/div>\n<div class=\"mejs-button mejs-fullscreen-button\">El director de comunicaciones de JPS, Winsome Callum, explic\u00f3 que se est\u00e1 realizando \u201cla restauraci\u00f3n remota\u201d del suministro de energ\u00eda hasta que las autoridades levanten la advertencia de hurac\u00e1n y despejen el camino para que los equipos ingresen a las comunidades afectadas por las inundaciones.<\/div>\n<\/div>\n<\/div>\n<\/div>\n<\/div>\n<\/div>\n<p>\u201cEsperamos que ese n\u00famero disminuya esta noche pero, desafortunadamente, la mayor\u00eda seguir\u00e1 sin (electricidad) durante la noche hasta que obtengamos el visto bueno de la Oficina de Preparaci\u00f3n para Desastres y Gesti\u00f3n de Emergencias\u201d, dijo Callum, citado por los medios locales.<\/p>\n<p>Los intensos vientos del hurac\u00e1n Beryl, de categor\u00eda 4, caus\u00f3 tambi\u00e9n da\u00f1os en la infraestructura de la isla y en el Aeropuerto Internacional Norman Manley de la capital jamaicana, Kingston.<\/p>\n<p>Los operadores del aeropuerto, PAC Kingston Airport Limited, informaron que el techo del \u00e1rea de embarque de pasajeros ha resultado da\u00f1ado.<\/p>\n<p>Seg\u00fan el comunicado, la evaluaci\u00f3n final de los da\u00f1os se realizar\u00e1 una vez pase el hurac\u00e1n.<\/p>\n<p>El aeropuerto internacional permanece cerrado desde el martes a las 22:00 hora local (3:00 GMT del mi\u00e9rcoles) y su reapertura depender\u00e1 de la situaci\u00f3n tras el cicl\u00f3n.<\/p>\n<p>Im\u00e1genes difundidas por los usuarios de la red social X muestran techos desprendidos y \u00e1rboles y postes del tendido el\u00e9ctrico ca\u00eddos debido al impacto de las r\u00e1fagas de viento.<\/p>\n<p>El \u00faltimo bolet\u00edn de la agencia meteorol\u00f3gica de Jamaica inform\u00f3 que las lluvias asociadas al hurac\u00e1n continuar\u00e1n en el centro y oeste de la isla, acompa\u00f1adas de fuertes vientos.<\/p>\n<p>Ante los probables da\u00f1os catastr\u00f3ficos, el Gobierno de Jamaica declar\u00f3 la isla zona de desastre durante los pr\u00f3ximos siete d\u00edas e impuso un toque de queda para esta jornada.<\/p>\n<p>La Oficina de Preparaci\u00f3n para Desastres y Gesti\u00f3n de Emergencias (Odpem, en ingl\u00e9s) de Jamaica inst\u00f3 a la poblaci\u00f3n que vive en zonas bajas y propensas a inundaciones a trasladarse a los refugios, en los que hay al menos medio centenar de personas.<\/p>\n<p>Por su parte, el primer ministro de Jamaica, Andrew Holness, indic\u00f3 que las autoridades establecieron un operativo especial \u201cpara mantener el orden p\u00fablico\u201d durante el paso de Beryl por el pa\u00eds caribe\u00f1o, que tiene unos altos \u00edndices de delincuencia y homicidios.<\/p>\n<p>Las alertas de hurac\u00e1n, adem\u00e1s de Jamaica, incluyen las islas Caim\u00e1n y la costa de la Pen\u00ednsula de Yucat\u00e1n, en M\u00e9xico, adonde se dirige Beryl. Tambi\u00e9n hay alertas de tormenta tropical para la costa de Belice, en Centroam\u00e9rica.<\/p>\n<p>El primer hurac\u00e1n de la temporada atl\u00e1ntica caus\u00f3 en los \u00faltimos d\u00edas gran devastaci\u00f3n en Granada y San Vicente y las Granadinas, donde fallecieron cuatro personas.<\/p>\n<p>Fuente: 20 Minutos<\/p>\n<\/div>\n<\/div>\n<\/div>\n<\/div>\n<\/div>\n<\/div>\n","protected":false},"excerpt":{"rendered":"<p>El director de comunicaciones de JPS, Winsome Callum, explic\u00f3 que se est\u00e1 realizando \u201cla restauraci\u00f3n<\/p>\n","protected":false},"author":4,"featured_media":0,"comment_status":"open","ping_status":"open","sticky":false,"template":"","format":"standard","meta":{"footnotes":""},"categories":[16],"tags":[],"class_list":["post-19831","post","type-post","status-publish","format-standard","hentry","category-internacionales"],"_links":{"self":[{"href":"https:\/\/defrentealaverdad.com\/index.php\/wp-json\/wp\/v2\/posts\/19831","targetHints":{"allow":["GET"]}}],"collection":[{"href":"https:\/\/defrentealaverdad.com\/index.php\/wp-json\/wp\/v2\/posts"}],"about":[{"href":"https:\/\/defrentealaverdad.com\/index.php\/wp-json\/wp\/v2\/types\/post"}],"author":[{"embeddable":true,"href":"https:\/\/defrentealaverdad.com\/index.php\/wp-json\/wp\/v2\/users\/4"}],"replies":[{"embeddable":true,"href":"https:\/\/defrentealaverdad.com\/index.php\/wp-json\/wp\/v2\/comments?post=19831"}],"version-history":[{"count":1,"href":"https:\/\/defrentealaverdad.com\/index.php\/wp-json\/wp\/v2\/posts\/19831\/revisions"}],"predecessor-version":[{"id":19832,"href":"https:\/\/defrentealaverdad.com\/index.php\/wp-json\/wp\/v2\/posts\/19831\/revisions\/19832"}],"wp:attachment":[{"href":"https:\/\/defrentealaverdad.com\/index.php\/wp-json\/wp\/v2\/media?parent=19831"}],"wp:term":[{"taxonomy":"category","embeddable":true,"href":"https:\/\/defrentealaverdad.com\/index.php\/wp-json\/wp\/v2\/categories?post=19831"},{"taxonomy":"post_tag","embeddable":true,"href":"https:\/\/defrentealaverdad.com\/index.php\/wp-json\/wp\/v2\/tags?post=19831"}],"curies":[{"name":"wp","href":"https:\/\/api.w.org\/{rel}","templated":true}]}}