{"id":19824,"date":"2024-07-04T13:11:27","date_gmt":"2024-07-04T13:11:27","guid":{"rendered":"https:\/\/defrentealaverdad.com\/?p=19824"},"modified":"2024-07-04T13:11:27","modified_gmt":"2024-07-04T13:11:27","slug":"director-de-autoridad-portuaria-supervisa-danos-en-muelles-tras-efectos-del-huracan-beryl","status":"publish","type":"post","link":"https:\/\/defrentealaverdad.com\/index.php\/2024\/07\/04\/director-de-autoridad-portuaria-supervisa-danos-en-muelles-tras-efectos-del-huracan-beryl\/","title":{"rendered":"Director de Autoridad portuaria supervisa da\u00f1os en muelles tras efectos del hurac\u00e1n Beryl"},"content":{"rendered":"<header class=\"entry-header\"><\/header>\n<figure class=\"post-thumbnail\"><img decoding=\"async\" class=\"post-thumbnail__img wp-post-image alignright lazyload\" data-src=\"https:\/\/robertocavada.com\/wp-content\/uploads\/2024\/07\/Captura-de-pantalla-2024-07-03-172407.png\" alt=\"Director de Autoridad portuaria supervisa da\u00f1os en muelles tras efectos del hurac\u00e1n Beryl\" width=\"740\" height=\"412\" src=\"data:image\/svg+xml;base64,PHN2ZyB3aWR0aD0iMSIgaGVpZ2h0PSIxIiB4bWxucz0iaHR0cDovL3d3dy53My5vcmcvMjAwMC9zdmciPjwvc3ZnPg==\" style=\"--smush-placeholder-width: 740px; --smush-placeholder-aspect-ratio: 740\/412;\" \/><\/figure>\n<div class=\"entry-content\">\n<div id=\"st-1\" class=\"sharethis-inline-share-buttons st-center st-lang-es st-has-labels  st-inline-share-buttons st-animated\">\n<div class=\"st-btn st-last st-remove-label\" style=\"text-align: justify;\" data-network=\"whatsapp\"><strong>Santo Domingo. <\/strong>\u2013 Tras el paso del hurac\u00e1n Beryl por la Rep\u00fablica Dominicana, la Autoridad Portuaria Dominicana (Apordom) ha llevado a cabo una supervisi\u00f3n de los muelles afectados para evaluar los da\u00f1os causados por el fen\u00f3meno atmosf\u00e9rico.<\/div>\n<div data-network=\"whatsapp\"><\/div>\n<\/div>\n<div id=\"advads-14ff781a81673e0f053d694b6b612526\" class=\"advads-14ff781a81673e0f053d694b6b612526 advads-content-first-paragraph\" style=\"text-align: justify;\">\n<div id=\"advads-729874627\" class=\"advads-content-first-paragraph\">\n<div id=\"advads-490286286\" data-advads-trackid=\"407505\" data-advads-trackbid=\"1\">El director de Apordom, Jean Luis Rodr\u00edguez, encabez\u00f3 las inspecciones en los muelles de Sabana Grande de Palenque y Boca de Yuma, con el objetivo de verificar el estado f\u00edsico de estas importantes estructuras en el \u00e1rea tur\u00edstica.<\/div>\n<\/div>\n<\/div>\n<p style=\"text-align: justify;\">Apordom ha tomado medidas inmediatas para abodar los da\u00f1os sufridos en los muelles de Azua, Palenque y Boca de Yuma.<\/p>\n<div id=\"advads-2c232243f641afa71d2fe7e8200809df\" class=\"advads-2c232243f641afa71d2fe7e8200809df advads-content-middle\" style=\"text-align: justify;\">\n<div id=\"advads-922954746\" class=\"advads-content-middle\">Durante la supervisi\u00f3n en el muelle de Sabana Grande de Palenque, Rodr\u00edguez afirm\u00f3: \u201cDesde que observamos la situaci\u00f3n en el pa\u00eds, comenzamos a tomar las medidas necesarias junto con todo nuestro equipo para luego revisar todos los da\u00f1os. Aqu\u00ed en Palenque, la estructura del muelle no ha sufrido tanto debido a las altas olas. Resolveremos todos los da\u00f1os dejados por Beryl\u201d.<\/div>\n<\/div>\n<p style=\"text-align: justify;\">En respuesta a las preocupaciones de la comunidad, el titular de Apordom asegur\u00f3 que la Autoridad Portuaria brindar\u00e1 todo el apoyo necesario a los pescadores y pescadoras que dependen de estas infraestructuras para su sustento.<\/p>\n<p style=\"text-align: justify;\">Durante la visita a la zona, Jean Luis Rodr\u00edguez se reuni\u00f3 con la gobernadora provincial de San Crist\u00f3bal, Pura Casilla, el alcalde de Palenque, Miguel Valera, y otras autoridades de las \u00e1reas afectadas. En conjunto, coordinaron los trabajos que Apordom llevar\u00e1 a cabo para brindar apoyo a todos los residentes de dichos lugares.<\/p>\n<p>Fuente: RC Noticias<\/p>\n<\/div>\n","protected":false},"excerpt":{"rendered":"<p>Santo Domingo. \u2013 Tras el paso del hurac\u00e1n Beryl por la Rep\u00fablica Dominicana, la Autoridad<\/p>\n","protected":false},"author":4,"featured_media":0,"comment_status":"open","ping_status":"open","sticky":false,"template":"","format":"standard","meta":{"footnotes":""},"categories":[7],"tags":[],"class_list":["post-19824","post","type-post","status-publish","format-standard","hentry","category-nacionales"],"_links":{"self":[{"href":"https:\/\/defrentealaverdad.com\/index.php\/wp-json\/wp\/v2\/posts\/19824","targetHints":{"allow":["GET"]}}],"collection":[{"href":"https:\/\/defrentealaverdad.com\/index.php\/wp-json\/wp\/v2\/posts"}],"about":[{"href":"https:\/\/defrentealaverdad.com\/index.php\/wp-json\/wp\/v2\/types\/post"}],"author":[{"embeddable":true,"href":"https:\/\/defrentealaverdad.com\/index.php\/wp-json\/wp\/v2\/users\/4"}],"replies":[{"embeddable":true,"href":"https:\/\/defrentealaverdad.com\/index.php\/wp-json\/wp\/v2\/comments?post=19824"}],"version-history":[{"count":1,"href":"https:\/\/defrentealaverdad.com\/index.php\/wp-json\/wp\/v2\/posts\/19824\/revisions"}],"predecessor-version":[{"id":19825,"href":"https:\/\/defrentealaverdad.com\/index.php\/wp-json\/wp\/v2\/posts\/19824\/revisions\/19825"}],"wp:attachment":[{"href":"https:\/\/defrentealaverdad.com\/index.php\/wp-json\/wp\/v2\/media?parent=19824"}],"wp:term":[{"taxonomy":"category","embeddable":true,"href":"https:\/\/defrentealaverdad.com\/index.php\/wp-json\/wp\/v2\/categories?post=19824"},{"taxonomy":"post_tag","embeddable":true,"href":"https:\/\/defrentealaverdad.com\/index.php\/wp-json\/wp\/v2\/tags?post=19824"}],"curies":[{"name":"wp","href":"https:\/\/api.w.org\/{rel}","templated":true}]}}