{"id":19822,"date":"2024-07-04T13:10:13","date_gmt":"2024-07-04T13:10:13","guid":{"rendered":"https:\/\/defrentealaverdad.com\/?p=19822"},"modified":"2024-07-04T13:10:13","modified_gmt":"2024-07-04T13:10:13","slug":"cadaver-hallado-en-el-rio-ozama-podria-tener-unos-cinco-dias-en-el-agua","status":"publish","type":"post","link":"https:\/\/defrentealaverdad.com\/index.php\/2024\/07\/04\/cadaver-hallado-en-el-rio-ozama-podria-tener-unos-cinco-dias-en-el-agua\/","title":{"rendered":"Cad\u00e1ver hallado en el r\u00edo Ozama podr\u00eda tener unos cinco d\u00edas en el agua"},"content":{"rendered":"<figure class=\"post-thumbnail\"><img decoding=\"async\" class=\"post-thumbnail__img wp-post-image alignleft lazyload\" data-src=\"https:\/\/robertocavada.com\/wp-content\/uploads\/2024\/07\/primera-rio-ozama-gualey-yimel-rivera-25.jpg-770x540.webp\" alt=\"Cad\u00e1ver hallado en el r\u00edo Ozama podr\u00eda tener unos cinco d\u00edas en el agua\" width=\"414\" height=\"290\" src=\"data:image\/svg+xml;base64,PHN2ZyB3aWR0aD0iMSIgaGVpZ2h0PSIxIiB4bWxucz0iaHR0cDovL3d3dy53My5vcmcvMjAwMC9zdmciPjwvc3ZnPg==\" style=\"--smush-placeholder-width: 414px; --smush-placeholder-aspect-ratio: 414\/290;\" \/><\/figure>\n<div class=\"entry-content\">\n<div id=\"st-1\" class=\"sharethis-inline-share-buttons st-center st-lang-es st-has-labels  st-inline-share-buttons st-animated\">\n<div class=\"st-btn st-last st-remove-label\" data-network=\"whatsapp\"><\/div>\n<\/div>\n<p style=\"text-align: justify;\"><strong>Santo Domingo, 3 jul (EFE).-<\/strong>\u00a0Un cad\u00e1ver en descomposici\u00f3n fue recuperado en el r\u00edo Ozama cuando se llevaba a cabo un levantamiento de las consecuencias del paso del hurac\u00e1n Beryl en el municipio de Santo Domingo Este, inform\u00f3 este mi\u00e9rcoles el alcalde, D\u00edo Astacio, que descart\u00f3 que se trate de una v\u00edctima del cicl\u00f3n.<\/p>\n<div id=\"advads-5c64fb44e0909d73d5b7a784a7e96825\" class=\"advads-5c64fb44e0909d73d5b7a784a7e96825 advads-content-first-paragraph\" style=\"text-align: justify;\">\n<div id=\"advads-351258300\" class=\"advads-content-first-paragraph\">Seg\u00fan se\u00f1al\u00f3 en declaraciones a la prensa, \u201cencontramos un cad\u00e1ver en el r\u00edo Ozama. Posiblemente sea un campesino de la parte alta, Yamas\u00e1 o Monte Plata, que intent\u00f3 cruzar el r\u00edo\u201d, aventur\u00f3.<\/div>\n<\/div>\n<div id=\"advads-eb5d94d536fbbf28bf8145aa4930141a\" class=\"advads-eb5d94d536fbbf28bf8145aa4930141a advads-content-middle\" style=\"text-align: justify;\">\n<div><\/div>\n<div id=\"advads-989150326\" class=\"advads-content-middle\">Asimismo, dijo que, aparentemente, y por su estado de descomposici\u00f3n, \u201ctiene aproximadamente cuatro o cinco d\u00edas\u201d en las aguas, y que se estaba llevando a cabo el levantamiento del cuerpo en el Cach\u00f3n de la Rubia, explic\u00f3<\/div>\n<\/div>\n<\/div>\n<div style=\"text-align: justify;\"><\/div>\n<div style=\"text-align: justify;\"><\/div>\n<div><\/div>\n<div>Fuente: RC Noticias<\/div>\n","protected":false},"excerpt":{"rendered":"<p>Santo Domingo, 3 jul (EFE).-\u00a0Un cad\u00e1ver en descomposici\u00f3n fue recuperado en el r\u00edo Ozama cuando<\/p>\n","protected":false},"author":1,"featured_media":0,"comment_status":"open","ping_status":"open","sticky":false,"template":"","format":"standard","meta":{"footnotes":""},"categories":[7],"tags":[],"class_list":["post-19822","post","type-post","status-publish","format-standard","hentry","category-nacionales"],"_links":{"self":[{"href":"https:\/\/defrentealaverdad.com\/index.php\/wp-json\/wp\/v2\/posts\/19822","targetHints":{"allow":["GET"]}}],"collection":[{"href":"https:\/\/defrentealaverdad.com\/index.php\/wp-json\/wp\/v2\/posts"}],"about":[{"href":"https:\/\/defrentealaverdad.com\/index.php\/wp-json\/wp\/v2\/types\/post"}],"author":[{"embeddable":true,"href":"https:\/\/defrentealaverdad.com\/index.php\/wp-json\/wp\/v2\/users\/1"}],"replies":[{"embeddable":true,"href":"https:\/\/defrentealaverdad.com\/index.php\/wp-json\/wp\/v2\/comments?post=19822"}],"version-history":[{"count":1,"href":"https:\/\/defrentealaverdad.com\/index.php\/wp-json\/wp\/v2\/posts\/19822\/revisions"}],"predecessor-version":[{"id":19823,"href":"https:\/\/defrentealaverdad.com\/index.php\/wp-json\/wp\/v2\/posts\/19822\/revisions\/19823"}],"wp:attachment":[{"href":"https:\/\/defrentealaverdad.com\/index.php\/wp-json\/wp\/v2\/media?parent=19822"}],"wp:term":[{"taxonomy":"category","embeddable":true,"href":"https:\/\/defrentealaverdad.com\/index.php\/wp-json\/wp\/v2\/categories?post=19822"},{"taxonomy":"post_tag","embeddable":true,"href":"https:\/\/defrentealaverdad.com\/index.php\/wp-json\/wp\/v2\/tags?post=19822"}],"curies":[{"name":"wp","href":"https:\/\/api.w.org\/{rel}","templated":true}]}}