{"id":19820,"date":"2024-07-04T13:08:52","date_gmt":"2024-07-04T13:08:52","guid":{"rendered":"https:\/\/defrentealaverdad.com\/?p=19820"},"modified":"2024-07-04T13:08:57","modified_gmt":"2024-07-04T13:08:57","slug":"senado-aprueba-proyecto-de-ley-del-codigo-penal-sin-incluir-causales-de-aborto","status":"publish","type":"post","link":"https:\/\/defrentealaverdad.com\/index.php\/2024\/07\/04\/senado-aprueba-proyecto-de-ley-del-codigo-penal-sin-incluir-causales-de-aborto\/","title":{"rendered":"Senado aprueba proyecto de Ley del C\u00f3digo Penal sin incluir causales de aborto"},"content":{"rendered":"<header class=\"entry-header\"><\/header>\n<figure class=\"post-thumbnail\"><img decoding=\"async\" class=\"post-thumbnail__img wp-post-image alignleft lazyload\" data-src=\"https:\/\/robertocavada.com\/wp-content\/uploads\/2024\/07\/WhatsApp-Image-2024-07-03-at-21.29.53-770x540.jpeg\" alt=\"Senado aprueba proyecto de Ley del C\u00f3digo Penal sin incluir causales de aborto\" width=\"770\" height=\"540\" src=\"data:image\/svg+xml;base64,PHN2ZyB3aWR0aD0iMSIgaGVpZ2h0PSIxIiB4bWxucz0iaHR0cDovL3d3dy53My5vcmcvMjAwMC9zdmciPjwvc3ZnPg==\" style=\"--smush-placeholder-width: 770px; --smush-placeholder-aspect-ratio: 770\/540;\" \/><\/figure>\n<div class=\"entry-content\">\n<div id=\"st-1\" class=\"sharethis-inline-share-buttons st-center st-lang-es st-has-labels st-inline-share-buttons st-animated\">\n<div class=\"st-btn st-last st-remove-label\" style=\"text-align: justify;\" data-network=\"whatsapp\"><\/div>\n<\/div>\n<p style=\"text-align: justify;\">Despu\u00e9s de una amplia discusi\u00f3n, el Senado de la Rep\u00fablica aprob\u00f3 este mi\u00e9rcoles en segunda lectura el a\u00f1ejado proyecto de Ley del C\u00f3digo Penal, sin incluir las tres causales del aborto.<\/p>\n<div id=\"advads-cc9006dfeeb39d3a21b8c20da35bd05d\" class=\"advads-cc9006dfeeb39d3a21b8c20da35bd05d advads-content-first-paragraph\" style=\"text-align: justify;\">\n<div id=\"advads-184471830\" class=\"advads-content-first-paragraph\">\n<div id=\"advads-1911747320\" class=\"advads-target\" data-advads-trackid=\"394960\" data-advads-trackbid=\"1\">El nuevo C\u00f3digo Penal, con 419 art\u00edculos y 72 nuevos tipos penales, que ahora va a la C\u00e1mara de Diputados, cont\u00f3 con la oposici\u00f3n de la senadora oficialista Faride Raful, quien motiv\u00f3 una vez m\u00e1s su voto disidente en el sentido de que el mismo continente las mismas debilidades por las que fue rechazado en la legislatura anterior, entre ellas, la no inclusi\u00f3n de las tres causales del aborto.<\/div>\n<\/div>\n<\/div>\n<p style=\"text-align: justify;\">Tambi\u00e9n se opuso a la pieza legislativa, el senador del Partido de la Liberaci\u00f3n Dominicana (PLD), Iv\u00e1n Lorenzo, quien abog\u00f3 porque se incluyan las tres causales del aborto, ya que de no hacerlo estar\u00edan faltando a la dignidad de la mujer.<\/p>\n<div id=\"advads-01ce01ebe55d854fff8223557bf6506b\" class=\"advads-01ce01ebe55d854fff8223557bf6506b advads-content-middle\" style=\"text-align: justify;\">\n<div id=\"advads-890998928\" class=\"advads-content-middle\">\n<div id=\"advads-1818464096\" data-advads-trackid=\"400526\" data-advads-trackbid=\"1\">Lorenzo pidi\u00f3 que el C\u00f3digo Penal, que fue aprobado con 20 votos a favor y 2 en contra, sea le\u00eddo nuevamente, pero el presidente del Senado, Ricardo de los Santos le respondi\u00f3 que no se pod\u00eda. M\u00e1s adelante tom\u00f3 la palabra nuevamente y solicit\u00f3 que la pieza legislativa sea votada art\u00edculo por art\u00edculo. Planteado que cont\u00f3 con 18 votos a favor y 2 en contra.<\/div>\n<\/div>\n<\/div>\n<p style=\"text-align: justify;\">Por otra parte, el proyecto fue defendido por el senador Ram\u00f3n Rogelio Genao, quien sostuvo que el nuevo C\u00f3digo Penal, que ya tiene 23 a\u00f1os en el Congreso Nacional sin poder salir a flote, est\u00e1 matrimoniado con la Constituci\u00f3n, ya que cumple con todos sus mandatos, entre ellos, el derecho a la vida desde la concepci\u00f3n hasta la muerte. Adem\u00e1s, de que \u00e9ste cuenta con 72 nuevos tipos penales.<\/p>\n<p style=\"text-align: justify;\">La pieza fue aprobada con algunas modificaciones, presentadas por Ricardo de los Santos, el art\u00edculo 135, Faride Raful,<\/p>\n<p>Fuente: RC Noticias<\/p>\n<\/div>\n","protected":false},"excerpt":{"rendered":"<p>Despu\u00e9s de una amplia discusi\u00f3n, el Senado de la Rep\u00fablica aprob\u00f3 este mi\u00e9rcoles en segunda<\/p>\n","protected":false},"author":1,"featured_media":0,"comment_status":"open","ping_status":"open","sticky":false,"template":"","format":"standard","meta":{"footnotes":""},"categories":[7],"tags":[],"class_list":["post-19820","post","type-post","status-publish","format-standard","hentry","category-nacionales"],"_links":{"self":[{"href":"https:\/\/defrentealaverdad.com\/index.php\/wp-json\/wp\/v2\/posts\/19820","targetHints":{"allow":["GET"]}}],"collection":[{"href":"https:\/\/defrentealaverdad.com\/index.php\/wp-json\/wp\/v2\/posts"}],"about":[{"href":"https:\/\/defrentealaverdad.com\/index.php\/wp-json\/wp\/v2\/types\/post"}],"author":[{"embeddable":true,"href":"https:\/\/defrentealaverdad.com\/index.php\/wp-json\/wp\/v2\/users\/1"}],"replies":[{"embeddable":true,"href":"https:\/\/defrentealaverdad.com\/index.php\/wp-json\/wp\/v2\/comments?post=19820"}],"version-history":[{"count":1,"href":"https:\/\/defrentealaverdad.com\/index.php\/wp-json\/wp\/v2\/posts\/19820\/revisions"}],"predecessor-version":[{"id":19821,"href":"https:\/\/defrentealaverdad.com\/index.php\/wp-json\/wp\/v2\/posts\/19820\/revisions\/19821"}],"wp:attachment":[{"href":"https:\/\/defrentealaverdad.com\/index.php\/wp-json\/wp\/v2\/media?parent=19820"}],"wp:term":[{"taxonomy":"category","embeddable":true,"href":"https:\/\/defrentealaverdad.com\/index.php\/wp-json\/wp\/v2\/categories?post=19820"},{"taxonomy":"post_tag","embeddable":true,"href":"https:\/\/defrentealaverdad.com\/index.php\/wp-json\/wp\/v2\/tags?post=19820"}],"curies":[{"name":"wp","href":"https:\/\/api.w.org\/{rel}","templated":true}]}}