{"id":19808,"date":"2024-07-03T14:51:15","date_gmt":"2024-07-03T14:51:15","guid":{"rendered":"https:\/\/defrentealaverdad.com\/?p=19808"},"modified":"2024-07-03T14:51:15","modified_gmt":"2024-07-03T14:51:15","slug":"beryl-causa-destrozos-y-deja-5-muertos-a-su-paso-por-el-caribe-nhc-insta-a-la-peninsula-de-yucatan-a-extremar-medidas","status":"publish","type":"post","link":"https:\/\/defrentealaverdad.com\/index.php\/2024\/07\/03\/beryl-causa-destrozos-y-deja-5-muertos-a-su-paso-por-el-caribe-nhc-insta-a-la-peninsula-de-yucatan-a-extremar-medidas\/","title":{"rendered":"Beryl causa destrozos y deja 5 muertos a su paso por el Caribe; NHC insta a la pen\u00ednsula de Yucat\u00e1n a extremar medidas"},"content":{"rendered":"<p style=\"text-align: justify;\"><img decoding=\"async\" class=\"alignright lazyload\" data-src=\"https:\/\/www.eleconomista.com.mx\/__export\/1719941652772\/sites\/eleconomista\/img\/2024\/07\/02\/beryl_1.jpg_1014274486.jpg\" alt=\"Foto: Reuters\" src=\"data:image\/svg+xml;base64,PHN2ZyB3aWR0aD0iMSIgaGVpZ2h0PSIxIiB4bWxucz0iaHR0cDovL3d3dy53My5vcmcvMjAwMC9zdmciPjwvc3ZnPg==\" \/>El hurac\u00e1n Beryl de categor\u00eda 5, el m\u00e1s precoz registrado en la temporada de ciclones del Atl\u00e1ntico, azota a las islas de las Antillas con m\u00e1xima fuerza, dejando al menos cinco muertos y destrucci\u00f3n generalizada en el Mar Caribe.<\/p>\n<p style=\"text-align: justify;\">Seg\u00fan los reportes de las autoridades en la regi\u00f3n, el fen\u00f3meno dej\u00f3 al menos tres muertos en Granada, uno en San Vicente y las Granadinas y uno en la costa de Venezuela.<\/p>\n<p style=\"text-align: justify;\">El Centro Nacional de Huracanes (NHC) estadounidense, que el lunes hab\u00eda considerado los efectos de la tormenta \u00abpotencialmente catastr\u00f3ficos\u00bb, se\u00f1al\u00f3 en su primer bolet\u00edn que los vientos desatados por Beryl se intensificaron hasta casi 270 km\/h.<\/p>\n<p style=\"text-align: justify;\">Si bien en su segundo informe (09:00 GMT), la entidad con sede en Miami indic\u00f3 que esperaba que se \u00abdebilite\u00bb al llegar el mi\u00e9rcoles frente a las costas de Jamaica, consider\u00f3 que en su desarrollo azotar\u00e1 a esa isla como una tormenta \u00abcasi mayor\u00bb con vientos potencialmente mortales, marejadas cicl\u00f3nicas, lluvias e inundaciones repentinas.<\/p>\n<blockquote><p>\u00abEl ojo de Beryl continuar\u00e1 movi\u00e9ndose r\u00e1pidamente a trav\u00e9s del sureste y centro del Mar Caribe hoy (martes) y se espera que pase cerca de Jamaica el mi\u00e9rcoles y de las Islas Caim\u00e1n el jueves\u00bb, indic\u00f3.<\/p><\/blockquote>\n<p style=\"text-align: justify;\">Seg\u00fan resalt\u00f3 el NHC, Beryl es \u00abel hurac\u00e1n de categor\u00eda 5 m\u00e1s precoz registrado en el Atl\u00e1ntico\u00bb.<\/p>\n<p style=\"text-align: justify;\">Tras perder algo de intensidad el fin de semana, Beryl volvi\u00f3 a fortalecerse el lunes alcanzando la m\u00e1xima categor\u00eda de la escala de Saffir-Simpson al llegar a isla de Carriacou, en Granada y de 9,000 habitantes.<\/p>\n<p style=\"text-align: justify;\">\u00abEn media hora, Carriacou fue devastada\u00bb, sentenci\u00f3 el primer ministro de Granada, Dickon Mitchell. \u00abVirtualmente no tenemos comunicaci\u00f3n con Carriacou desde hace 12 horas\u00bb, dijo.<\/p>\n<p style=\"text-align: justify;\">Bajo estado de emergencia, Carriacou tuvo cortadas las telecomunicaciones y la electricidad, con casas y puestos de suministro de combustible arrasados. Dos personas murieron all\u00ed y una tercera falleci\u00f3 en la isla principal de Granada, al caer un \u00e1rbol sobre una casa.<\/p>\n<blockquote>\n<p style=\"text-align: justify;\">Una reuni\u00f3n del bloque regional caribe\u00f1o Caricom prevista esta semana en Granada fue pospuesta.<\/p>\n<\/blockquote>\n<p style=\"text-align: justify;\">\u00abEst\u00e1 claro que la crisis clim\u00e1tica est\u00e1 llevando los desastres naturales a nuevos niveles r\u00e9cord de destrucci\u00f3n\u00bb, consider\u00f3 el Secretario Ejecutivo del fondo de ONU para el Cambio Clim\u00e1tico (UNFCC), Simon Stiell.<\/p>\n<p style=\"text-align: justify;\">\u00abLa crisis clim\u00e1tica va de mal en peor y m\u00e1s r\u00e1pido de lo esperado\u00bb, declar\u00f3 a la AFP la noche del lunes, destacando que ello exige como respuesta \u00abuna acci\u00f3n clim\u00e1tica mucho m\u00e1s ambiciosa por parte de los gobiernos y empresas\u00bb.<\/p>\n<p style=\"text-align: justify;\">San Vicente y las Granadinas tambi\u00e9n sufri\u00f3 \u00abvientos catastr\u00f3ficos y marejadas cicl\u00f3nicas potencialmente mortales\u00bb dejando destrozos, desolaci\u00f3n y al menos un muerto, seg\u00fan el primer ministro, Ralph Gonsalves, quien aclar\u00f3 que \u00abpodr\u00eda haber m\u00e1s v\u00edctimas\u00bb.<\/p>\n<blockquote><p>Otro hombre muri\u00f3 en el noreste de Venezuela, en el estado Sucre, arrasado por el desborde de un r\u00edo.<\/p><\/blockquote>\n<p style=\"text-align: justify;\">El NHC pronostic\u00f3 marejadas en las costas sur de Puerto Rico y La Espa\u00f1ola, donde est\u00e1n Rep\u00fablica Dominicana y Hait\u00ed.<\/p>\n<p style=\"text-align: justify;\">El gobierno de Rep\u00fablica Dominicana emiti\u00f3 alerta roja para las provincias de Barahona y Pedernales.<\/p>\n<p style=\"text-align: justify;\">La agencia estadounidense inst\u00f3 a las Islas Caim\u00e1n y varias zonas de la pen\u00ednsula de Yucat\u00e1n y el Golfo de M\u00e9xico a extremar medidas ante el avance de Beryl.<\/p>\n<p style=\"text-align: justify;\">Barbados, la m\u00e1s oriental de las Islas de Barlovento, se ha salvado de lo peor y solo registra fuertes vientos y lluvias torrenciales. Casas inundadas y barcos de pesca da\u00f1ados en Bridgetown, aunque no se reportaron heridos.<\/p>\n<p style=\"text-align: justify;\">Ya en la isla francesa de Martinica, hay alerta de tormenta tropical y unos 10,000 hogares quedaron sin electricidad en diferentes \u00e1reas.<\/p>\n<p style=\"text-align: justify;\"><strong>Un cicl\u00f3n inusual<\/strong><br \/>\nBeryl es el primer hurac\u00e1n de la temporada 2024 en el Atl\u00e1ntico, que va desde principios de junio hasta finales de noviembre.<\/p>\n<p style=\"text-align: justify;\">Los expertos afirman que es inusual que un cicl\u00f3n tan potente se forme en tan temprano en la temporada.<\/p>\n<p style=\"text-align: justify;\">\u00abS\u00f3lo se han registrado cinco huracanes importantes (Categor\u00eda 3+) en el Atl\u00e1ntico antes de la primera semana de julio\u00bb, precis\u00f3 en la red X el experto Michael Lowry.<\/p>\n<p style=\"text-align: justify;\">La Administraci\u00f3n Nacional Oce\u00e1nica y Atmosf\u00e9rica (NOAA) estadounidense tambi\u00e9n pronostic\u00f3 a finales de mayo una temporada extraordinaria, con la posibilidad de entre cuatro y siete huracanes de categor\u00eda 3 o m\u00e1s.<\/p>\n<p style=\"text-align: justify;\">La agencia cit\u00f3 las temperaturas c\u00e1lidas del oc\u00e9ano Atl\u00e1ntico y las condiciones relacionadas con el fen\u00f3meno clim\u00e1tico de La Ni\u00f1a en el Pac\u00edfico para explicar el aumento de las tormentas.<\/p>\n<p style=\"text-align: justify;\">En los \u00faltimos a\u00f1os, los fen\u00f3menos meteorol\u00f3gicos extremos, incluidos los huracanes, se han vuelto m\u00e1s frecuentes y devastadores como resultado del cambio clim\u00e1tico.<\/p>\n<p>Fuente: El Economista<\/p>\n","protected":false},"excerpt":{"rendered":"<p>El hurac\u00e1n Beryl de categor\u00eda 5, el m\u00e1s precoz registrado en la temporada de ciclones<\/p>\n","protected":false},"author":2,"featured_media":0,"comment_status":"open","ping_status":"open","sticky":false,"template":"","format":"standard","meta":{"footnotes":""},"categories":[16],"tags":[],"class_list":["post-19808","post","type-post","status-publish","format-standard","hentry","category-internacionales"],"_links":{"self":[{"href":"https:\/\/defrentealaverdad.com\/index.php\/wp-json\/wp\/v2\/posts\/19808","targetHints":{"allow":["GET"]}}],"collection":[{"href":"https:\/\/defrentealaverdad.com\/index.php\/wp-json\/wp\/v2\/posts"}],"about":[{"href":"https:\/\/defrentealaverdad.com\/index.php\/wp-json\/wp\/v2\/types\/post"}],"author":[{"embeddable":true,"href":"https:\/\/defrentealaverdad.com\/index.php\/wp-json\/wp\/v2\/users\/2"}],"replies":[{"embeddable":true,"href":"https:\/\/defrentealaverdad.com\/index.php\/wp-json\/wp\/v2\/comments?post=19808"}],"version-history":[{"count":1,"href":"https:\/\/defrentealaverdad.com\/index.php\/wp-json\/wp\/v2\/posts\/19808\/revisions"}],"predecessor-version":[{"id":19809,"href":"https:\/\/defrentealaverdad.com\/index.php\/wp-json\/wp\/v2\/posts\/19808\/revisions\/19809"}],"wp:attachment":[{"href":"https:\/\/defrentealaverdad.com\/index.php\/wp-json\/wp\/v2\/media?parent=19808"}],"wp:term":[{"taxonomy":"category","embeddable":true,"href":"https:\/\/defrentealaverdad.com\/index.php\/wp-json\/wp\/v2\/categories?post=19808"},{"taxonomy":"post_tag","embeddable":true,"href":"https:\/\/defrentealaverdad.com\/index.php\/wp-json\/wp\/v2\/tags?post=19808"}],"curies":[{"name":"wp","href":"https:\/\/api.w.org\/{rel}","templated":true}]}}