{"id":19802,"date":"2024-07-03T14:41:30","date_gmt":"2024-07-03T14:41:30","guid":{"rendered":"https:\/\/defrentealaverdad.com\/?p=19802"},"modified":"2024-07-03T14:41:30","modified_gmt":"2024-07-03T14:41:30","slug":"aguaceros-tronadas-y-poca-humedad-beryl-se-aleja-de-rd","status":"publish","type":"post","link":"https:\/\/defrentealaverdad.com\/index.php\/2024\/07\/03\/aguaceros-tronadas-y-poca-humedad-beryl-se-aleja-de-rd\/","title":{"rendered":"Aguaceros, tronadas y poca humedad; Beryl se aleja de RD"},"content":{"rendered":"<div class=\"entry-header\">\n<blockquote>\n<div class=\"category-name-list\" style=\"text-align: justify;\">Aguaceros, posibles tronadas y una masa de aire con menor contenido de humedad debido a que el hurac\u00e1n BERYL se aleja r\u00e1pidamente de nuestra \u00e1rea.<\/div>\n<\/blockquote>\n<\/div>\n<div class=\"post-content-area\">\n<div class=\"mrf-adv__wrapper mrf-heightLocked\" style=\"text-align: justify;\" data-label=\"Publicidad\">\n<div class=\"mrf-adv mrf-preInsertedMad mad sRoba adSemiInvisible mrf-madLoaded\" data-placement=\"\" data-madtype=\"sRoba\" data-sectionid=\"home\" data-virtualpageid=\"1\" data-loadstrategy=\"immediate\" data-layout=\"inline_square_deeplinking_s\" data-invalidatelayout=\"false\" data-loadonevent=\"navigationChange\" data-navigationlevel=\"1\" data-scrollposition=\"1\" data-madprocessed=\"true\" data-madid=\"1\">\n<div id=\"mrf-1820042949727\" data-google-query-id=\"COH--PGMi4cDFccNigMdRGIHnA\">\n<div id=\"google_ads_iframe_\/1018679\/ElDia_Articulo\/ElDia_Articulo_300x250_1_0__container__\">Santo Domingo.- La Oficina Nacional de Meteorolog\u00eda (Onamet)\u00a0pronostic\u00f3 para este mi\u00e9rcoles\u00a0<strong>aguaceros, posibles tronadas y una masa de aire con menor contenido de humedad<\/strong>\u00a0debido a que el\u00a0<strong>hurac\u00e1n BERYL<\/strong>\u00a0se aleja r\u00e1pidamente de nuestra \u00e1rea.<\/div>\n<div><img decoding=\"async\" class=\"alignright lazyload\" data-src=\"https:\/\/eldia.com.do\/wp-content\/uploads\/2020\/07\/c3b39bb6-aguaceros.jpg?x23315&amp;mrf-size=m\" alt=\"Aguaceros, tronadas y poca humedad; Beryl se aleja de RD\" src=\"data:image\/svg+xml;base64,PHN2ZyB3aWR0aD0iMSIgaGVpZ2h0PSIxIiB4bWxucz0iaHR0cDovL3d3dy53My5vcmcvMjAwMC9zdmciPjwvc3ZnPg==\" \/><\/div>\n<\/div>\n<\/div>\n<\/div>\n<div class=\"entry-content\">\n<p style=\"text-align: justify;\">Las precipitaciones ser\u00e1n m\u00e1s notables en las provincias: Pedernales, Barahona, Independencia, Bahoruco, El\u00edas Pi\u00f1a, San Juan, Azua, entre otras. Luego de esto, durante la tarde, hasta primeras horas de la noche, se esperan otros incrementos de la nubosidad que descargar\u00e1n aguaceros, tronadas y posibles r\u00e1fagas de viento, esta vez sobre: Hato Mayor, Monte Plata, S\u00e1nchez Ram\u00edrez, La Vega, Monse\u00f1or Nouel, San Crist\u00f3bal, San Jos\u00e9 de Ocoa, Santiago, San Juan, El\u00edas Pina, Dajab\u00f3n, entre otras.<\/p>\n<div class=\"mrf-adv__wrapper mrf-adv__wrapper--placeholder mrf-heightLocked mrf-adv__wrapper--empty\" style=\"text-align: justify;\" data-label=\"Publicidad\"><\/div>\n<p style=\"text-align: justify;\">Ma\u00f1ana jueves, la Onamet inform\u00f3 que una activa onda tropical, asociada a una zona de disturbio con bajo potencial cicl\u00f3nico ubicada actualmente al este de las Antillas Menores, estar\u00e1 afectando las condiciones meteorol\u00f3gicas sobre el \u00e1rea, mientras genera nublados acompa\u00f1ados de aguaceros fuertes en ocasiones, tormentas el\u00e9ctricas y r\u00e1fagas de viento sobre el pa\u00eds, que ser\u00e1n m\u00e1s intensos y frecuentes en la tarde sobre provincias del litoral costero sur, el suroeste, cordillera Central, Valle del Cibao y la zona fronteriza.<\/p>\n<div class=\"mrf-adv__wrapper mrf-adv__wrapper--placeholder   mrf-heightLocked\" style=\"text-align: justify;\" data-label=\"Publicidad\">\n<div class=\"mrf-adv mrf-preInsertedMad mad sRoba\" data-placement=\"\" data-madtype=\"sRoba\" data-sectionid=\"home\" data-virtualpageid=\"3\" data-loadstrategy=\"onScroll\" data-layout=\"inline_square_deeplinking_s\" data-invalidatelayout=\"false\" data-loadonevent=\"navigationChange\" data-navigationlevel=\"1\" data-scrollposition=\"3\" data-madprocessed=\"true\" data-madid=\"6\"><strong>Condiciones del tiempo<\/strong><\/div>\n<\/div>\n<ul>\n<li style=\"text-align: justify;\"><strong>Distrito Nacional:<\/strong>\u00a0medio nublado a nublado en ocasiones con aguaceros dispersos y tronadas aisladas.<\/li>\n<li style=\"text-align: justify;\"><strong>Santo Domingo Este:<\/strong>\u00a0medio nublado a nublado en ocasiones con aguaceros dispersos y tronadas aisladas.<\/li>\n<li style=\"text-align: justify;\"><strong>Santo Domingo Norte:<\/strong>\u00a0medio nublado a nublado en ocasiones con aguaceros dispersos y tronadas aisladas.<\/li>\n<li style=\"text-align: justify;\"><strong>Santo Domingo Oeste:<\/strong>\u00a0medio nublado a nublado en ocasiones con aguaceros dispersos y tronadas aisladas.<\/li>\n<\/ul>\n<p>Fuente: El D\u00eda<\/p>\n<\/div>\n<\/div>\n","protected":false},"excerpt":{"rendered":"<p>Aguaceros, posibles tronadas y una masa de aire con menor contenido de humedad debido a<\/p>\n","protected":false},"author":1,"featured_media":0,"comment_status":"open","ping_status":"open","sticky":false,"template":"","format":"standard","meta":{"footnotes":""},"categories":[7],"tags":[],"class_list":["post-19802","post","type-post","status-publish","format-standard","hentry","category-nacionales"],"_links":{"self":[{"href":"https:\/\/defrentealaverdad.com\/index.php\/wp-json\/wp\/v2\/posts\/19802","targetHints":{"allow":["GET"]}}],"collection":[{"href":"https:\/\/defrentealaverdad.com\/index.php\/wp-json\/wp\/v2\/posts"}],"about":[{"href":"https:\/\/defrentealaverdad.com\/index.php\/wp-json\/wp\/v2\/types\/post"}],"author":[{"embeddable":true,"href":"https:\/\/defrentealaverdad.com\/index.php\/wp-json\/wp\/v2\/users\/1"}],"replies":[{"embeddable":true,"href":"https:\/\/defrentealaverdad.com\/index.php\/wp-json\/wp\/v2\/comments?post=19802"}],"version-history":[{"count":1,"href":"https:\/\/defrentealaverdad.com\/index.php\/wp-json\/wp\/v2\/posts\/19802\/revisions"}],"predecessor-version":[{"id":19803,"href":"https:\/\/defrentealaverdad.com\/index.php\/wp-json\/wp\/v2\/posts\/19802\/revisions\/19803"}],"wp:attachment":[{"href":"https:\/\/defrentealaverdad.com\/index.php\/wp-json\/wp\/v2\/media?parent=19802"}],"wp:term":[{"taxonomy":"category","embeddable":true,"href":"https:\/\/defrentealaverdad.com\/index.php\/wp-json\/wp\/v2\/categories?post=19802"},{"taxonomy":"post_tag","embeddable":true,"href":"https:\/\/defrentealaverdad.com\/index.php\/wp-json\/wp\/v2\/tags?post=19802"}],"curies":[{"name":"wp","href":"https:\/\/api.w.org\/{rel}","templated":true}]}}