{"id":19796,"date":"2024-07-02T01:20:22","date_gmt":"2024-07-02T01:20:22","guid":{"rendered":"https:\/\/defrentealaverdad.com\/?p=19796"},"modified":"2024-07-03T01:22:16","modified_gmt":"2024-07-03T01:22:16","slug":"alcaldia-de-santo-domingo-este-cierra-tramo-de-la-av-espana-como-medidas-preventivas-por-la-tormenta-beryl","status":"publish","type":"post","link":"https:\/\/defrentealaverdad.com\/index.php\/2024\/07\/02\/alcaldia-de-santo-domingo-este-cierra-tramo-de-la-av-espana-como-medidas-preventivas-por-la-tormenta-beryl\/","title":{"rendered":"Alcald\u00eda de Santo Domingo Este cierra tramo de la Av. Espa\u00f1a como medidas Preventivas por la Tormenta Beryl"},"content":{"rendered":"<p><img decoding=\"async\" class=\"size-medium wp-image-19798 alignright lazyload\" data-src=\"https:\/\/defrentealaverdad.com\/wp-content\/uploads\/2024\/07\/IMG-20240702-WA0345-300x200.jpg\" alt=\"\" width=\"300\" height=\"200\" data-srcset=\"https:\/\/defrentealaverdad.com\/wp-content\/uploads\/2024\/07\/IMG-20240702-WA0345-300x200.jpg 300w, https:\/\/defrentealaverdad.com\/wp-content\/uploads\/2024\/07\/IMG-20240702-WA0345-1024x682.jpg 1024w, https:\/\/defrentealaverdad.com\/wp-content\/uploads\/2024\/07\/IMG-20240702-WA0345-768x512.jpg 768w, https:\/\/defrentealaverdad.com\/wp-content\/uploads\/2024\/07\/IMG-20240702-WA0345-1536x1023.jpg 1536w, https:\/\/defrentealaverdad.com\/wp-content\/uploads\/2024\/07\/IMG-20240702-WA0345.jpg 1600w\" data-sizes=\"(max-width: 300px) 100vw, 300px\" src=\"data:image\/svg+xml;base64,PHN2ZyB3aWR0aD0iMSIgaGVpZ2h0PSIxIiB4bWxucz0iaHR0cDovL3d3dy53My5vcmcvMjAwMC9zdmciPjwvc3ZnPg==\" style=\"--smush-placeholder-width: 300px; --smush-placeholder-aspect-ratio: 300\/200;\" \/><\/p>\n<p style=\"text-align: justify;\">Santo Domingo Este.- El alcalde de Santo Domingo Este, D\u00edo Astacio, dispuso el cierre del tramo que comprende la Avenida Espa\u00f1a en el lado sur (de oeste a este) desde la Av. Mirador del Este (Frente al Plan Social) hasta el Puente Juan Carlos, debido al fuerte oleaje que en la zona impera. Este cierre forma parte de las medidas de seguridad adoptadas por la alcald\u00eda ante el paso de la tormenta Beryl en el pa\u00eds.<\/p>\n<p style=\"text-align: justify;\">La alcaldia recomienda a todos los municpes el uso de las rutas alternas como: la Av. 25 de Febrero, la Av. Mirador del Este y la Autopista Las Am\u00e9ricas. En ese mismo sentido, solicta a todos los conductores que manejen con precauci\u00f3n y tomen las medidas necesarias para su seguridad.<\/p>\n<p style=\"text-align: justify;\"><img decoding=\"async\" class=\"size-medium wp-image-19799 alignleft lazyload\" data-src=\"https:\/\/defrentealaverdad.com\/wp-content\/uploads\/2024\/07\/IMG-20240702-WA0344-300x200.jpg\" alt=\"\" width=\"300\" height=\"200\" data-srcset=\"https:\/\/defrentealaverdad.com\/wp-content\/uploads\/2024\/07\/IMG-20240702-WA0344-300x200.jpg 300w, https:\/\/defrentealaverdad.com\/wp-content\/uploads\/2024\/07\/IMG-20240702-WA0344-1024x682.jpg 1024w, https:\/\/defrentealaverdad.com\/wp-content\/uploads\/2024\/07\/IMG-20240702-WA0344-768x512.jpg 768w, https:\/\/defrentealaverdad.com\/wp-content\/uploads\/2024\/07\/IMG-20240702-WA0344-1536x1023.jpg 1536w, https:\/\/defrentealaverdad.com\/wp-content\/uploads\/2024\/07\/IMG-20240702-WA0344.jpg 1600w\" data-sizes=\"(max-width: 300px) 100vw, 300px\" src=\"data:image\/svg+xml;base64,PHN2ZyB3aWR0aD0iMSIgaGVpZ2h0PSIxIiB4bWxucz0iaHR0cDovL3d3dy53My5vcmcvMjAwMC9zdmciPjwvc3ZnPg==\" style=\"--smush-placeholder-width: 300px; --smush-placeholder-aspect-ratio: 300\/200;\" \/>El Alcalde de Santo Domingo Este, Dio Astacio, anunci\u00f3 en vivo el cierre de este tramo de la Avenida Espa\u00f1a para garantizar la seguridad de todos los ciudadanos. Durante una inspecci\u00f3n en el malec\u00f3n de Santo Domingo Este, se encontr\u00f3 a un ni\u00f1o de 11 a\u00f1os cazando cangrejos y a varias personas tomando fotos y videos. Todos fueron retirados de la zona por motivos de seguridad. Hasta el momento, el ni\u00f1o no ha podido identificar a sus padres.<\/p>\n<p style=\"text-align: justify;\">Esta medida de cierre es una acci\u00f3n coordinada entre la Direcci\u00f3n General de Seguridad de Tr\u00e1nsito y Transporte Terrestre (DIGESELT), el Instituto Nacional de Tr\u00e1nsito y Transporte Terrestre (INTRANT) y la Alcald\u00eda de Santo Domingo Este.<\/p>\n<p style=\"text-align: justify;\">Agradecemos su comprensi\u00f3n y cooperaci\u00f3n en estas circunstancias. La seguridad de todos es nuestra prioridad.<\/p>\n","protected":false},"excerpt":{"rendered":"<p>Santo Domingo Este.- El alcalde de Santo Domingo Este, D\u00edo Astacio, dispuso el cierre del<\/p>\n","protected":false},"author":1,"featured_media":0,"comment_status":"open","ping_status":"open","sticky":false,"template":"","format":"standard","meta":{"footnotes":""},"categories":[7],"tags":[],"class_list":["post-19796","post","type-post","status-publish","format-standard","hentry","category-nacionales"],"_links":{"self":[{"href":"https:\/\/defrentealaverdad.com\/index.php\/wp-json\/wp\/v2\/posts\/19796","targetHints":{"allow":["GET"]}}],"collection":[{"href":"https:\/\/defrentealaverdad.com\/index.php\/wp-json\/wp\/v2\/posts"}],"about":[{"href":"https:\/\/defrentealaverdad.com\/index.php\/wp-json\/wp\/v2\/types\/post"}],"author":[{"embeddable":true,"href":"https:\/\/defrentealaverdad.com\/index.php\/wp-json\/wp\/v2\/users\/1"}],"replies":[{"embeddable":true,"href":"https:\/\/defrentealaverdad.com\/index.php\/wp-json\/wp\/v2\/comments?post=19796"}],"version-history":[{"count":2,"href":"https:\/\/defrentealaverdad.com\/index.php\/wp-json\/wp\/v2\/posts\/19796\/revisions"}],"predecessor-version":[{"id":19800,"href":"https:\/\/defrentealaverdad.com\/index.php\/wp-json\/wp\/v2\/posts\/19796\/revisions\/19800"}],"wp:attachment":[{"href":"https:\/\/defrentealaverdad.com\/index.php\/wp-json\/wp\/v2\/media?parent=19796"}],"wp:term":[{"taxonomy":"category","embeddable":true,"href":"https:\/\/defrentealaverdad.com\/index.php\/wp-json\/wp\/v2\/categories?post=19796"},{"taxonomy":"post_tag","embeddable":true,"href":"https:\/\/defrentealaverdad.com\/index.php\/wp-json\/wp\/v2\/tags?post=19796"}],"curies":[{"name":"wp","href":"https:\/\/api.w.org\/{rel}","templated":true}]}}