{"id":1973,"date":"2022-10-19T13:38:26","date_gmt":"2022-10-19T13:38:26","guid":{"rendered":"https:\/\/defrentealaverdad.com\/?p=1973"},"modified":"2022-10-19T13:38:26","modified_gmt":"2022-10-19T13:38:26","slug":"juliana-oneal-denuncia-persisten-problemas-con-los-medicamentos-de-alto-costo-y-falta-de-apoyo-a-casas-de-acogida","status":"publish","type":"post","link":"https:\/\/defrentealaverdad.com\/index.php\/2022\/10\/19\/juliana-oneal-denuncia-persisten-problemas-con-los-medicamentos-de-alto-costo-y-falta-de-apoyo-a-casas-de-acogida\/","title":{"rendered":"Juliana O&#8217;neal denuncia persisten problemas con los medicamentos de alto costo y falta de apoyo a casas de acogida"},"content":{"rendered":"<p><img decoding=\"async\" class=\"alignnone size-medium wp-image-1974 aligncenter lazyload\" data-src=\"https:\/\/defrentealaverdad.com\/wp-content\/uploads\/2022\/10\/WhatsApp-Image-2022-10-18-at-18.43.12-300x200.jpeg\" alt=\"\" width=\"300\" height=\"200\" data-srcset=\"https:\/\/defrentealaverdad.com\/wp-content\/uploads\/2022\/10\/WhatsApp-Image-2022-10-18-at-18.43.12-300x200.jpeg 300w, https:\/\/defrentealaverdad.com\/wp-content\/uploads\/2022\/10\/WhatsApp-Image-2022-10-18-at-18.43.12-1024x682.jpeg 1024w, https:\/\/defrentealaverdad.com\/wp-content\/uploads\/2022\/10\/WhatsApp-Image-2022-10-18-at-18.43.12-768x512.jpeg 768w, https:\/\/defrentealaverdad.com\/wp-content\/uploads\/2022\/10\/WhatsApp-Image-2022-10-18-at-18.43.12.jpeg 1280w\" data-sizes=\"(max-width: 300px) 100vw, 300px\" src=\"data:image\/svg+xml;base64,PHN2ZyB3aWR0aD0iMSIgaGVpZ2h0PSIxIiB4bWxucz0iaHR0cDovL3d3dy53My5vcmcvMjAwMC9zdmciPjwvc3ZnPg==\" style=\"--smush-placeholder-width: 300px; --smush-placeholder-aspect-ratio: 300\/200;\" \/><\/p>\n<p style=\"text-align: justify;\">\nA prop\u00f3sito de que este mi\u00e9rcoles 19 de octubre se conmemora el <strong>D\u00eda Mundial de la Lucha Contra el C\u00e1ncer de Mama<\/strong>, la diputada Juliana O&#8217;neal se refiri\u00f3 a las peripecias por las que atraviesan las personas que padecen esta enfermedad en Rep\u00fablica Dominicana por la falta de medicamentos, y afirm\u00f3 que solamente en su escritorio tiene alrededor de 23 expedientes de personas en lista de espera para recibir los f\u00e1rmacos que requieren para tratar la enfermedad.<\/p>\n<p style=\"text-align: justify;\">\nAl agotar su turno en la sesi\u00f3n de este martes en la C\u00e1mara de Diputados, la tambi\u00e9n aspirante a la Direcci\u00f3n Pol\u00edtica de la Fuerza del Pueblo, hizo referencia a la falta de apoyo por parte de las casas de acogidas para pacientes que residen en el interior del pa\u00eds.<\/p>\n<p style=\"text-align: justify;\">\nIndic\u00f3 que como no hay hospitales oncol\u00f3gicos a nivel nacional, se hace necesario, urgente, que el gobierno empiece a apoyar o a instalar casas de acogidas para pacientes con c\u00e1ncer.<\/p>\n<p style=\"text-align: justify;\">\nDeplor\u00f3 que una persona tenga que venir de Dajab\u00f3n a hacerse un estudio o tenga que venir de Pedernales al oncol\u00f3gico porque quiz\u00e1s no tienen los servicios disponibles cerca de su provincia.<\/p>\n<p style=\"text-align: justify;\">\n<em>\u201cSiguen las denuncias por los medicamentos de alto costo. Dejemos de estar publicando en los peri\u00f3dicos que esa situaci\u00f3n est\u00e1 resuelta porque no es as\u00ed. Tenemos reportes, informaciones, tenemos pacientes quej\u00e1ndose de que los medicamentos no est\u00e1n llegando, que le est\u00e1n dando medicamentos sustitutos y eso es bastante serio\u201d,<\/em> dijo Oneal.<\/p>\n<p style=\"text-align: justify;\">\n<em>\u201cYo invito a las autoridades involucradas; a Alto Costo, Programa de Medicamentos Esenciales\/Central de Apoyo Log\u00edstico (PROMESE\/CAL) y hasta el Ministerio de Salud P\u00fablica para que se apoderen del tema porque no s\u00e9 cu\u00e1ntas personas hay en lista de espera en Alto Costo\u201d<\/em>, agreg\u00f3.<\/p>\n<p style=\"text-align: justify;\">\n<p style=\"text-align: justify;\"><strong>Reducci\u00f3n o eliminaci\u00f3n de presupuesto a ONG<\/strong><\/p>\n<p style=\"text-align: justify;\">\nLa diputada pidi\u00f3 que se investigue la raz\u00f3n por la cual fundaciones que est\u00e1n actuando con transparencia, que est\u00e1n entregando sus reportes, que su calidad es probada, que su actuar es de respeto y que en este a\u00f1o en la asignaci\u00f3n presupuestaria se les ha eliminado o se les ha rebajado su asignaci\u00f3n.<\/p>\n<p style=\"text-align: justify;\">\n<em>\u201cNo quisi\u00e9ramos pensar que como son fundaciones que est\u00e1n peleando, defendiendo pacientes que utilizan medicamentos de alto costo sea una represalia por esas denuncias y por empoderarse del tema\u201d<\/em>, detall\u00f3.<\/p>\n<p style=\"text-align: justify;\">\nAgreg\u00f3 que <em>\u201cma\u00f1ana cumplimos otro 19 de octubre, las cifras siguen altas. Muchas personas carentes de medicamentos y aunque es el D\u00eda de la Lucha Contra el C\u00e1ncer de Mama, creo que debe ser un d\u00eda de reflexi\u00f3n\u201d.<\/em><\/p>\n<p style=\"text-align: justify;\">\n\u201c<em>Se\u00f1ores, la salud del pueblo es lo m\u00e1s importante. Sin salud y educaci\u00f3n no hay manera de que un pa\u00eds evolucione, que progrese y lamentablemente sumado a la delincuencia y sumado al alto costo de la vida, la educaci\u00f3n y la salud son los dos temas donde RD tiene que hacer una mesa de conversaci\u00f3n nacional y buscar soluciones porque ya est\u00e1 bueno\u201d,<\/em> dijo.<\/p>\n<p style=\"text-align: justify;\">\nO&#8217;neal critic\u00f3 el hecho de que cada a\u00f1o las instituciones se iluminen de luces rosadas, de mucho dinero invertido en lanzamientos y campa\u00f1as, pero al final seguimos teniendo muchas mujeres muriendo.<\/p>\n<p style=\"text-align: justify;\">\n<em>\u201cSeguimos teniendo muchas mujeres que luego de ser diagnosticada por programas del mismo Estado dominicano, lamentablemente no tienen acceso de medicamentos, no tienen acceso a atenci\u00f3n de calidad y son cosas que debemos de cambiar\u201d<\/em>, acot\u00f3.<\/p>\n<p style=\"text-align: justify;\">\n<p style=\"text-align: justify;\"><strong>Direcci\u00f3n Pol\u00edtica de la Fuerza del Pueblo<\/strong><\/p>\n<p style=\"text-align: justify;\">\nJulina O&#8217;neal es aspirante a una de las posiciones en la Direcci\u00f3n Pol\u00edtica en el pr\u00f3ximo 25 de octubre. El de la FP, Leonel Fern\u00e1ndez, anunci\u00f3 la elecci\u00f3n de 20 nuevas integrantes en la Direcci\u00f3n Pol\u00edtica de la entidad que preside.<\/p>\n<p>&nbsp;<\/p>\n<p>Fuente: Mayrenilde Mu\u00f1oz<\/p>\n","protected":false},"excerpt":{"rendered":"<p>A prop\u00f3sito de que este mi\u00e9rcoles 19 de octubre se conmemora el D\u00eda Mundial de<\/p>\n","protected":false},"author":1,"featured_media":0,"comment_status":"open","ping_status":"open","sticky":false,"template":"","format":"standard","meta":{"footnotes":""},"categories":[7],"tags":[],"class_list":["post-1973","post","type-post","status-publish","format-standard","hentry","category-nacionales"],"_links":{"self":[{"href":"https:\/\/defrentealaverdad.com\/index.php\/wp-json\/wp\/v2\/posts\/1973","targetHints":{"allow":["GET"]}}],"collection":[{"href":"https:\/\/defrentealaverdad.com\/index.php\/wp-json\/wp\/v2\/posts"}],"about":[{"href":"https:\/\/defrentealaverdad.com\/index.php\/wp-json\/wp\/v2\/types\/post"}],"author":[{"embeddable":true,"href":"https:\/\/defrentealaverdad.com\/index.php\/wp-json\/wp\/v2\/users\/1"}],"replies":[{"embeddable":true,"href":"https:\/\/defrentealaverdad.com\/index.php\/wp-json\/wp\/v2\/comments?post=1973"}],"version-history":[{"count":1,"href":"https:\/\/defrentealaverdad.com\/index.php\/wp-json\/wp\/v2\/posts\/1973\/revisions"}],"predecessor-version":[{"id":1975,"href":"https:\/\/defrentealaverdad.com\/index.php\/wp-json\/wp\/v2\/posts\/1973\/revisions\/1975"}],"wp:attachment":[{"href":"https:\/\/defrentealaverdad.com\/index.php\/wp-json\/wp\/v2\/media?parent=1973"}],"wp:term":[{"taxonomy":"category","embeddable":true,"href":"https:\/\/defrentealaverdad.com\/index.php\/wp-json\/wp\/v2\/categories?post=1973"},{"taxonomy":"post_tag","embeddable":true,"href":"https:\/\/defrentealaverdad.com\/index.php\/wp-json\/wp\/v2\/tags?post=1973"}],"curies":[{"name":"wp","href":"https:\/\/api.w.org\/{rel}","templated":true}]}}