{"id":19712,"date":"2024-07-02T20:10:15","date_gmt":"2024-07-02T20:10:15","guid":{"rendered":"https:\/\/defrentealaverdad.com\/?p=19712"},"modified":"2024-07-02T20:10:15","modified_gmt":"2024-07-02T20:10:15","slug":"agencia-mayorista-suplitur-celebra-su-20-aniversario","status":"publish","type":"post","link":"https:\/\/defrentealaverdad.com\/index.php\/2024\/07\/02\/agencia-mayorista-suplitur-celebra-su-20-aniversario\/","title":{"rendered":"Agencia mayorista Suplitur celebra su 20 aniversario"},"content":{"rendered":"<blockquote>\n<p style=\"text-align: justify;\">La empresa cumple 20 a\u00f1os siendo l\u00edder en el sector y ofreciendo un servicio de calidad a sus clientes.<\/p>\n<\/blockquote>\n<p style=\"text-align: justify;\">Con mucha emoci\u00f3n y con m\u00e1s motivos para seguir ofreciendo un servicio excepcional, la agencia de viajes mayorista Suplitur celebr\u00f3 este lunes 1 de julio su vig\u00e9simo aniversario.<\/p>\n<p style=\"text-align: justify;\"><img decoding=\"async\" class=\"size-medium wp-image-19713 alignleft lazyload\" data-src=\"https:\/\/defrentealaverdad.com\/wp-content\/uploads\/2024\/07\/IMG-20240702-WA0054-300x200.jpg\" alt=\"\" width=\"300\" height=\"200\" data-srcset=\"https:\/\/defrentealaverdad.com\/wp-content\/uploads\/2024\/07\/IMG-20240702-WA0054-300x200.jpg 300w, https:\/\/defrentealaverdad.com\/wp-content\/uploads\/2024\/07\/IMG-20240702-WA0054-1024x683.jpg 1024w, https:\/\/defrentealaverdad.com\/wp-content\/uploads\/2024\/07\/IMG-20240702-WA0054-768x512.jpg 768w, https:\/\/defrentealaverdad.com\/wp-content\/uploads\/2024\/07\/IMG-20240702-WA0054-1536x1024.jpg 1536w, https:\/\/defrentealaverdad.com\/wp-content\/uploads\/2024\/07\/IMG-20240702-WA0054-2048x1366.jpg 2048w\" data-sizes=\"(max-width: 300px) 100vw, 300px\" src=\"data:image\/svg+xml;base64,PHN2ZyB3aWR0aD0iMSIgaGVpZ2h0PSIxIiB4bWxucz0iaHR0cDovL3d3dy53My5vcmcvMjAwMC9zdmciPjwvc3ZnPg==\" style=\"--smush-placeholder-width: 300px; --smush-placeholder-aspect-ratio: 300\/200;\" \/><\/p>\n<p style=\"text-align: justify;\">Esta celebraci\u00f3n tuvo lugar en el hotel Courtyard by Marriott Piantini Santo Domingo y participaron altos miembros de las principales asociaciones reconocidas del sector: Asociaci\u00f3n Dominicana de Agencias de Viajes y Turismo (ADAVIT), Asociaci\u00f3n Dominicana de Operadores de Turismo (ADOTUR), Asociaci\u00f3n de Tour Operadores Receptivos de la Rep\u00fablica Dominicana (OPETUR) y la Asociaci\u00f3n de Hoteles y Turismo de la Rep Dom (ASONAHORES); socios comerciales tur\u00edsticos, que abarca representantes de cadenas hoteleras, l\u00edneas a\u00e9reas, navieras, aseguradoras, y renta de autos; socios estrat\u00e9gicos, colaboradores y allegados a esta empresa que desde hace dos d\u00e9cadas ha buscado brindar experiencias \u00fanicas y memorables.<\/p>\n<p style=\"text-align: justify;\"><img decoding=\"async\" class=\"size-medium wp-image-19714 alignright lazyload\" data-src=\"https:\/\/defrentealaverdad.com\/wp-content\/uploads\/2024\/07\/IMG-20240702-WA0050-300x188.jpg\" alt=\"\" width=\"300\" height=\"188\" data-srcset=\"https:\/\/defrentealaverdad.com\/wp-content\/uploads\/2024\/07\/IMG-20240702-WA0050-300x188.jpg 300w, https:\/\/defrentealaverdad.com\/wp-content\/uploads\/2024\/07\/IMG-20240702-WA0050-1024x643.jpg 1024w, https:\/\/defrentealaverdad.com\/wp-content\/uploads\/2024\/07\/IMG-20240702-WA0050-768x482.jpg 768w, https:\/\/defrentealaverdad.com\/wp-content\/uploads\/2024\/07\/IMG-20240702-WA0050-1536x965.jpg 1536w, https:\/\/defrentealaverdad.com\/wp-content\/uploads\/2024\/07\/IMG-20240702-WA0050-2048x1287.jpg 2048w\" data-sizes=\"(max-width: 300px) 100vw, 300px\" src=\"data:image\/svg+xml;base64,PHN2ZyB3aWR0aD0iMSIgaGVpZ2h0PSIxIiB4bWxucz0iaHR0cDovL3d3dy53My5vcmcvMjAwMC9zdmciPjwvc3ZnPg==\" style=\"--smush-placeholder-width: 300px; --smush-placeholder-aspect-ratio: 300\/188;\" \/><\/p>\n<p style=\"text-align: justify;\">En el transcurso del evento, se destacaron los logros alcanzados por Suplitur en estos veinte a\u00f1os de operaci\u00f3n, entre los que est\u00e1n:<\/p>\n<p style=\"text-align: justify;\">La creaci\u00f3n de productos propios que los han posicionado como uno de los principales mayoristas del pa\u00eds.<\/p>\n<p style=\"text-align: justify;\"><img decoding=\"async\" class=\"size-medium wp-image-19716 alignleft lazyload\" data-src=\"https:\/\/defrentealaverdad.com\/wp-content\/uploads\/2024\/07\/IMG-20240702-WA0052-300x200.jpg\" alt=\"\" width=\"300\" height=\"200\" data-srcset=\"https:\/\/defrentealaverdad.com\/wp-content\/uploads\/2024\/07\/IMG-20240702-WA0052-300x200.jpg 300w, https:\/\/defrentealaverdad.com\/wp-content\/uploads\/2024\/07\/IMG-20240702-WA0052-1024x682.jpg 1024w, https:\/\/defrentealaverdad.com\/wp-content\/uploads\/2024\/07\/IMG-20240702-WA0052-768x512.jpg 768w, https:\/\/defrentealaverdad.com\/wp-content\/uploads\/2024\/07\/IMG-20240702-WA0052-1536x1023.jpg 1536w, https:\/\/defrentealaverdad.com\/wp-content\/uploads\/2024\/07\/IMG-20240702-WA0052.jpg 1600w\" data-sizes=\"(max-width: 300px) 100vw, 300px\" src=\"data:image\/svg+xml;base64,PHN2ZyB3aWR0aD0iMSIgaGVpZ2h0PSIxIiB4bWxucz0iaHR0cDovL3d3dy53My5vcmcvMjAwMC9zdmciPjwvc3ZnPg==\" style=\"--smush-placeholder-width: 300px; --smush-placeholder-aspect-ratio: 300\/200;\" \/> Desarrollar un plan de entrenamiento continuo y gratuito, los llamados #TCG: \u00abSuplitur Te Capacita y Ganas\u00bb, para agentes de viajes, y con el respaldo de cientos proveedores.<\/p>\n<p style=\"text-align: justify;\">El lanzamiento de la p\u00e1gina web m\u00e1s completa del mercado, con una inversi\u00f3n econ\u00f3mica importante y una integraci\u00f3n \u00fanica que ofrece a todas las agencias de viajes la oportunidad de reservar hoteles, traslados, actividades y circuitos a cualquier parte del mundo, en menos de un minuto, disponible las 24 horas del d\u00eda.<\/p>\n<p style=\"text-align: justify;\">Haber conseguido ser el primer Mayorista de la Rep\u00fablica Dominicana, firmante del C\u00f3digo de \u00c9tica Mundial para el Turismo de la Organizaci\u00f3n Mundial de Turismo (OMT), en la ciudad de Madrid durante la celebraci\u00f3n de FITUR en enero de 2017.<\/p>\n<p style=\"text-align: justify;\"><img decoding=\"async\" class=\"size-medium wp-image-19715 alignleft lazyload\" data-src=\"https:\/\/defrentealaverdad.com\/wp-content\/uploads\/2024\/07\/IMG-20240702-WA0053-300x200.jpg\" alt=\"\" width=\"300\" height=\"200\" data-srcset=\"https:\/\/defrentealaverdad.com\/wp-content\/uploads\/2024\/07\/IMG-20240702-WA0053-300x200.jpg 300w, https:\/\/defrentealaverdad.com\/wp-content\/uploads\/2024\/07\/IMG-20240702-WA0053-1024x682.jpg 1024w, https:\/\/defrentealaverdad.com\/wp-content\/uploads\/2024\/07\/IMG-20240702-WA0053-768x512.jpg 768w, https:\/\/defrentealaverdad.com\/wp-content\/uploads\/2024\/07\/IMG-20240702-WA0053-1536x1023.jpg 1536w, https:\/\/defrentealaverdad.com\/wp-content\/uploads\/2024\/07\/IMG-20240702-WA0053.jpg 1600w\" data-sizes=\"(max-width: 300px) 100vw, 300px\" src=\"data:image\/svg+xml;base64,PHN2ZyB3aWR0aD0iMSIgaGVpZ2h0PSIxIiB4bWxucz0iaHR0cDovL3d3dy53My5vcmcvMjAwMC9zdmciPjwvc3ZnPg==\" style=\"--smush-placeholder-width: 300px; --smush-placeholder-aspect-ratio: 300\/200;\" \/><\/p>\n<p style=\"text-align: justify;\">Haber recibido, en abril de este a\u00f1o, el galard\u00f3n en los Premios Los +Eco\u00edstas del Grupo Pi\u00f1ero, reconociendo sus acciones enfocadas al cuidado al planeta.<\/p>\n<p style=\"text-align: justify;\">Asimismo, fueron reconocidos los colaboradores m\u00e1s antiguos de Suplitur, destacando sus aportes invaluables, compromiso, entrega y dedicaci\u00f3n a lo largo de estos a\u00f1os.<\/p>\n<p style=\"text-align: justify;\">Por igual, la empresa mayorista consolid\u00f3 su compromiso con las buenas causas, haciendo menci\u00f3n a las iniciativas de labor social que realiza, tales como el Programa de Responsabilidad Social, destacando acciones como: Juguetes por Amor, la donaci\u00f3n de sangre para ni\u00f1os y la reforestaci\u00f3n.<\/p>\n<p style=\"text-align: justify;\">Durante sus emotivas palabras, Michelle Rojas, directora general de Suplitur, expres\u00f3 su agradecimiento a todos los que a lo largo de estos a\u00f1os han formado parte de esta trayectoria y han sido piezas clave en el camino para que hoy la empresa est\u00e9 donde est\u00e1.<\/p>\n<blockquote>\n<p style=\"text-align: justify;\">\u00abCon los a\u00f1os, hemos creado relaciones comerciales muy robustas con clientes y proveedores. De comercializar solo dos productos, hemos pasado a una carpeta de m\u00e1s de mil opciones a nivel nacional e internacional. Apostamos por la calidad de lo que ofrecemos, filtrando operadores y creando un sello de Agencia Segura, ante aquellas que han demostrado un manejo extraordinario, con clientes finales, y una fidelidad a nuestra empresa a lo largo de los a\u00f1os\u00bb, dijo Rojas.<\/p>\n<\/blockquote>\n<p style=\"text-align: justify;\">Yikaury Mar\u00eda, gerente general de la empresa, tambi\u00e9n comparti\u00f3 unas palabras en las que destac\u00f3 el inicio de un nuevo camino al arribar a estos 20 a\u00f1os de operaciones.<\/p>\n<blockquote>\n<p style=\"text-align: justify;\">\u00abJuntos seguiremos llevando esperanza y aportando valor a nuestra sociedad y nuestro sector, y en esa intencionalidad, de devolver un poco de lo mucho que de Dios hemos recibido. Ustedes hoy se nos han sumado, al traernos un regalo de cumplea\u00f1os para los ni\u00f1os del Hogar Dominicas, en Santiago, el cual estamos en proceso de remozamiento con el apoyo de la Fundaci\u00f3n Europamundo. Este proyecto elevar\u00e1 la calidad de vida y la educaci\u00f3n de esos peque\u00f1os, al proporcionarles su rinc\u00f3n de lectura\u00bb, expres\u00f3.<\/p>\n<\/blockquote>\n<p style=\"text-align: justify;\">En el evento, que estuvo cargado de alegr\u00eda y muchas emociones, Suplitur reafirm\u00f3 su compromiso de continuar entregando lo mejor a sus clientes y proveedores, a trav\u00e9s de un servicio de valor, \u00edntegro y excepcional.<\/p>\n<p>Fuente: Prensa Suplitur<\/p>\n","protected":false},"excerpt":{"rendered":"<p>La empresa cumple 20 a\u00f1os siendo l\u00edder en el sector y ofreciendo un servicio de<\/p>\n","protected":false},"author":2,"featured_media":0,"comment_status":"open","ping_status":"open","sticky":false,"template":"","format":"standard","meta":{"footnotes":""},"categories":[7],"tags":[],"class_list":["post-19712","post","type-post","status-publish","format-standard","hentry","category-nacionales"],"_links":{"self":[{"href":"https:\/\/defrentealaverdad.com\/index.php\/wp-json\/wp\/v2\/posts\/19712","targetHints":{"allow":["GET"]}}],"collection":[{"href":"https:\/\/defrentealaverdad.com\/index.php\/wp-json\/wp\/v2\/posts"}],"about":[{"href":"https:\/\/defrentealaverdad.com\/index.php\/wp-json\/wp\/v2\/types\/post"}],"author":[{"embeddable":true,"href":"https:\/\/defrentealaverdad.com\/index.php\/wp-json\/wp\/v2\/users\/2"}],"replies":[{"embeddable":true,"href":"https:\/\/defrentealaverdad.com\/index.php\/wp-json\/wp\/v2\/comments?post=19712"}],"version-history":[{"count":1,"href":"https:\/\/defrentealaverdad.com\/index.php\/wp-json\/wp\/v2\/posts\/19712\/revisions"}],"predecessor-version":[{"id":19718,"href":"https:\/\/defrentealaverdad.com\/index.php\/wp-json\/wp\/v2\/posts\/19712\/revisions\/19718"}],"wp:attachment":[{"href":"https:\/\/defrentealaverdad.com\/index.php\/wp-json\/wp\/v2\/media?parent=19712"}],"wp:term":[{"taxonomy":"category","embeddable":true,"href":"https:\/\/defrentealaverdad.com\/index.php\/wp-json\/wp\/v2\/categories?post=19712"},{"taxonomy":"post_tag","embeddable":true,"href":"https:\/\/defrentealaverdad.com\/index.php\/wp-json\/wp\/v2\/tags?post=19712"}],"curies":[{"name":"wp","href":"https:\/\/api.w.org\/{rel}","templated":true}]}}