{"id":19709,"date":"2024-07-02T20:05:13","date_gmt":"2024-07-02T20:05:13","guid":{"rendered":"https:\/\/defrentealaverdad.com\/?p=19709"},"modified":"2024-07-02T20:05:13","modified_gmt":"2024-07-02T20:05:13","slug":"inapa-activa-su-comite-de-emergencia-ante-posibles-efectos-de-beryl","status":"publish","type":"post","link":"https:\/\/defrentealaverdad.com\/index.php\/2024\/07\/02\/inapa-activa-su-comite-de-emergencia-ante-posibles-efectos-de-beryl\/","title":{"rendered":"INAPA activa su comit\u00e9 de emergencia ante posibles efectos de Beryl"},"content":{"rendered":"<p style=\"text-align: justify;\"><img decoding=\"async\" class=\"size-medium wp-image-19710 alignright lazyload\" data-src=\"https:\/\/defrentealaverdad.com\/wp-content\/uploads\/2024\/07\/IMG-20240702-WA0033-300x200.jpg\" alt=\"\" width=\"300\" height=\"200\" data-srcset=\"https:\/\/defrentealaverdad.com\/wp-content\/uploads\/2024\/07\/IMG-20240702-WA0033-300x200.jpg 300w, https:\/\/defrentealaverdad.com\/wp-content\/uploads\/2024\/07\/IMG-20240702-WA0033-1024x682.jpg 1024w, https:\/\/defrentealaverdad.com\/wp-content\/uploads\/2024\/07\/IMG-20240702-WA0033-768x512.jpg 768w, https:\/\/defrentealaverdad.com\/wp-content\/uploads\/2024\/07\/IMG-20240702-WA0033.jpg 1280w\" data-sizes=\"(max-width: 300px) 100vw, 300px\" src=\"data:image\/svg+xml;base64,PHN2ZyB3aWR0aD0iMSIgaGVpZ2h0PSIxIiB4bWxucz0iaHR0cDovL3d3dy53My5vcmcvMjAwMC9zdmciPjwvc3ZnPg==\" style=\"--smush-placeholder-width: 300px; --smush-placeholder-aspect-ratio: 300\/200;\" \/><\/p>\n<p style=\"text-align: justify;\">El director ejecutivo del Instituto Nacional de Aguas Potables y Alcantarillados (INAPA), Wellington Arnaud, activ\u00f3 este lunes su comit\u00e9 de emergencia, a trav\u00e9s del cual implementa una serie de medidas para la protecci\u00f3n de los acueductos del pa\u00eds ante los efectos que pueda provocar el hurac\u00e1n Beryl.<\/p>\n<p style=\"text-align: justify;\">Arnaud, durante una reuni\u00f3n con los miembros que conforma el comit\u00e9 de emergencia, indic\u00f3 al director de Operaciones, Luis Jos\u00e9 Popa, tomar todas las medidas establecidas en el Plan de Emergencia de Infraestructura del sector APS del INAPA para prevenir da\u00f1os y proteger los sistemas de agua potable y de alcantarillado.<\/p>\n<p style=\"text-align: justify;\">En ese sentido, el comit\u00e9 se declar\u00f3 en sesi\u00f3n permanente a fin de dar seguimiento al desarrollo del hurac\u00e1n Beryl y sus posibles efectos en la Rep\u00fablica Dominicana.<\/p>\n<p style=\"text-align: justify;\">El Comit\u00e9 Operativo de Emergencia del INAPA est\u00e1 encabezado por el director de Operaciones, quien orient\u00f3 a los encargados de los departamentos provinciales y de Operaciones de las 24 provincias bajo la jurisdicci\u00f3n operativa del INAPA asegurar los siguientes servicios: abastecimiento de combustible; protecci\u00f3n y preservaci\u00f3n de los equipos de bombeo y generadores el\u00e9ctricos; llenado de los dep\u00f3sitos y prestaci\u00f3n del servicio v\u00eda \u00abbypass\u00bb; realizar operativos de despeje de escombros y sedimentos en obras de toma; desarrollar poda y despeje de \u00e1rboles cercanos a las l\u00edneas el\u00e9ctricas que alimentan las instalaciones del INAPA; asegurar el preposicionamiento de equipos (camiones cisternas, retroexcavadoras, retropalas, bombas de achique, soldadoras y motosoldadoras); mantener comunicaci\u00f3n continua con el nivel central y realizar requerimientos oportunos seg\u00fan las necesidades.<\/p>\n<p style=\"text-align: justify;\">En ese sentido, el director de Operaciones del INAPA exhort\u00f3 a la poblaci\u00f3n a hacer un uso racional del agua potable, a los fines de evitar escasez durante y despu\u00e9s del paso del fen\u00f3meno atmosf\u00e9rico por el territorio nacional.<\/p>\n<p style=\"text-align: justify;\">El Comit\u00e9 Operativo de Emergencia del INAPA est\u00e1 constituido por los enlaces de las direcciones de Operaciones, Tratamiento de Agua, Calidad del Agua, Financiera, Administrativa, Ingenier\u00eda, Planificaci\u00f3n y Desarrollo, Supervisi\u00f3n y Fiscalizaci\u00f3n de Obras, Desarrollo Provincial, as\u00ed como Tecnolog\u00edas de la Informaci\u00f3n y Comunicaci\u00f3n.<\/p>\n<p>Fuente: Comit\u00e9 Operativo de Emergencia del INAPA<\/p>\n","protected":false},"excerpt":{"rendered":"<p>El director ejecutivo del Instituto Nacional de Aguas Potables y Alcantarillados (INAPA), Wellington Arnaud, activ\u00f3<\/p>\n","protected":false},"author":1,"featured_media":0,"comment_status":"open","ping_status":"open","sticky":false,"template":"","format":"standard","meta":{"footnotes":""},"categories":[7],"tags":[],"class_list":["post-19709","post","type-post","status-publish","format-standard","hentry","category-nacionales"],"_links":{"self":[{"href":"https:\/\/defrentealaverdad.com\/index.php\/wp-json\/wp\/v2\/posts\/19709","targetHints":{"allow":["GET"]}}],"collection":[{"href":"https:\/\/defrentealaverdad.com\/index.php\/wp-json\/wp\/v2\/posts"}],"about":[{"href":"https:\/\/defrentealaverdad.com\/index.php\/wp-json\/wp\/v2\/types\/post"}],"author":[{"embeddable":true,"href":"https:\/\/defrentealaverdad.com\/index.php\/wp-json\/wp\/v2\/users\/1"}],"replies":[{"embeddable":true,"href":"https:\/\/defrentealaverdad.com\/index.php\/wp-json\/wp\/v2\/comments?post=19709"}],"version-history":[{"count":1,"href":"https:\/\/defrentealaverdad.com\/index.php\/wp-json\/wp\/v2\/posts\/19709\/revisions"}],"predecessor-version":[{"id":19711,"href":"https:\/\/defrentealaverdad.com\/index.php\/wp-json\/wp\/v2\/posts\/19709\/revisions\/19711"}],"wp:attachment":[{"href":"https:\/\/defrentealaverdad.com\/index.php\/wp-json\/wp\/v2\/media?parent=19709"}],"wp:term":[{"taxonomy":"category","embeddable":true,"href":"https:\/\/defrentealaverdad.com\/index.php\/wp-json\/wp\/v2\/categories?post=19709"},{"taxonomy":"post_tag","embeddable":true,"href":"https:\/\/defrentealaverdad.com\/index.php\/wp-json\/wp\/v2\/tags?post=19709"}],"curies":[{"name":"wp","href":"https:\/\/api.w.org\/{rel}","templated":true}]}}