{"id":19699,"date":"2024-07-02T19:57:15","date_gmt":"2024-07-02T19:57:15","guid":{"rendered":"https:\/\/defrentealaverdad.com\/?p=19699"},"modified":"2024-07-02T19:57:15","modified_gmt":"2024-07-02T19:57:15","slug":"abinader-entrega-premio-a-la-excelencia-magisterial-2024","status":"publish","type":"post","link":"https:\/\/defrentealaverdad.com\/index.php\/2024\/07\/02\/abinader-entrega-premio-a-la-excelencia-magisterial-2024\/","title":{"rendered":"Abinader entrega Premio a la Excelencia Magisterial 2024"},"content":{"rendered":"<blockquote>\n<p style=\"text-align: justify;\">Adem\u00e1s, reconoce a 10 docentes con el Premio Anual a la excelencia del Docente de Instituciones de Educaci\u00f3n Superior.<\/p>\n<\/blockquote>\n<p style=\"text-align: justify;\">Santo Domingo. \u2013 El presidente Luis Abinader en ocasi\u00f3n de la celebraci\u00f3n del D\u00eda del Maestro, entreg\u00f3 este martes el Premio a la <img decoding=\"async\" class=\"size-medium wp-image-19702 alignleft lazyload\" data-src=\"https:\/\/defrentealaverdad.com\/wp-content\/uploads\/2024\/07\/Screenshot_2024-07-02_162345-300x191.png\" alt=\"\" width=\"300\" height=\"191\" data-srcset=\"https:\/\/defrentealaverdad.com\/wp-content\/uploads\/2024\/07\/Screenshot_2024-07-02_162345-300x191.png 300w, https:\/\/defrentealaverdad.com\/wp-content\/uploads\/2024\/07\/Screenshot_2024-07-02_162345-1024x650.png 1024w, https:\/\/defrentealaverdad.com\/wp-content\/uploads\/2024\/07\/Screenshot_2024-07-02_162345-768x488.png 768w, https:\/\/defrentealaverdad.com\/wp-content\/uploads\/2024\/07\/Screenshot_2024-07-02_162345.png 1080w\" data-sizes=\"(max-width: 300px) 100vw, 300px\" src=\"data:image\/svg+xml;base64,PHN2ZyB3aWR0aD0iMSIgaGVpZ2h0PSIxIiB4bWxucz0iaHR0cDovL3d3dy53My5vcmcvMjAwMC9zdmciPjwvc3ZnPg==\" style=\"--smush-placeholder-width: 300px; --smush-placeholder-aspect-ratio: 300\/191;\" \/>Excelencia Magisterial 2024 a cinco destacados docentes, en reconocimiento a su loable trayectoria de servicio en las aulas, su compromiso y aportes al desarrollo acad\u00e9mico de sus estudiantes.<\/p>\n<p style=\"text-align: justify;\">El mandatario junto a la vicepresidenta Raquel Pe\u00f1a; la primera dama Raquel Arbaje y los ministros de Educaci\u00f3n, \u00c1ngel Hern\u00e1ndez y de Educaci\u00f3n Superior, Ciencia y Tecnolog\u00eda, Franklin Garc\u00eda Ferm\u00edn, tambi\u00e9n reconoci\u00f3 a 10 docentes en el \u00e1mbito de la Educaci\u00f3n Superior, en el Sal\u00f3n Las Cari\u00e1tides del Palacio Nacional.<\/p>\n<p style=\"text-align: justify;\">Con el Premio a la Excelencia Magisterial 2024 fueron galardonados los maestros Rosario Deyanira M\u00e9ndez, del centro educativo Nurys Zarzuela Campusano, del Distrito 15-03, con el Premio \u00abPedro Henr\u00edquez Ure\u00f1a\u00bb, Medalla de Oro, en la categor\u00eda al Honor, con una trayectoria de 25 a\u00f1os de servicio; Ysrael David Polanco Beltr\u00e9, del Polit\u00e9cnico Miguel \u00c1ngel Santana, del Distrito 05-03, La Romana, quien recibi\u00f3 el galard\u00f3n \u00abEugenio Mar\u00eda de Hostos\u00bb, Medalla de Plata, en la categor\u00eda al Reconocimiento.<\/p>\n<p style=\"text-align: justify;\">Asimismo, Yulissa Altagracia Cabrera, con 17 a\u00f1os en servicio en el Polit\u00e9cnico Profesor Miguel \u00c1ngel Guzm\u00e1n, del Distrito Educativo 08-07, de Santiago, Navarrete, quien obtuvo el Premio \u00abSalom\u00e9 Ure\u00f1a de Henr\u00edquez\u00bb, Medalla de Bronce, en la categor\u00eda al Est\u00edmulo.<\/p>\n<p style=\"text-align: justify;\">Adem\u00e1s, fueron reconocidas las maestras Ernestina Castro y Cristina Bonilla por la destacada labor docente que han desarrollado en los Estados Unidos en beneficio de estudiantes de ascendencia hispana.<\/p>\n<p style=\"text-align: justify;\">En el acto, el ministro de Educaci\u00f3n, \u00c1ngel Hern\u00e1ndez, dijo que celebrar el d\u00eda del maestro es celebrar la vida, el futuro, lo que queremos ser como ciudadanos y como pa\u00eds.<\/p>\n<blockquote>\n<p style=\"text-align: justify;\">\u00abDe manera pues, que en verdad reconocerlos a ustedes, los docentes que hoy est\u00e1n siendo galardonados, tanto del nivel preuniversitario como de la universidad es simple y llanamente reconocer a un grupo de personas que se han dedicado, que han dedicado su vida a construir un mejor futuro para todos los que habitamos en este pa\u00eds\u00bb, manifest\u00f3 Hern\u00e1ndez.<\/p>\n<\/blockquote>\n<p style=\"text-align: justify;\"><strong>Educaci\u00f3n m\u00e1s inclusiva, de calidad y adaptada a los nuevos tiempos<\/strong><\/p>\n<p style=\"text-align: justify;\">En tanto que, Rosario Deyanira M\u00e9ndez al hablar en representaci\u00f3n de los maestros galardonados con el Premio a la Excelencia Magisterial, afirm\u00f3 que el presidente Abinader est\u00e1 comprometido con la educaci\u00f3n dominicana y destac\u00f3 su apoyo al pacto Nacional para la Reforma Educativa, en procura de que la educaci\u00f3n del pa\u00eds sea cada vez m\u00e1s inclusiva de calidad y adaptada a los nuevos tiempos. \u00abEn verdad que ha sido una prioridad de esta gesti\u00f3n la aplicaci\u00f3n de pol\u00edticas educativas que garanticen una educaci\u00f3n de calidad\u00bb.<\/p>\n<p style=\"text-align: justify;\">M\u00e9ndez relat\u00f3 que a pesar de que en un momento de su vida recibi\u00f3 el diagn\u00f3stico de c\u00e1ncer, nunca se apart\u00f3 de las aulas, por considerar que ser docente es desarrollar capacidades, despertar potenciales dormidos y crear oportunidades para que los estudiantes y en ese orden, exhort\u00f3 a sus compa\u00f1eros docentes a mantener una capacitaci\u00f3n continua y respetar las individualidades de sus estudiantes.<\/p>\n<p style=\"text-align: justify;\">La categor\u00eda Medalla de Oro de Honor Pedro Henr\u00edquez Ure\u00f1a, recibi\u00f3 un aporte met\u00e1lico de RD$600.000.00 y una placa. Mientras que, la Medalla de Plata Eugenio Mar\u00eda de Hostos, RD$500,000.00 en met\u00e1lico y una placa de reconocimiento y la Medalla de Bronce Salom\u00e9 Ure\u00f1a, RD$400,000.00 y una placa de reconocimiento.<\/p>\n<p style=\"text-align: justify;\"><strong>Reconocimiento a docentes de Educaci\u00f3n Superior<\/strong><\/p>\n<p style=\"text-align: justify;\">Durante el acto, tambi\u00e9n fueron galardones 10 docentes en el \u00e1mbito de la Educaci\u00f3n Superior. Esta premiaci\u00f3n se realiza en atenci\u00f3n al Decreto 122-22, dictado por el presidente Luis Abinader el 16 de marzo del a\u00f1o 2022, mediante el cual se cre\u00f3 el Reglamento del Premio Anual a la Excelencia del Docente de Instituciones Educaci\u00f3n Superior.<\/p>\n<p style=\"text-align: justify;\">Los docentes reconocidos fueron: \u00c1gueda Mar\u00eda Pe\u00f1a, de la Universidad Central del Este; Laura de Pilar Gil Fiallo, Universidad APEC; Dionisio Ripoll Concepci\u00f3n, Universidad Tecnol\u00f3gica del Cibao; Jovanny Mar\u00eda Rodr\u00edguez, Universidad Abierta para Adultos y Jos\u00e9 Mercedes J\u00e1quez Polanco, Universidad Cat\u00f3lica Nordestana.<\/p>\n<p style=\"text-align: justify;\">Adem\u00e1s, Marcia Josefina Beltr\u00e9 Diaz, Universidad Nacional Pedro Henr\u00edquez Ure\u00f1a; Marcos Antonio N\u00fa\u00f1ez Cuervo, Universidad Iberoamericana; Wendy Karina Medina Moreta, Universidad del Caribe; Eliza \u00c1ngela D\u00b4Angelo Mendoza, Pontificia Universidad Cat\u00f3lica Madre y Maestra y Gladys Rosado Jim\u00e9nez, Universidad Aut\u00f3noma de Santo Domingo.<\/p>\n<p style=\"text-align: justify;\">El ministro de Educaci\u00f3n Superior, Ciencia y Tecnolog\u00eda, Franklin Garc\u00eda Ferm\u00edn, tras destacar que esta es la tercera edici\u00f3n, expres\u00f3 que hasta el a\u00f1o 2022 solo exist\u00eda en el pa\u00eds una premiaci\u00f3n anual para los profesores de la educaci\u00f3n preuniversitaria, lo cual cambi\u00f3 con el Decreto 122-22 que dict\u00f3 el presidente Abinader.<\/p>\n<blockquote>\n<p style=\"text-align: justify;\">\u201cEste reconocimiento con que el Gobierno de Luis Abinader distingue a los educadores del m\u00e1s alto nivel tiene como motivo esencial premiar la calidad humana de los galardonados, por su entrega a la formaci\u00f3n de las nuevas generaciones, y por haber sabido cumplir con responsabilidad, con gallard\u00eda poniendo el \u00e9nfasis en los valores y principios que sirven de fundamento a una naci\u00f3n integrada por buenas personas y mejores ciudadanos\u201d, manifest\u00f3 Garc\u00eda Ferm\u00edn.<\/p>\n<\/blockquote>\n<p style=\"text-align: justify;\">En nombre de los reconocidos con el \u201cPremio Anual a la excelencia del Docente de Instituciones de Educaci\u00f3n Superior\u201d, habl\u00f3 Jovanny Mar\u00eda Rodr\u00edguez, de la Universidad Abierta para Adultos, quien manifest\u00f3 que, recibir este m\u00e9rito es un recordatorio humilde, pero poderoso del impacto duradero que pueden tener como educadores, donde deben atender a todos los alumnos, independientemente de las caracter\u00edsticas cognitivas, sociales o afectivas.<\/p>\n<blockquote>\n<p style=\"text-align: justify;\">\u201cRatificamos nuestro compromiso de seguir creciendo y aprendiendo, de trabajar incansablemente por la educaci\u00f3n de calidad con la fiel convicci\u00f3n de que siempre hay esperanza de ser mejor de lo que hemos podido ser hasta ahora\u201d.<\/p>\n<\/blockquote>\n<p style=\"text-align: justify;\">En la actividad tambi\u00e9n estuvo presente el director general de INFOTEP, Rafael Santos Bad\u00eda; as\u00ed como una delegaci\u00f3n de 27 miembros del Hostos Community College, encabezada por su Decana, Ana Garc\u00eda Reyes.<\/p>\n<p style=\"text-align: justify;\">\n<p style=\"text-align: justify;\">Fuente: \u00daltimas Noticias de la Rep\u00fablica Dominicana<\/p>\n","protected":false},"excerpt":{"rendered":"<p>Adem\u00e1s, reconoce a 10 docentes con el Premio Anual a la excelencia del Docente de<\/p>\n","protected":false},"author":2,"featured_media":0,"comment_status":"open","ping_status":"open","sticky":false,"template":"","format":"standard","meta":{"footnotes":""},"categories":[7],"tags":[],"class_list":["post-19699","post","type-post","status-publish","format-standard","hentry","category-nacionales"],"_links":{"self":[{"href":"https:\/\/defrentealaverdad.com\/index.php\/wp-json\/wp\/v2\/posts\/19699","targetHints":{"allow":["GET"]}}],"collection":[{"href":"https:\/\/defrentealaverdad.com\/index.php\/wp-json\/wp\/v2\/posts"}],"about":[{"href":"https:\/\/defrentealaverdad.com\/index.php\/wp-json\/wp\/v2\/types\/post"}],"author":[{"embeddable":true,"href":"https:\/\/defrentealaverdad.com\/index.php\/wp-json\/wp\/v2\/users\/2"}],"replies":[{"embeddable":true,"href":"https:\/\/defrentealaverdad.com\/index.php\/wp-json\/wp\/v2\/comments?post=19699"}],"version-history":[{"count":1,"href":"https:\/\/defrentealaverdad.com\/index.php\/wp-json\/wp\/v2\/posts\/19699\/revisions"}],"predecessor-version":[{"id":19703,"href":"https:\/\/defrentealaverdad.com\/index.php\/wp-json\/wp\/v2\/posts\/19699\/revisions\/19703"}],"wp:attachment":[{"href":"https:\/\/defrentealaverdad.com\/index.php\/wp-json\/wp\/v2\/media?parent=19699"}],"wp:term":[{"taxonomy":"category","embeddable":true,"href":"https:\/\/defrentealaverdad.com\/index.php\/wp-json\/wp\/v2\/categories?post=19699"},{"taxonomy":"post_tag","embeddable":true,"href":"https:\/\/defrentealaverdad.com\/index.php\/wp-json\/wp\/v2\/tags?post=19699"}],"curies":[{"name":"wp","href":"https:\/\/api.w.org\/{rel}","templated":true}]}}