{"id":19696,"date":"2024-07-02T19:50:03","date_gmt":"2024-07-02T19:50:03","guid":{"rendered":"https:\/\/defrentealaverdad.com\/?p=19696"},"modified":"2024-07-02T19:50:03","modified_gmt":"2024-07-02T19:50:03","slug":"atencion-primaria-del-sns-y-el-srsm-entregan-laptops-para-fortalecer-servicios-a-usuarios","status":"publish","type":"post","link":"https:\/\/defrentealaverdad.com\/index.php\/2024\/07\/02\/atencion-primaria-del-sns-y-el-srsm-entregan-laptops-para-fortalecer-servicios-a-usuarios\/","title":{"rendered":"Atenci\u00f3n Primaria del SNS y el SRSM entregan laptops para fortalecer servicios a usuarios"},"content":{"rendered":"<p style=\"text-align: justify;\"><img decoding=\"async\" class=\"size-medium wp-image-19697 alignright lazyload\" data-src=\"https:\/\/defrentealaverdad.com\/wp-content\/uploads\/2024\/07\/IMG-20240702-WA0154-300x185.jpg\" alt=\"\" width=\"300\" height=\"185\" data-srcset=\"https:\/\/defrentealaverdad.com\/wp-content\/uploads\/2024\/07\/IMG-20240702-WA0154-300x185.jpg 300w, https:\/\/defrentealaverdad.com\/wp-content\/uploads\/2024\/07\/IMG-20240702-WA0154-1024x633.jpg 1024w, https:\/\/defrentealaverdad.com\/wp-content\/uploads\/2024\/07\/IMG-20240702-WA0154-768x475.jpg 768w, https:\/\/defrentealaverdad.com\/wp-content\/uploads\/2024\/07\/IMG-20240702-WA0154.jpg 1280w\" data-sizes=\"(max-width: 300px) 100vw, 300px\" src=\"data:image\/svg+xml;base64,PHN2ZyB3aWR0aD0iMSIgaGVpZ2h0PSIxIiB4bWxucz0iaHR0cDovL3d3dy53My5vcmcvMjAwMC9zdmciPjwvc3ZnPg==\" style=\"--smush-placeholder-width: 300px; --smush-placeholder-aspect-ratio: 300\/185;\" \/><\/p>\n<p style=\"text-align: justify;\">Distrito Nacional, R.D.- Los doctores Jos\u00e9 Luis L\u00f3pez, director Nacional de Atenci\u00f3n Primaria del Servicio Nacional de Salud (SNS), y Edisson F\u00e9liz F\u00e9liz, titular del Servicio Regional de Salud Metropolitano (SRSM) entregaron este martes 11 laptops a coordinadores de zonas de las Supervisiones de \u00c1reas de Santo Domingo Este.<\/p>\n<blockquote>\n<p style=\"text-align: justify;\">\u00abEstas laptops ahora las reciben las de Santo Domingo Este, en sus delimitaciones Municipal, Oriental y Este Centro, pero ser\u00e1n entregadas tambi\u00e9n para las dem\u00e1s Supervisiones de \u00c1reas como las del Distrito Nacional Este, Oeste, Norte, Monte Plata y Santo Domingo Oeste\u00bb, expres\u00f3 el doctor Lop\u00e9z.<\/p>\n<\/blockquote>\n<p style=\"text-align: justify;\">Mientras, el director del SRSM, doctor Edisson F\u00e9liz F\u00e9liz, valor\u00f3 el equipamiento de los coordinadores y les exhort\u00f3 a cuidar los instrumentos que servir\u00e1n para realizar, con mayor eficacia, los procesos que estos llevan a cabo en los diferentes centros de Primer Nivel de Atenci\u00f3n.<\/p>\n<p style=\"text-align: justify;\">Estos equipos estimulan y fortalecen los servicios en el Primer Nivel de Atenci\u00f3n, para gestionar la informaci\u00f3n de cada usuario de manera m\u00e1s efectiva.<\/p>\n<p style=\"text-align: justify;\">En el acto de entrega de los modernos equipos realizada en la sede del SRSM, participaron la licenciada Amelia de Le\u00f3n, coordinadora de los Servicios de Atenci\u00f3n Primaria del SNS;<\/p>\n<p style=\"text-align: justify;\">Alba Fern\u00e1ndez la encargada de Calidad, y Rubiela Pe\u00f1a, encargada de Atenci\u00f3n Primaria del SRSM.<\/p>\n<p style=\"text-align: justify;\">Tambi\u00e9n las supervisoras de \u00c1rea, Nur Yapur, Argentina Marcelo y Carmen Castro, y los coordinadores que recibieron las laptops.<\/p>\n<p style=\"text-align: justify;\">Fuente: Ada Guzm\u00e1n (Comunicaciones SRSM)<\/p>\n","protected":false},"excerpt":{"rendered":"<p>Distrito Nacional, R.D.- Los doctores Jos\u00e9 Luis L\u00f3pez, director Nacional de Atenci\u00f3n Primaria del Servicio<\/p>\n","protected":false},"author":1,"featured_media":0,"comment_status":"open","ping_status":"open","sticky":false,"template":"","format":"standard","meta":{"footnotes":""},"categories":[221],"tags":[],"class_list":["post-19696","post","type-post","status-publish","format-standard","hentry","category-salud"],"_links":{"self":[{"href":"https:\/\/defrentealaverdad.com\/index.php\/wp-json\/wp\/v2\/posts\/19696","targetHints":{"allow":["GET"]}}],"collection":[{"href":"https:\/\/defrentealaverdad.com\/index.php\/wp-json\/wp\/v2\/posts"}],"about":[{"href":"https:\/\/defrentealaverdad.com\/index.php\/wp-json\/wp\/v2\/types\/post"}],"author":[{"embeddable":true,"href":"https:\/\/defrentealaverdad.com\/index.php\/wp-json\/wp\/v2\/users\/1"}],"replies":[{"embeddable":true,"href":"https:\/\/defrentealaverdad.com\/index.php\/wp-json\/wp\/v2\/comments?post=19696"}],"version-history":[{"count":1,"href":"https:\/\/defrentealaverdad.com\/index.php\/wp-json\/wp\/v2\/posts\/19696\/revisions"}],"predecessor-version":[{"id":19698,"href":"https:\/\/defrentealaverdad.com\/index.php\/wp-json\/wp\/v2\/posts\/19696\/revisions\/19698"}],"wp:attachment":[{"href":"https:\/\/defrentealaverdad.com\/index.php\/wp-json\/wp\/v2\/media?parent=19696"}],"wp:term":[{"taxonomy":"category","embeddable":true,"href":"https:\/\/defrentealaverdad.com\/index.php\/wp-json\/wp\/v2\/categories?post=19696"},{"taxonomy":"post_tag","embeddable":true,"href":"https:\/\/defrentealaverdad.com\/index.php\/wp-json\/wp\/v2\/tags?post=19696"}],"curies":[{"name":"wp","href":"https:\/\/api.w.org\/{rel}","templated":true}]}}