{"id":19690,"date":"2024-07-02T19:47:01","date_gmt":"2024-07-02T19:47:01","guid":{"rendered":"https:\/\/defrentealaverdad.com\/?p=19690"},"modified":"2024-11-19T19:21:37","modified_gmt":"2024-11-19T19:21:37","slug":"opret-informa-cierre-de-teleferico-hasta-nuevo-aviso-por-efectos-huracan-beryl","status":"publish","type":"post","link":"https:\/\/defrentealaverdad.com\/index.php\/2024\/07\/02\/opret-informa-cierre-de-teleferico-hasta-nuevo-aviso-por-efectos-huracan-beryl\/","title":{"rendered":"Opret informa cierre de Telef\u00e9rico hasta nuevo aviso por efectos hurac\u00e1n Beryl"},"content":{"rendered":"<p style=\"text-align: justify;\"><img decoding=\"async\" class=\"size-medium wp-image-19694 alignleft lazyload\" data-src=\"https:\/\/defrentealaverdad.com\/wp-content\/uploads\/2024\/07\/Screenshot_2024-07-02_161205-300x202.png\" alt=\"\" width=\"300\" height=\"202\" data-srcset=\"https:\/\/defrentealaverdad.com\/wp-content\/uploads\/2024\/07\/Screenshot_2024-07-02_161205-300x202.png 300w, https:\/\/defrentealaverdad.com\/wp-content\/uploads\/2024\/07\/Screenshot_2024-07-02_161205-768x516.png 768w, https:\/\/defrentealaverdad.com\/wp-content\/uploads\/2024\/07\/Screenshot_2024-07-02_161205.png 928w\" data-sizes=\"(max-width: 300px) 100vw, 300px\" src=\"data:image\/svg+xml;base64,PHN2ZyB3aWR0aD0iMSIgaGVpZ2h0PSIxIiB4bWxucz0iaHR0cDovL3d3dy53My5vcmcvMjAwMC9zdmciPjwvc3ZnPg==\" style=\"--smush-placeholder-width: 300px; --smush-placeholder-aspect-ratio: 300\/202;\" \/>SANTO DOMINGO. \u2013 La Oficina Para el Reordenamiento del Transporte (Opret) inform\u00f3 este martes la suspensi\u00f3n del servicio de la L\u00ednea 1 del Telef\u00e9rico de Santo Domingo, por los efectos del hurac\u00e1n Beryl en su paso por el pa\u00eds.<\/p>\n<p style=\"text-align: justify;\">De acuerdo con un comunicado de la instituci\u00f3n, debido a las condiciones clim\u00e1ticas y las r\u00e1fagas de vientos, las operaciones del medio de transporte quedan suspendidas desde este 2 de julio hasta nuevo aviso.<\/p>\n<p style=\"text-align: justify;\">La instituci\u00f3n reiter\u00f3 que <em>\u201cla seguridad de los usuarios es prioridad y el Comit\u00e9 de Emergencias de la Opret trabaja en sesi\u00f3n permanente\u201d.<\/em><\/p>\n<p style=\"text-align: justify;\">Asimismo, enfatizaron que mantendr\u00e1n informada a la poblaci\u00f3n sobre la reanudaci\u00f3n del servicio, al tiempo de exhortar a estar atentos a nuestros diferentes canales de comunicaci\u00f3n.<\/p>\n<p style=\"text-align: justify;\"><strong>Sobre hurac\u00e1n Beryl<\/strong><\/p>\n<p style=\"text-align: justify;\">El Centro de Operaciones de Emergencia (COE) aument\u00f3 este martes a 11 las provincias en alerta amarilla incluyendo al Distrito Nacional, 11 en verde y mantiene 2 en roja por el posible paso del hurac\u00e1n Beryl, de categor\u00eda 5, el mayor en la escala Saffir-Simpson, que se dirige a la isla de Jamaica y amenaza el sur de la Rep\u00fablica Dominicana y Hait\u00ed.<\/p>\n<blockquote>\n<p style=\"text-align: justify;\">El COE inform\u00f3 que Barahona y Pedernales se mantienen en alerta roja.<\/p>\n<\/blockquote>\n<p style=\"text-align: justify;\">Fuente: El Nuevo Diario<\/p>\n","protected":false},"excerpt":{"rendered":"<p>SANTO DOMINGO. \u2013 La Oficina Para el Reordenamiento del Transporte (Opret) inform\u00f3 este martes la<\/p>\n","protected":false},"author":1,"featured_media":0,"comment_status":"open","ping_status":"open","sticky":false,"template":"","format":"standard","meta":{"footnotes":""},"categories":[7],"tags":[],"class_list":["post-19690","post","type-post","status-publish","format-standard","hentry","category-nacionales"],"_links":{"self":[{"href":"https:\/\/defrentealaverdad.com\/index.php\/wp-json\/wp\/v2\/posts\/19690","targetHints":{"allow":["GET"]}}],"collection":[{"href":"https:\/\/defrentealaverdad.com\/index.php\/wp-json\/wp\/v2\/posts"}],"about":[{"href":"https:\/\/defrentealaverdad.com\/index.php\/wp-json\/wp\/v2\/types\/post"}],"author":[{"embeddable":true,"href":"https:\/\/defrentealaverdad.com\/index.php\/wp-json\/wp\/v2\/users\/1"}],"replies":[{"embeddable":true,"href":"https:\/\/defrentealaverdad.com\/index.php\/wp-json\/wp\/v2\/comments?post=19690"}],"version-history":[{"count":1,"href":"https:\/\/defrentealaverdad.com\/index.php\/wp-json\/wp\/v2\/posts\/19690\/revisions"}],"predecessor-version":[{"id":19695,"href":"https:\/\/defrentealaverdad.com\/index.php\/wp-json\/wp\/v2\/posts\/19690\/revisions\/19695"}],"wp:attachment":[{"href":"https:\/\/defrentealaverdad.com\/index.php\/wp-json\/wp\/v2\/media?parent=19690"}],"wp:term":[{"taxonomy":"category","embeddable":true,"href":"https:\/\/defrentealaverdad.com\/index.php\/wp-json\/wp\/v2\/categories?post=19690"},{"taxonomy":"post_tag","embeddable":true,"href":"https:\/\/defrentealaverdad.com\/index.php\/wp-json\/wp\/v2\/tags?post=19690"}],"curies":[{"name":"wp","href":"https:\/\/api.w.org\/{rel}","templated":true}]}}