{"id":19683,"date":"2024-07-02T18:17:47","date_gmt":"2024-07-02T18:17:47","guid":{"rendered":"https:\/\/defrentealaverdad.com\/?p=19683"},"modified":"2024-07-02T18:17:52","modified_gmt":"2024-07-02T18:17:52","slug":"beto-collado-y-raulin-rosendo-les-regalan-salsa-de-la-buena-al-publico-con-ponte-pa-ti","status":"publish","type":"post","link":"https:\/\/defrentealaverdad.com\/index.php\/2024\/07\/02\/beto-collado-y-raulin-rosendo-les-regalan-salsa-de-la-buena-al-publico-con-ponte-pa-ti\/","title":{"rendered":"Beto Collado y Raulin Rosendo les regalan salsa de la buena al p\u00fablico con \u00abPonte pa&#8217; ti\u00bb"},"content":{"rendered":"<p><img decoding=\"async\" class=\"size-medium wp-image-19684 aligncenter lazyload\" data-src=\"https:\/\/defrentealaverdad.com\/wp-content\/uploads\/2024\/07\/IMG-20240702-WA0089-300x300.jpg\" alt=\"\" width=\"300\" height=\"300\" data-srcset=\"https:\/\/defrentealaverdad.com\/wp-content\/uploads\/2024\/07\/IMG-20240702-WA0089-300x300.jpg 300w, https:\/\/defrentealaverdad.com\/wp-content\/uploads\/2024\/07\/IMG-20240702-WA0089-1024x1024.jpg 1024w, https:\/\/defrentealaverdad.com\/wp-content\/uploads\/2024\/07\/IMG-20240702-WA0089-150x150.jpg 150w, https:\/\/defrentealaverdad.com\/wp-content\/uploads\/2024\/07\/IMG-20240702-WA0089-768x768.jpg 768w, https:\/\/defrentealaverdad.com\/wp-content\/uploads\/2024\/07\/IMG-20240702-WA0089.jpg 1180w\" data-sizes=\"(max-width: 300px) 100vw, 300px\" src=\"data:image\/svg+xml;base64,PHN2ZyB3aWR0aD0iMSIgaGVpZ2h0PSIxIiB4bWxucz0iaHR0cDovL3d3dy53My5vcmcvMjAwMC9zdmciPjwvc3ZnPg==\" style=\"--smush-placeholder-width: 300px; --smush-placeholder-aspect-ratio: 300\/300;\" \/><\/p>\n<p>El talentoso salsero Beto Collado, representado por MP Musical Productions de JN Music Group, lanza su m\u00e1s reciente colaboraci\u00f3n junto a la leyenda de la salsa dominicana Raul\u00edn Rosendo, titulada \u00abPonte Pa Ti\u00bb.<\/p>\n<p>Este vibrante sencillo, compuesto por Juan Ortiz y Remy N\u00fa\u00f1ez, promete conquistar a los amantes de la salsa bailable con su letra coloquial y ritmos pegajosos.<\/p>\n<blockquote>\n<p style=\"text-align: justify;\">\u201cLa canci\u00f3n nos invita a dejar atr\u00e1s la tristeza, olvidar los problemas y el estr\u00e9s, y enfocarnos en nosotros mismos. De ah\u00ed surge la frase &#8216;Ponte Pa Ti&#8217;. Es un llamado a disfrutar cada momento de la vida, ya que el ma\u00f1ana es incierto\u201d, explica Juan Ortiz, uno de los compositores del tema.<\/p>\n<\/blockquote>\n<p>Raul\u00edn Rosendo, int\u00e9rprete de \u00e9xitos como \u00abUno Se Cura\u00bb, \u00abLady Laura\u00bb, entre otros, regresa a la m\u00fasica y a los escenarios con su nuevo \u00e1lbum: \u201cNo estaba muerto, andaba de parranda\u201d. Y esta colaboraci\u00f3n con Beto.<\/p>\n<blockquote>\n<p style=\"text-align: justify;\">\u201cApoyar el talento emergente de mi pa\u00eds es una prioridad para m\u00ed, y qu\u00e9 mejor manera de hacerlo que junto a Beto Collado, cuya distintiva voz salsera brilla en &#8216;Ponte Pa Ti&#8217;. Yo me puse pa\u2019 m\u00ed y estoy de vuelta\u201d, se\u00f1ala Rosendo.<\/p>\n<\/blockquote>\n<p>Beto Collado contin\u00faa firme en su trayectoria salsera. Esta es su segunda colaboraci\u00f3n en su carrera, y estar\u00e1 incluida en su pr\u00f3ximo \u00e1lbum.<\/p>\n<blockquote>\n<p style=\"text-align: justify;\">\u201cGrabar junto a Raulin es un sue\u00f1o hecho realidad para m\u00ed, mi disquera y mis seguidores. Es un gran artista, respetado por su enorme contribuci\u00f3n al g\u00e9nero\u201d, comenta Collado.<\/p>\n<\/blockquote>\n<p>Para contrataciones y reservas: V\u00edctor Pab\u00f3n +13059227145 email: booking@jnrecords.com<\/p>\n<p>Fuente: Francisca Jimenez<\/p>\n","protected":false},"excerpt":{"rendered":"<p>El talentoso salsero Beto Collado, representado por MP Musical Productions de JN Music Group, lanza<\/p>\n","protected":false},"author":4,"featured_media":0,"comment_status":"open","ping_status":"open","sticky":false,"template":"","format":"standard","meta":{"footnotes":""},"categories":[6],"tags":[],"class_list":["post-19683","post","type-post","status-publish","format-standard","hentry","category-espectaculos"],"_links":{"self":[{"href":"https:\/\/defrentealaverdad.com\/index.php\/wp-json\/wp\/v2\/posts\/19683","targetHints":{"allow":["GET"]}}],"collection":[{"href":"https:\/\/defrentealaverdad.com\/index.php\/wp-json\/wp\/v2\/posts"}],"about":[{"href":"https:\/\/defrentealaverdad.com\/index.php\/wp-json\/wp\/v2\/types\/post"}],"author":[{"embeddable":true,"href":"https:\/\/defrentealaverdad.com\/index.php\/wp-json\/wp\/v2\/users\/4"}],"replies":[{"embeddable":true,"href":"https:\/\/defrentealaverdad.com\/index.php\/wp-json\/wp\/v2\/comments?post=19683"}],"version-history":[{"count":1,"href":"https:\/\/defrentealaverdad.com\/index.php\/wp-json\/wp\/v2\/posts\/19683\/revisions"}],"predecessor-version":[{"id":19685,"href":"https:\/\/defrentealaverdad.com\/index.php\/wp-json\/wp\/v2\/posts\/19683\/revisions\/19685"}],"wp:attachment":[{"href":"https:\/\/defrentealaverdad.com\/index.php\/wp-json\/wp\/v2\/media?parent=19683"}],"wp:term":[{"taxonomy":"category","embeddable":true,"href":"https:\/\/defrentealaverdad.com\/index.php\/wp-json\/wp\/v2\/categories?post=19683"},{"taxonomy":"post_tag","embeddable":true,"href":"https:\/\/defrentealaverdad.com\/index.php\/wp-json\/wp\/v2\/tags?post=19683"}],"curies":[{"name":"wp","href":"https:\/\/api.w.org\/{rel}","templated":true}]}}