{"id":19677,"date":"2024-07-02T18:13:59","date_gmt":"2024-07-02T18:13:59","guid":{"rendered":"https:\/\/defrentealaverdad.com\/?p=19677"},"modified":"2024-07-02T18:13:59","modified_gmt":"2024-07-02T18:13:59","slug":"drones-del-911-desplegaran-10-unidades-todoterreno-en-apoyo-al-coe-ante-posible-paso-del-huracan-beryl","status":"publish","type":"post","link":"https:\/\/defrentealaverdad.com\/index.php\/2024\/07\/02\/drones-del-911-desplegaran-10-unidades-todoterreno-en-apoyo-al-coe-ante-posible-paso-del-huracan-beryl\/","title":{"rendered":"Drones del 911 desplegar\u00e1n 10 unidades todoterreno en apoyo al COE ante posible paso del hurac\u00e1n Beryl"},"content":{"rendered":"<p style=\"text-align: justify;\"><img decoding=\"async\" class=\"size-medium wp-image-19681 alignright lazyload\" data-src=\"https:\/\/defrentealaverdad.com\/wp-content\/uploads\/2024\/07\/IMG-20240702-WA0045-300x200.jpg\" alt=\"\" width=\"300\" height=\"200\" data-srcset=\"https:\/\/defrentealaverdad.com\/wp-content\/uploads\/2024\/07\/IMG-20240702-WA0045-300x200.jpg 300w, https:\/\/defrentealaverdad.com\/wp-content\/uploads\/2024\/07\/IMG-20240702-WA0045-1024x682.jpg 1024w, https:\/\/defrentealaverdad.com\/wp-content\/uploads\/2024\/07\/IMG-20240702-WA0045-768x512.jpg 768w, https:\/\/defrentealaverdad.com\/wp-content\/uploads\/2024\/07\/IMG-20240702-WA0045-1536x1023.jpg 1536w, https:\/\/defrentealaverdad.com\/wp-content\/uploads\/2024\/07\/IMG-20240702-WA0045.jpg 1600w\" data-sizes=\"(max-width: 300px) 100vw, 300px\" src=\"data:image\/svg+xml;base64,PHN2ZyB3aWR0aD0iMSIgaGVpZ2h0PSIxIiB4bWxucz0iaHR0cDovL3d3dy53My5vcmcvMjAwMC9zdmciPjwvc3ZnPg==\" style=\"--smush-placeholder-width: 300px; --smush-placeholder-aspect-ratio: 300\/200;\" \/>Santo Domingo.-La Divisi\u00f3n de Aeronaves Tripuladas a Distancia (Drones) del Sistema Nacional de Atenci\u00f3n a Emergencias y Seguridad 911 desplegar\u00e1 10 unidades con capacidad todoterreno, para apoyar al Centro de Operaciones de Emergencias (COE) ante el posible paso del hurac\u00e1n Beryl por Rep\u00fablica Dominicana.<\/p>\n<p style=\"text-align: justify;\">Estos dispositivos ser\u00e1n esenciales para monitorear los posibles efectos causados por el avance del hurac\u00e1n Beryl y coordinar las acciones de respuestas necesarias.<\/p>\n<p>Adem\u00e1s de trabajar con el COE, proporcionar\u00e1n informaci\u00f3n vital a las dem\u00e1s instituciones de respuesta clave, tales como los Cuerpos de Bomberos, la Defensa Civil, Direcci\u00f3n General de Seguridad de Tr\u00e1nsito y Transporte Terrestre (DIGESETT) y el Instituto Nacional de Tr\u00e1nsito y Transporte Terrestre (INTRANT) y las diferentes alcald\u00edas, facilitando la toma de decisiones r\u00e1pidas y efectivas.<\/p>\n<p><img decoding=\"async\" class=\"size-medium wp-image-19679 alignright lazyload\" data-src=\"https:\/\/defrentealaverdad.com\/wp-content\/uploads\/2024\/07\/IMG-20240702-WA0047-1-300x200.jpg\" alt=\"\" width=\"300\" height=\"200\" data-srcset=\"https:\/\/defrentealaverdad.com\/wp-content\/uploads\/2024\/07\/IMG-20240702-WA0047-1-300x200.jpg 300w, https:\/\/defrentealaverdad.com\/wp-content\/uploads\/2024\/07\/IMG-20240702-WA0047-1-1024x682.jpg 1024w, https:\/\/defrentealaverdad.com\/wp-content\/uploads\/2024\/07\/IMG-20240702-WA0047-1-768x512.jpg 768w, https:\/\/defrentealaverdad.com\/wp-content\/uploads\/2024\/07\/IMG-20240702-WA0047-1-1536x1023.jpg 1536w, https:\/\/defrentealaverdad.com\/wp-content\/uploads\/2024\/07\/IMG-20240702-WA0047-1.jpg 1600w\" data-sizes=\"(max-width: 300px) 100vw, 300px\" src=\"data:image\/svg+xml;base64,PHN2ZyB3aWR0aD0iMSIgaGVpZ2h0PSIxIiB4bWxucz0iaHR0cDovL3d3dy53My5vcmcvMjAwMC9zdmciPjwvc3ZnPg==\" style=\"--smush-placeholder-width: 300px; --smush-placeholder-aspect-ratio: 300\/200;\" \/><\/p>\n<p style=\"text-align: justify;\">Al volar sobre \u00e1reas inaccesibles o peligrosas, los drones ofrecen una visi\u00f3n detallada y en tiempo real del terreno. Esto permite a los equipos de emergencia identificar r\u00e1pidamente las \u00e1reas m\u00e1s afectadas y coordinar los esfuerzos de rescate con mayor precisi\u00f3n.<\/p>\n<p style=\"text-align: justify;\">Equipados con tecnolog\u00eda avanzada, estos cuentan con c\u00e1maras t\u00e9rmicas para localizar personas, sensores infrarrojos para evaluar da\u00f1os en infraestructuras y sistemas GPS de alta precisi\u00f3n para una navegaci\u00f3n exacta. Algunos drones tambi\u00e9n est\u00e1n dotados de altavoces, lo que permite a los operadores comunicarse directamente con los sobrevivientes en situaciones de emergencia, ofreciendo asistencia inmediata.<\/p>\n<p style=\"text-align: justify;\">Los pilotos est\u00e1n altamente capacitados, con entrenamiento especializado que incluye vuelo en condiciones extremas, uso de simuladores de \u00faltima generaci\u00f3n y manejo de emergencias. Esta formaci\u00f3n, junto con veh\u00edculos todoterreno que facilitan el acceso a zonas inundadas y dif\u00edciles, maximiza la eficacia de los drones en todas las fases de un fen\u00f3meno atmosf\u00e9rico.<\/p>\n<p><img decoding=\"async\" class=\"size-medium wp-image-19680 alignleft lazyload\" data-src=\"https:\/\/defrentealaverdad.com\/wp-content\/uploads\/2024\/07\/IMG-20240702-WA0143-300x200.jpg\" alt=\"\" width=\"300\" height=\"200\" data-srcset=\"https:\/\/defrentealaverdad.com\/wp-content\/uploads\/2024\/07\/IMG-20240702-WA0143-300x200.jpg 300w, https:\/\/defrentealaverdad.com\/wp-content\/uploads\/2024\/07\/IMG-20240702-WA0143-1024x682.jpg 1024w, https:\/\/defrentealaverdad.com\/wp-content\/uploads\/2024\/07\/IMG-20240702-WA0143-768x512.jpg 768w, https:\/\/defrentealaverdad.com\/wp-content\/uploads\/2024\/07\/IMG-20240702-WA0143-1536x1024.jpg 1536w, https:\/\/defrentealaverdad.com\/wp-content\/uploads\/2024\/07\/IMG-20240702-WA0143-2048x1365.jpg 2048w\" data-sizes=\"(max-width: 300px) 100vw, 300px\" src=\"data:image\/svg+xml;base64,PHN2ZyB3aWR0aD0iMSIgaGVpZ2h0PSIxIiB4bWxucz0iaHR0cDovL3d3dy53My5vcmcvMjAwMC9zdmciPjwvc3ZnPg==\" style=\"--smush-placeholder-width: 300px; --smush-placeholder-aspect-ratio: 300\/200;\" \/><\/p>\n<p style=\"text-align: justify;\">El Sistema 911 tiene como m\u00e1xima prioridad la seguridad y el bienestar de la poblaci\u00f3n, por lo que hace un llamado a todos los ciudadanos y residentes para que sigan las recomendaciones de las autoridades competentes y est\u00e9n atentos a los avisos y boletines oficiales del COE.<\/p>\n<p>Fuente: Prensa 911<\/p>\n","protected":false},"excerpt":{"rendered":"<p>Santo Domingo.-La Divisi\u00f3n de Aeronaves Tripuladas a Distancia (Drones) del Sistema Nacional de Atenci\u00f3n a<\/p>\n","protected":false},"author":1,"featured_media":0,"comment_status":"open","ping_status":"open","sticky":false,"template":"","format":"standard","meta":{"footnotes":""},"categories":[7],"tags":[],"class_list":["post-19677","post","type-post","status-publish","format-standard","hentry","category-nacionales"],"_links":{"self":[{"href":"https:\/\/defrentealaverdad.com\/index.php\/wp-json\/wp\/v2\/posts\/19677","targetHints":{"allow":["GET"]}}],"collection":[{"href":"https:\/\/defrentealaverdad.com\/index.php\/wp-json\/wp\/v2\/posts"}],"about":[{"href":"https:\/\/defrentealaverdad.com\/index.php\/wp-json\/wp\/v2\/types\/post"}],"author":[{"embeddable":true,"href":"https:\/\/defrentealaverdad.com\/index.php\/wp-json\/wp\/v2\/users\/1"}],"replies":[{"embeddable":true,"href":"https:\/\/defrentealaverdad.com\/index.php\/wp-json\/wp\/v2\/comments?post=19677"}],"version-history":[{"count":1,"href":"https:\/\/defrentealaverdad.com\/index.php\/wp-json\/wp\/v2\/posts\/19677\/revisions"}],"predecessor-version":[{"id":19682,"href":"https:\/\/defrentealaverdad.com\/index.php\/wp-json\/wp\/v2\/posts\/19677\/revisions\/19682"}],"wp:attachment":[{"href":"https:\/\/defrentealaverdad.com\/index.php\/wp-json\/wp\/v2\/media?parent=19677"}],"wp:term":[{"taxonomy":"category","embeddable":true,"href":"https:\/\/defrentealaverdad.com\/index.php\/wp-json\/wp\/v2\/categories?post=19677"},{"taxonomy":"post_tag","embeddable":true,"href":"https:\/\/defrentealaverdad.com\/index.php\/wp-json\/wp\/v2\/tags?post=19677"}],"curies":[{"name":"wp","href":"https:\/\/api.w.org\/{rel}","templated":true}]}}