{"id":19668,"date":"2024-07-02T14:48:21","date_gmt":"2024-07-02T14:48:21","guid":{"rendered":"https:\/\/defrentealaverdad.com\/?p=19668"},"modified":"2024-07-02T14:48:21","modified_gmt":"2024-07-02T14:48:21","slug":"juramentan-nueva-directora-en-hospital-doctor-jose-manuel-rodriguez-jimenes-santo-socorro","status":"publish","type":"post","link":"https:\/\/defrentealaverdad.com\/index.php\/2024\/07\/02\/juramentan-nueva-directora-en-hospital-doctor-jose-manuel-rodriguez-jimenes-santo-socorro\/","title":{"rendered":"Juramentan nueva directora en Hospital Doctor Jos\u00e9 Manuel Rodr\u00edguez Jim\u00e9nes (Santo Socorro)"},"content":{"rendered":"<header class=\"single-header\">\n<div class=\"single-meta\">\n<div class=\"smeta-extra\">\n<div class=\"single-right-meta single-time-read is-meta\"><img decoding=\"async\" class=\"attachment-foxiz_crop_o1 size-foxiz_crop_o1 wp-post-image lazyload\" data-src=\"https:\/\/snsdigital.gob.do\/wp-content\/uploads\/2024\/07\/a9b4baf0-7be2-4cb0-9cdc-60f030875503-860x550.jpg\" alt=\"\" width=\"860\" height=\"550\" src=\"data:image\/svg+xml;base64,PHN2ZyB3aWR0aD0iMSIgaGVpZ2h0PSIxIiB4bWxucz0iaHR0cDovL3d3dy53My5vcmcvMjAwMC9zdmciPjwvc3ZnPg==\" style=\"--smush-placeholder-width: 860px; --smush-placeholder-aspect-ratio: 860\/550;\" \/><\/div>\n<\/div>\n<\/div>\n<\/header>\n<div class=\"grid-container\">\n<div class=\"s-ct\">\n<div class=\"s-ct-wrap has-lsl\">\n<div class=\"s-ct-inner\">\n<div class=\"l-shared-sec-outer show-mobile\">\n<div class=\"l-shared-sec\">\n<div class=\"l-shared-header meta-text\">Santo Domingo -El director del Servicio Regional de Salud Metropolitano(SRSM),<strong>\u00a0doctor Edisson F\u00e9liz<\/strong>,\u00a0<strong>jurament\u00f3\u00a0<\/strong>este lunes<strong>\u00a0a Yakaira Garc\u00eda Peralta,\u00a0<\/strong>como<strong>\u00a0nueva directora del Hospital Infantil Doctor Jos\u00e9 Manuel Rodr\u00edguez Jim\u00e9nes,<\/strong>\u00a0antiguo Santo Socorro.<\/div>\n<\/div>\n<\/div>\n<div class=\"e-ct-outer\">\n<div class=\"entry-content rbct clearfix is-highlight-shares\">\n<p>En el acto de juramentaci\u00f3n, realizado en la sede del SRSM, el doctor F\u00e9liz exhort\u00f3 a Garc\u00eda a continuar la transformaci\u00f3n que se lleva a cabo en el remozado centro de salud, continuar con la eficiencia, transparencia, calidad y humanizaci\u00f3n de los servicios.<\/p>\n<p>Mientras, la nueva directora,\u00a0<strong>en sustituci\u00f3n de Richard Salcedo,<\/strong>\u00a0agradeci\u00f3 la oportunidad que le ha dado el Servicio Nacional de Salud (SNS), que dirige el doctor Mario Lama, y expres\u00f3: \u201cestoy en toda la disposici\u00f3n para lo que est\u00e1 bien continuar haci\u00e9ndolo bien o mejor. Nuestra meta es trabajar en equipo, como una unidad, para llevar al centro a otro nivel\u201d.<\/p>\n<p>La doctora Yakaira Garc\u00eda Peralta es egresada de Medicina en la Universidad Aut\u00f3noma de Santo Domingo (UASD), con especialidad en Gerencia de Servicios de Salud y Seguridad Social y una maestr\u00eda en Alta Gerencia.<\/p>\n<p>Cuenta con experiencia de m\u00e1s de 11 a\u00f1os como auditora m\u00e9dico y supervisora de planta de cirug\u00eda en el Hospital Marcelino V\u00e9lez Santana.<\/p>\n<p>Ha sido directora t\u00e9cnica y sub directora ejecutiva del Consejo Nacional de Poblaci\u00f3n y Familia (CONAPOFA) y ha laborado en otros centros de salud privados.<\/p>\n<p>El remozado Hospital Infantil Dr. Jos\u00e9 Manuel Rodr\u00edguez Jim\u00e9nes cuenta con Emergencia de adultos, servicios de cirug\u00eda vascular, doppler vascular, ecocardiogramas, consulta de cardiolog\u00eda para adultos, urolog\u00eda, implementaci\u00f3n del Programa Detecci\u00f3n de C\u00e1ncer de Mama, Cervicouterino y Pr\u00f3stata, servicios de laboratorios cl\u00ednico y una Unidad de Salud Mental, entre otros servicios.<\/p>\n<p>Fuente: SNS<\/p>\n<\/div>\n<\/div>\n<\/div>\n<\/div>\n<\/div>\n<\/div>\n","protected":false},"excerpt":{"rendered":"<p>Santo Domingo -El director del Servicio Regional de Salud Metropolitano(SRSM),\u00a0doctor Edisson F\u00e9liz,\u00a0jurament\u00f3\u00a0este lunes\u00a0a Yakaira Garc\u00eda<\/p>\n","protected":false},"author":1,"featured_media":0,"comment_status":"open","ping_status":"open","sticky":false,"template":"","format":"standard","meta":{"footnotes":""},"categories":[7,221],"tags":[],"class_list":["post-19668","post","type-post","status-publish","format-standard","hentry","category-nacionales","category-salud"],"_links":{"self":[{"href":"https:\/\/defrentealaverdad.com\/index.php\/wp-json\/wp\/v2\/posts\/19668","targetHints":{"allow":["GET"]}}],"collection":[{"href":"https:\/\/defrentealaverdad.com\/index.php\/wp-json\/wp\/v2\/posts"}],"about":[{"href":"https:\/\/defrentealaverdad.com\/index.php\/wp-json\/wp\/v2\/types\/post"}],"author":[{"embeddable":true,"href":"https:\/\/defrentealaverdad.com\/index.php\/wp-json\/wp\/v2\/users\/1"}],"replies":[{"embeddable":true,"href":"https:\/\/defrentealaverdad.com\/index.php\/wp-json\/wp\/v2\/comments?post=19668"}],"version-history":[{"count":1,"href":"https:\/\/defrentealaverdad.com\/index.php\/wp-json\/wp\/v2\/posts\/19668\/revisions"}],"predecessor-version":[{"id":19669,"href":"https:\/\/defrentealaverdad.com\/index.php\/wp-json\/wp\/v2\/posts\/19668\/revisions\/19669"}],"wp:attachment":[{"href":"https:\/\/defrentealaverdad.com\/index.php\/wp-json\/wp\/v2\/media?parent=19668"}],"wp:term":[{"taxonomy":"category","embeddable":true,"href":"https:\/\/defrentealaverdad.com\/index.php\/wp-json\/wp\/v2\/categories?post=19668"},{"taxonomy":"post_tag","embeddable":true,"href":"https:\/\/defrentealaverdad.com\/index.php\/wp-json\/wp\/v2\/tags?post=19668"}],"curies":[{"name":"wp","href":"https:\/\/api.w.org\/{rel}","templated":true}]}}