{"id":1966,"date":"2022-10-18T15:29:49","date_gmt":"2022-10-18T15:29:49","guid":{"rendered":"https:\/\/defrentealaverdad.com\/?p=1966"},"modified":"2022-10-18T15:33:17","modified_gmt":"2022-10-18T15:33:17","slug":"anuncian-11a-edicion-del-dominican-film-festival-new-york-2022","status":"publish","type":"post","link":"https:\/\/defrentealaverdad.com\/index.php\/2022\/10\/18\/anuncian-11a-edicion-del-dominican-film-festival-new-york-2022\/","title":{"rendered":"Anuncian 11\u00aa edici\u00f3n del Dominican Film Festival New York 2022"},"content":{"rendered":"<p><img decoding=\"async\" class=\"alignnone size-medium wp-image-1967 aligncenter lazyload\" data-src=\"https:\/\/defrentealaverdad.com\/wp-content\/uploads\/2022\/10\/WhatsApp-Image-2022-10-18-at-10.19.42-300x173.jpeg\" alt=\"\" width=\"300\" height=\"173\" data-srcset=\"https:\/\/defrentealaverdad.com\/wp-content\/uploads\/2022\/10\/WhatsApp-Image-2022-10-18-at-10.19.42-300x173.jpeg 300w, https:\/\/defrentealaverdad.com\/wp-content\/uploads\/2022\/10\/WhatsApp-Image-2022-10-18-at-10.19.42-1024x590.jpeg 1024w, https:\/\/defrentealaverdad.com\/wp-content\/uploads\/2022\/10\/WhatsApp-Image-2022-10-18-at-10.19.42-768x443.jpeg 768w, https:\/\/defrentealaverdad.com\/wp-content\/uploads\/2022\/10\/WhatsApp-Image-2022-10-18-at-10.19.42.jpeg 1280w\" data-sizes=\"(max-width: 300px) 100vw, 300px\" src=\"data:image\/svg+xml;base64,PHN2ZyB3aWR0aD0iMSIgaGVpZ2h0PSIxIiB4bWxucz0iaHR0cDovL3d3dy53My5vcmcvMjAwMC9zdmciPjwvc3ZnPg==\" style=\"--smush-placeholder-width: 300px; --smush-placeholder-aspect-ratio: 300\/173;\" \/><\/p>\n<p style=\"text-align: justify;\">New York, USA, octubre 2022. Bajo el slogan <strong><em>\u201cHistoria que nos hacen so\u00f1ar\u201d<\/em><\/strong>, fue anunciada la d\u00e9cima primera edici\u00f3n del Dominican Film Festival New York &#8211; DFFNYC- 2022, a celebrarse del 1 al 9 de noviembre 2022 en el teatro United Palace de Washington Heights, ciudad de Nueva York, USA.<\/p>\n<p style=\"text-align: justify;\">Celebrando que la ciudad de New York ha declarado el d\u00eda 9 de noviembre de cada a\u00f1o como el d\u00eda del Festival de Cine Dominicano en el estado de New York, reconocimiento \u00fanico gestionado por el <strong>Comisionado de la Oficina de la Alcald\u00eda para Medios y Entretenimiento<\/strong> (MOME, en ingl\u00e9s); los organizadores del festival anuncian oficialmente la apertura y cierre de las dos noches m\u00e1s importantes del cine dominicano para el mundo, en un festival sin precedentes, con prop\u00f3sito e innovaci\u00f3n.<\/p>\n<p style=\"text-align: justify;\">Cine Art Entertainment Production, empresa que organiza el evento anual neoyorquino, destac\u00f3 que el objetivo es mostrar lo mejor del cine dominicano en la di\u00e1spora, dando inicio con la premier internacional de la pel\u00edcula <strong><em>\u201cEl App\u201d<\/em> <\/strong>dirigida por Tabar\u00e9 Blanchard y el cortometraje <em><strong>\u201cWeak\u201d<\/strong> <\/em>de la directora dominicano-americana Katherine Castro. El cierre ser\u00e1 con \u201cPor eso vengo al r\u00edo\u201d, \u00f3pera del director Fernando Blanco y <strong><em>\u201cDi\u00e1spora\u201d<\/em> <\/strong>dirigida por H\u00e9ctor Valdez.<\/p>\n<p style=\"text-align: justify;\">Entre las nuevas novedades de la programaci\u00f3n del DFFNYC 2022, el festival anuncia una secci\u00f3n paralela <em>\u201cCinema y Cocktail\u201d<\/em>, en colaboraci\u00f3n con el legendario night-club Copacabana. En esta secci\u00f3n paralela, se estar\u00e1 presentando el estreno mundial del documental <em>\u201cLa trayectoria del son y salsa\u201d<\/em> dirigido por Eddy Corad\u00edn. En ese mismo orden se presentar\u00e1 dos documentales <strong><em>\u201cLas Reinas de la Risa\u201d y \u201cBroad Abroad\u201d<\/em> <\/strong>de la productora, directora y actriz Kiki Mel\u00e9ndez. Esta muestra tambi\u00e9n incluye el documental de Amazon Music \u201cLa Cuna del Dembow\u201d del director Rodrigo Rodr\u00edguez.<\/p>\n<p style=\"text-align: justify;\"><em>\u201cLa programaci\u00f3n de esta nueva edici\u00f3n viene totalmente renovada con elementos de nuestra identidad y cultura<\/em>\u201d, expres\u00f3 su director y fundador Armando Guare\u00f1o.<\/p>\n<p style=\"text-align: justify;\"><em>\u201cLa programaci\u00f3n completa se dar\u00e1 a conocer el 19 de octubre, donde se presentar\u00e1n en detalle m\u00e1s de 80 producciones cinematogr\u00e1ficas que participar\u00e1n en competencia oficial, retrospectiva, presentaciones especiales, paneles, y muestras que convertir\u00e1n el DFFNYC 2022 en una programaci\u00f3n diversa y exquisita\u201d,<\/em> puntualiz\u00f3 Guare\u00f1o.<\/p>\n<p style=\"text-align: justify;\">Fuente: Yissus Taveras<br \/>\n####<\/p>\n","protected":false},"excerpt":{"rendered":"<p>New York, USA, octubre 2022. Bajo el slogan \u201cHistoria que nos hacen so\u00f1ar\u201d, fue anunciada<\/p>\n","protected":false},"author":2,"featured_media":0,"comment_status":"open","ping_status":"open","sticky":false,"template":"","format":"standard","meta":{"footnotes":""},"categories":[6,16],"tags":[],"class_list":["post-1966","post","type-post","status-publish","format-standard","hentry","category-espectaculos","category-internacionales"],"_links":{"self":[{"href":"https:\/\/defrentealaverdad.com\/index.php\/wp-json\/wp\/v2\/posts\/1966","targetHints":{"allow":["GET"]}}],"collection":[{"href":"https:\/\/defrentealaverdad.com\/index.php\/wp-json\/wp\/v2\/posts"}],"about":[{"href":"https:\/\/defrentealaverdad.com\/index.php\/wp-json\/wp\/v2\/types\/post"}],"author":[{"embeddable":true,"href":"https:\/\/defrentealaverdad.com\/index.php\/wp-json\/wp\/v2\/users\/2"}],"replies":[{"embeddable":true,"href":"https:\/\/defrentealaverdad.com\/index.php\/wp-json\/wp\/v2\/comments?post=1966"}],"version-history":[{"count":5,"href":"https:\/\/defrentealaverdad.com\/index.php\/wp-json\/wp\/v2\/posts\/1966\/revisions"}],"predecessor-version":[{"id":1972,"href":"https:\/\/defrentealaverdad.com\/index.php\/wp-json\/wp\/v2\/posts\/1966\/revisions\/1972"}],"wp:attachment":[{"href":"https:\/\/defrentealaverdad.com\/index.php\/wp-json\/wp\/v2\/media?parent=1966"}],"wp:term":[{"taxonomy":"category","embeddable":true,"href":"https:\/\/defrentealaverdad.com\/index.php\/wp-json\/wp\/v2\/categories?post=1966"},{"taxonomy":"post_tag","embeddable":true,"href":"https:\/\/defrentealaverdad.com\/index.php\/wp-json\/wp\/v2\/tags?post=1966"}],"curies":[{"name":"wp","href":"https:\/\/api.w.org\/{rel}","templated":true}]}}