{"id":19621,"date":"2024-07-02T09:51:46","date_gmt":"2024-07-02T09:51:46","guid":{"rendered":"https:\/\/defrentealaverdad.com\/?p=19621"},"modified":"2024-07-02T13:52:30","modified_gmt":"2024-07-02T13:52:30","slug":"beryl-se-localiza-a-unos-415-kilometros-al-sureste-de-isla-saona","status":"publish","type":"post","link":"https:\/\/defrentealaverdad.com\/index.php\/2024\/07\/02\/beryl-se-localiza-a-unos-415-kilometros-al-sureste-de-isla-saona\/","title":{"rendered":"Beryl se localiza a unos 415 kil\u00f3metros al sureste de Isla Saona"},"content":{"rendered":"<header class=\"entry-header\"><\/header>\n<figure class=\"post-thumbnail\" style=\"text-align: justify;\"><img decoding=\"async\" class=\"post-thumbnail__img wp-post-image aligncenter lazyload\" data-src=\"https:\/\/robertocavada.com\/wp-content\/uploads\/2024\/07\/GRexm-3WgAEENtX-770x540.jpeg\" alt=\"Beryl se localiza a unos 415 kil\u00f3metros al sureste de Isla Saona\" width=\"770\" height=\"540\" src=\"data:image\/svg+xml;base64,PHN2ZyB3aWR0aD0iMSIgaGVpZ2h0PSIxIiB4bWxucz0iaHR0cDovL3d3dy53My5vcmcvMjAwMC9zdmciPjwvc3ZnPg==\" style=\"--smush-placeholder-width: 770px; --smush-placeholder-aspect-ratio: 770\/540;\" \/><\/figure>\n<div class=\"entry-content\">\n<div id=\"st-1\" class=\"sharethis-inline-share-buttons st-center st-lang-es st-has-labels  st-inline-share-buttons st-animated\" style=\"text-align: justify;\">\n<div class=\"st-btn st-last st-remove-label\" data-network=\"whatsapp\"><strong>Santo Domingo.- <\/strong>La Oficina Nacional de Meteorolog\u00eda recomend\u00f3 a los operadores de embarcaciones permanecer en puerto, desde Miches (El Seibo) hasta Isla Beata (Pedernales) debido a la peligrosidad del hurac\u00e1n Beryl, el cual, producir\u00e1 condiciones mar\u00edtimas peligrosas.<\/div>\n<\/div>\n<div id=\"advads-4c7d543506e1859132d75262aee67c48\" class=\"advads-4c7d543506e1859132d75262aee67c48 advads-content-first-paragraph\" style=\"text-align: justify;\">\n<div id=\"advads-541348662\" class=\"advads-content-first-paragraph\">\n<div id=\"advads-722605143\" data-advads-trackid=\"220527\" data-advads-trackbid=\"1\">Los habitantes en zonas costeras deben tomar las precauciones de lugar y alejarse de las zonas m\u00e1s propensas a rompientes y posibles penetraciones en zonas costeras bajas.<\/div>\n<\/div>\n<\/div>\n<p style=\"text-align: justify;\">La ONAMET informa que Beryl contin\u00faa siendo un peligroso hurac\u00e1n categor\u00eda 5. Se localiza en la latitud 14.7 norte y longitud 67.1 oeste, esto es, aproximadamente a unos 415 kil\u00f3metros al sureste de Isla Saona (La Romana). Tiene vientos m\u00e1ximos sostenidos de 270 kph y se desplaza hacia el oeste\/noroeste a unos 35 kph. Es importante mantenerse atentos a la evoluci\u00f3n y desarrollo de BERYL a trav\u00e9s de los boletines emitidos por este Centro Nacional de Pron\u00f3sticos.<\/p>\n<div id=\"advads-2090bbd3f62af09c51ab6e50b6a4a9d7\" class=\"advads-2090bbd3f62af09c51ab6e50b6a4a9d7 advads-content-middle\" style=\"text-align: justify;\">\n<div id=\"advads-841058274\" class=\"advads-content-middle\">\n<div id=\"advads-288609758\" data-advads-trackid=\"344220\" data-advads-trackbid=\"1\">Hoy, conforme el hurac\u00e1n Beryl contin\u00fae acerc\u00e1ndose y transite sobre aguas del mar Caribe, al sur del pa\u00eds, incidir\u00e1 indirectamente, ocasionando que las lluvias inicien durante horas matutinas, en provincias como: La Altagracia, El Seibo, Hato Mayor, Monte Plata, Saman\u00e1, La Romana, San Pedro de Macor\u00eds, Duarte y S\u00e1nchez Ram\u00edrez, extendi\u00e9ndose alrededor del mediod\u00eda hacia el Gran Santo Domingo, San Crist\u00f3bal, Monse\u00f1or Nouel, Peravia, San Jos\u00e9 de Ocoa, La Vega, Mar\u00eda Trinidad S\u00e1nchez, Hermanas Mirabal, entre otras cercanas, en forma de aguaceros moderados que pueden ser fuertes localmente con tronadas y vientos intensos con r\u00e1fagas que pueden llegar a tener fuerza de tormenta tropical, principalmente hacia provincias del litoral caribe\u00f1o.<\/div>\n<\/div>\n<\/div>\n<p style=\"text-align: justify;\">En la tarde, continuar\u00e1n las lluvias hacia las provincias mencionadas y se pronostican lluvias importantes hacia la Cordillera Central y provincias del suroeste como Barahona, Pedernales, Independencia, entre otras. En la costa caribe\u00f1a se prev\u00e9n olas que podr\u00edan superar los 15 pies de altura. Se recomienda mantenerse atentos a los pr\u00f3ximos boletines emitidos por este Centro Nacional de Pron\u00f3sticos de la Oficina Nacional de Meteorolog\u00eda.<\/p>\n<p style=\"text-align: justify;\">La ONAMET, vigila un \u00e1rea de aguaceros con tormentas el\u00e9ctricas, ubicada aproximadamente a unos 1500 de kil\u00f3metros al este\/sureste de las islas de Barlovento, Antillas Menores. Mantiene probabilidad baja (20%) para alcanzar la categor\u00eda de cicl\u00f3n tropical en las pr\u00f3ximas 48 horas. Por su ubicaci\u00f3n y distancia, por el momento no ofrece peligro para el pa\u00eds. Sin embargo, se recomienda estar atentos a la evoluci\u00f3n de este sistema.<\/p>\n<p>Fuente: ONAMET<\/p>\n<\/div>\n","protected":false},"excerpt":{"rendered":"<p>Santo Domingo.- La Oficina Nacional de Meteorolog\u00eda recomend\u00f3 a los operadores de embarcaciones permanecer en<\/p>\n","protected":false},"author":1,"featured_media":0,"comment_status":"open","ping_status":"open","sticky":false,"template":"","format":"standard","meta":{"footnotes":""},"categories":[229,7],"tags":[],"class_list":["post-19621","post","type-post","status-publish","format-standard","hentry","category-clima","category-nacionales"],"_links":{"self":[{"href":"https:\/\/defrentealaverdad.com\/index.php\/wp-json\/wp\/v2\/posts\/19621","targetHints":{"allow":["GET"]}}],"collection":[{"href":"https:\/\/defrentealaverdad.com\/index.php\/wp-json\/wp\/v2\/posts"}],"about":[{"href":"https:\/\/defrentealaverdad.com\/index.php\/wp-json\/wp\/v2\/types\/post"}],"author":[{"embeddable":true,"href":"https:\/\/defrentealaverdad.com\/index.php\/wp-json\/wp\/v2\/users\/1"}],"replies":[{"embeddable":true,"href":"https:\/\/defrentealaverdad.com\/index.php\/wp-json\/wp\/v2\/comments?post=19621"}],"version-history":[{"count":1,"href":"https:\/\/defrentealaverdad.com\/index.php\/wp-json\/wp\/v2\/posts\/19621\/revisions"}],"predecessor-version":[{"id":19622,"href":"https:\/\/defrentealaverdad.com\/index.php\/wp-json\/wp\/v2\/posts\/19621\/revisions\/19622"}],"wp:attachment":[{"href":"https:\/\/defrentealaverdad.com\/index.php\/wp-json\/wp\/v2\/media?parent=19621"}],"wp:term":[{"taxonomy":"category","embeddable":true,"href":"https:\/\/defrentealaverdad.com\/index.php\/wp-json\/wp\/v2\/categories?post=19621"},{"taxonomy":"post_tag","embeddable":true,"href":"https:\/\/defrentealaverdad.com\/index.php\/wp-json\/wp\/v2\/tags?post=19621"}],"curies":[{"name":"wp","href":"https:\/\/api.w.org\/{rel}","templated":true}]}}