{"id":19611,"date":"2024-07-02T13:47:49","date_gmt":"2024-07-02T13:47:49","guid":{"rendered":"https:\/\/defrentealaverdad.com\/?p=19611"},"modified":"2024-07-02T13:47:49","modified_gmt":"2024-07-02T13:47:49","slug":"la-nueva-orden-de-evacuacion-israeli-en-el-sur-de-gaza-concierne-a-250-000-personas-segun-la-onu","status":"publish","type":"post","link":"https:\/\/defrentealaverdad.com\/index.php\/2024\/07\/02\/la-nueva-orden-de-evacuacion-israeli-en-el-sur-de-gaza-concierne-a-250-000-personas-segun-la-onu\/","title":{"rendered":"La nueva orden de evacuaci\u00f3n israel\u00ed en el sur de Gaza concierne a 250.000 personas, seg\u00fan la ONU"},"content":{"rendered":"<header class=\"entry-header\"><\/header>\n<div class=\"entry-meta entry-meta-main\" style=\"text-align: justify;\"><\/div>\n<figure class=\"post-thumbnail\" style=\"text-align: justify;\"><img decoding=\"async\" class=\"post-thumbnail__img wp-post-image aligncenter lazyload\" data-src=\"https:\/\/robertocavada.com\/wp-content\/uploads\/2024\/07\/IMG_8027-770x540.jpeg\" alt=\"La nueva orden de evacuaci\u00f3n israel\u00ed en el sur de Gaza concierne a 250.000 personas, seg\u00fan la ONU\" width=\"770\" height=\"540\" src=\"data:image\/svg+xml;base64,PHN2ZyB3aWR0aD0iMSIgaGVpZ2h0PSIxIiB4bWxucz0iaHR0cDovL3d3dy53My5vcmcvMjAwMC9zdmciPjwvc3ZnPg==\" style=\"--smush-placeholder-width: 770px; --smush-placeholder-aspect-ratio: 770\/540;\" \/><\/figure>\n<div class=\"entry-content\">\n<div id=\"st-1\" class=\"sharethis-inline-share-buttons st-center st-lang-es st-has-labels  st-inline-share-buttons st-animated\" style=\"text-align: justify;\">\n<div class=\"st-btn st-first\" data-network=\"facebook\"><img decoding=\"async\" data-src=\"https:\/\/platform-cdn.sharethis.com\/img\/facebook.svg\" alt=\"facebook sharing button\" src=\"data:image\/svg+xml;base64,PHN2ZyB3aWR0aD0iMSIgaGVpZ2h0PSIxIiB4bWxucz0iaHR0cDovL3d3dy53My5vcmcvMjAwMC9zdmciPjwvc3ZnPg==\" class=\"lazyload\" \/><\/div>\n<\/div>\n<p style=\"text-align: justify;\">Unas 250.000 personas se han visto afectadas por la nueva orden de evacuaci\u00f3n que emiti\u00f3 el lunes el ej\u00e9rcito israel\u00ed en el sur de la Franja de Gaza, afirm\u00f3 este martes la Agencia de la ONU para los Refugiados Palestinos (UNRWA).<\/p>\n<div id=\"advads-e0c1b896e206ca96ac80a39278484237\" class=\"advads-e0c1b896e206ca96ac80a39278484237 advads-content-middle\">\n<div id=\"advads-1339537730\" class=\"advads-content-middle\" style=\"text-align: justify;\">\u201cHemos visto a gente desplaz\u00e1ndose, familias desplaz\u00e1ndose, gente empacando sus pertenencias e intentando abandonar esta zona\u201d, declar\u00f3 a la prensa en Ginebra Louise Wateridge, portavoz de la UNRWA, en una llamada de video desde Gaza, y a\u00f1adi\u00f3 que la agencia estima \u201cque alrededor de 250.000 personas se han visto afectadas por estas \u00f3rdenes\u201d.<\/div>\n<\/div>\n<\/div>\n<div><\/div>\n<div>Fuente: EFE<\/div>\n","protected":false},"excerpt":{"rendered":"<p>Unas 250.000 personas se han visto afectadas por la nueva orden de evacuaci\u00f3n que emiti\u00f3<\/p>\n","protected":false},"author":4,"featured_media":0,"comment_status":"open","ping_status":"open","sticky":false,"template":"","format":"standard","meta":{"footnotes":""},"categories":[16],"tags":[],"class_list":["post-19611","post","type-post","status-publish","format-standard","hentry","category-internacionales"],"_links":{"self":[{"href":"https:\/\/defrentealaverdad.com\/index.php\/wp-json\/wp\/v2\/posts\/19611","targetHints":{"allow":["GET"]}}],"collection":[{"href":"https:\/\/defrentealaverdad.com\/index.php\/wp-json\/wp\/v2\/posts"}],"about":[{"href":"https:\/\/defrentealaverdad.com\/index.php\/wp-json\/wp\/v2\/types\/post"}],"author":[{"embeddable":true,"href":"https:\/\/defrentealaverdad.com\/index.php\/wp-json\/wp\/v2\/users\/4"}],"replies":[{"embeddable":true,"href":"https:\/\/defrentealaverdad.com\/index.php\/wp-json\/wp\/v2\/comments?post=19611"}],"version-history":[{"count":1,"href":"https:\/\/defrentealaverdad.com\/index.php\/wp-json\/wp\/v2\/posts\/19611\/revisions"}],"predecessor-version":[{"id":19612,"href":"https:\/\/defrentealaverdad.com\/index.php\/wp-json\/wp\/v2\/posts\/19611\/revisions\/19612"}],"wp:attachment":[{"href":"https:\/\/defrentealaverdad.com\/index.php\/wp-json\/wp\/v2\/media?parent=19611"}],"wp:term":[{"taxonomy":"category","embeddable":true,"href":"https:\/\/defrentealaverdad.com\/index.php\/wp-json\/wp\/v2\/categories?post=19611"},{"taxonomy":"post_tag","embeddable":true,"href":"https:\/\/defrentealaverdad.com\/index.php\/wp-json\/wp\/v2\/tags?post=19611"}],"curies":[{"name":"wp","href":"https:\/\/api.w.org\/{rel}","templated":true}]}}