{"id":19609,"date":"2024-07-02T13:46:59","date_gmt":"2024-07-02T13:46:59","guid":{"rendered":"https:\/\/defrentealaverdad.com\/?p=19609"},"modified":"2024-07-02T13:46:59","modified_gmt":"2024-07-02T13:46:59","slug":"cae-abatido-doble-a-al-enfrentar-patrulla-policial-que-lo-buscaba-por-homicidio-y-otros-delitos","status":"publish","type":"post","link":"https:\/\/defrentealaverdad.com\/index.php\/2024\/07\/02\/cae-abatido-doble-a-al-enfrentar-patrulla-policial-que-lo-buscaba-por-homicidio-y-otros-delitos\/","title":{"rendered":"Cae abatido \u201cDoble A\u201d al enfrentar patrulla policial que lo buscaba por homicidio y otros delitos"},"content":{"rendered":"<header class=\"entry-header\"><\/header>\n<p>Por F\u00e9lix Rubio<\/p>\n<p><em style=\"text-align: justify;\">-Le ocupan pistola con la cual atac\u00f3 a los agentes actuantes y una jeepeta en la que se trasladaba.<\/em><\/p>\n<p><img decoding=\"async\" class=\"post-thumbnail__img wp-post-image alignleft lazyload\" data-src=\"https:\/\/robertocavada.com\/wp-content\/uploads\/2023\/12\/policia-nacional-efbad3ce-focus-0-0-375-240.jpg\" alt=\"Cae abatido \u201cDoble A\u201d al enfrentar patrulla policial que lo buscaba por homicidio y otros delitos\" width=\"375\" height=\"240\" src=\"data:image\/svg+xml;base64,PHN2ZyB3aWR0aD0iMSIgaGVpZ2h0PSIxIiB4bWxucz0iaHR0cDovL3d3dy53My5vcmcvMjAwMC9zdmciPjwvc3ZnPg==\" style=\"--smush-placeholder-width: 375px; --smush-placeholder-aspect-ratio: 375\/240;\" \/><\/p>\n<div class=\"entry-content\">\n<p style=\"text-align: justify;\">Un delincuente que era buscado de manera activa por m\u00faltiples hechos delictivos, incluyendo homicidio, cay\u00f3 abatido la tarde de este lunes al enfrentar una patrulla policial que le daba seguimiento, en un hecho ocurrido en la avenida Charles de Gaulle, del municipio Santo Domingo Este.<\/p>\n<div id=\"advads-53f2e6d9947bec1936c2f1fdf3669f15\" class=\"advads-53f2e6d9947bec1936c2f1fdf3669f15 advads-content-first-paragraph\" style=\"text-align: justify;\">\n<div id=\"advads-1669781102\" class=\"advads-content-first-paragraph\">\n<div id=\"advads-606447803\" class=\"advads-target\" data-advads-trackid=\"392422\" data-advads-trackbid=\"1\">Se trata de Pedro Pablo Puello (a) Doble A y\/o Pichi, mayor de edad, quien falleci\u00f3 mientras recib\u00eda atenciones m\u00e9dicas en el Hospital Docente Universitario Dr. Dar\u00edo Contreras, a causa de heridas m\u00faltiples por arma de fuego.<\/div>\n<\/div>\n<\/div>\n<p style=\"text-align: justify;\">De acuerdo con el reporte de los agentes actuantes, el apodado \u201cDoble A\u201d atac\u00f3 a la patrulla que lo persegu\u00eda cuando lo avistaron en la citada avenida, frente a una caba\u00f1a abandonada del sector Cansino, mientras se desplazaba a bordo de una jeepeta marca Honda CR-V, blanca, placa No. G4766505.<\/p>\n<div id=\"advads-53df77ed58d55ea67ae8cdeb30ce35b8\" class=\"advads-53df77ed58d55ea67ae8cdeb30ce35b8 advads-content-middle\" style=\"text-align: justify;\">\n<div id=\"advads-1456659044\" class=\"advads-content-middle\">\n<div id=\"advads-1057990768\" data-advads-trackid=\"302210\" data-advads-trackbid=\"1\">En ese sentido, los polic\u00edas de Investigaci\u00f3n (DICRIM) se vieron en la imperiosa necesidad de ripostar la agresi\u00f3n, resultando el antisocial con las heridas que posteriormente le provocaron la muerte.<\/div>\n<\/div>\n<\/div>\n<p style=\"text-align: justify;\">Tras el enfrentamiento, a \u201cDoble A\u201d le fue ocupada la pistola marca Hi Power, calibre 9mm, serie No. 89763, la cual portaba de manera ilegal.<\/p>\n<p>Fuente: RC Noticias<\/p>\n<\/div>\n","protected":false},"excerpt":{"rendered":"<p>Por F\u00e9lix Rubio -Le ocupan pistola con la cual atac\u00f3 a los agentes actuantes y<\/p>\n","protected":false},"author":1,"featured_media":0,"comment_status":"open","ping_status":"open","sticky":false,"template":"","format":"standard","meta":{"footnotes":""},"categories":[7],"tags":[],"class_list":["post-19609","post","type-post","status-publish","format-standard","hentry","category-nacionales"],"_links":{"self":[{"href":"https:\/\/defrentealaverdad.com\/index.php\/wp-json\/wp\/v2\/posts\/19609","targetHints":{"allow":["GET"]}}],"collection":[{"href":"https:\/\/defrentealaverdad.com\/index.php\/wp-json\/wp\/v2\/posts"}],"about":[{"href":"https:\/\/defrentealaverdad.com\/index.php\/wp-json\/wp\/v2\/types\/post"}],"author":[{"embeddable":true,"href":"https:\/\/defrentealaverdad.com\/index.php\/wp-json\/wp\/v2\/users\/1"}],"replies":[{"embeddable":true,"href":"https:\/\/defrentealaverdad.com\/index.php\/wp-json\/wp\/v2\/comments?post=19609"}],"version-history":[{"count":1,"href":"https:\/\/defrentealaverdad.com\/index.php\/wp-json\/wp\/v2\/posts\/19609\/revisions"}],"predecessor-version":[{"id":19610,"href":"https:\/\/defrentealaverdad.com\/index.php\/wp-json\/wp\/v2\/posts\/19609\/revisions\/19610"}],"wp:attachment":[{"href":"https:\/\/defrentealaverdad.com\/index.php\/wp-json\/wp\/v2\/media?parent=19609"}],"wp:term":[{"taxonomy":"category","embeddable":true,"href":"https:\/\/defrentealaverdad.com\/index.php\/wp-json\/wp\/v2\/categories?post=19609"},{"taxonomy":"post_tag","embeddable":true,"href":"https:\/\/defrentealaverdad.com\/index.php\/wp-json\/wp\/v2\/tags?post=19609"}],"curies":[{"name":"wp","href":"https:\/\/api.w.org\/{rel}","templated":true}]}}