{"id":19606,"date":"2024-07-01T22:44:15","date_gmt":"2024-07-01T22:44:15","guid":{"rendered":"https:\/\/defrentealaverdad.com\/?p=19606"},"modified":"2024-07-02T13:45:52","modified_gmt":"2024-07-02T13:45:52","slug":"gobierno-no-ha-suspendido-la-actividad-laboral-para-este-martes","status":"publish","type":"post","link":"https:\/\/defrentealaverdad.com\/index.php\/2024\/07\/01\/gobierno-no-ha-suspendido-la-actividad-laboral-para-este-martes\/","title":{"rendered":"Gobierno no ha suspendido la actividad laboral para este martes"},"content":{"rendered":"<section class=\"nota-top-part\">\n<p style=\"text-align: justify;\"><em>Cualquier decisi\u00f3n que eventualmente se tome en ese sentido ser\u00e1 informada a trav\u00e9s de los canales correspondientes, dijo el ministro Joel Santos tras una reuni\u00f3n convocada esta noche por el presidente Luis Abinader.<\/em><\/p>\n<\/section>\n<div id=\"verticalShare\" class=\"vertical-share flex-container flex-column in-view\" style=\"text-align: justify;\"><img decoding=\"async\" data-src=\"https:\/\/media.acento.com.do\/media\/storage02\/uploads\/2023\/02\/viviendas-gobierno-3.webp\" alt=\"Gobierno no ha suspendido la actividad laboral para este martes\" src=\"data:image\/svg+xml;base64,PHN2ZyB3aWR0aD0iMSIgaGVpZ2h0PSIxIiB4bWxucz0iaHR0cDovL3d3dy53My5vcmcvMjAwMC9zdmciPjwvc3ZnPg==\" class=\"lazyload\" \/><\/div>\n<div class=\"autor-share-holder flex-container align-center justify-between\" style=\"text-align: justify;\">\n<div class=\"autor flex-container align-center\"><\/div>\n<div class=\"article-audio-container\"><\/div>\n<\/div>\n<div class=\"banner-box\" style=\"text-align: justify;\">\n<div id=\"div-gpt-news-middle-1\" data-google-query-id=\"COXprry-iIcDFSSv0QQdKjEHCw\">\n<div id=\"google_ads_iframe_\/5168668\/News_Middle_01_0__container__\">El Gobierno no ha suspendido las actividades labores de este martes a causa del hurac\u00e1n Beryl, inform\u00f3 esta noche el ministro de la Presidencia, Joel Santos, tras la reuni\u00f3n que el presidente Luis Abinader mantuvo con los titulares de los organismos de emergencias y socorro.<\/div>\n<\/div>\n<\/div>\n<div class=\"article-body\">\n<p style=\"text-align: justify;\">Cualquier decisi\u00f3n que eventualmente se tome en ese sentido ser\u00e1 informada a trav\u00e9s de los canales correspondientes, dijo al aclarar que son falsas las versiones que anunciaban la suspensi\u00f3n de labores como una decisi\u00f3n y adoptada.<\/p>\n<p style=\"text-align: justify;\">El peligroso hurac\u00e1n Beryl registra vientos de 250 kil\u00f3metros por hora y en las pr\u00f3ximas horas pasar\u00e1 a la m\u00e1xima categor\u00eda 5 de continuar al alza.<\/p>\n<p>Fuente: Acento<\/p>\n<\/div>\n","protected":false},"excerpt":{"rendered":"<p>Cualquier decisi\u00f3n que eventualmente se tome en ese sentido ser\u00e1 informada a trav\u00e9s de los<\/p>\n","protected":false},"author":4,"featured_media":0,"comment_status":"open","ping_status":"open","sticky":false,"template":"","format":"standard","meta":{"footnotes":""},"categories":[7],"tags":[],"class_list":["post-19606","post","type-post","status-publish","format-standard","hentry","category-nacionales"],"_links":{"self":[{"href":"https:\/\/defrentealaverdad.com\/index.php\/wp-json\/wp\/v2\/posts\/19606","targetHints":{"allow":["GET"]}}],"collection":[{"href":"https:\/\/defrentealaverdad.com\/index.php\/wp-json\/wp\/v2\/posts"}],"about":[{"href":"https:\/\/defrentealaverdad.com\/index.php\/wp-json\/wp\/v2\/types\/post"}],"author":[{"embeddable":true,"href":"https:\/\/defrentealaverdad.com\/index.php\/wp-json\/wp\/v2\/users\/4"}],"replies":[{"embeddable":true,"href":"https:\/\/defrentealaverdad.com\/index.php\/wp-json\/wp\/v2\/comments?post=19606"}],"version-history":[{"count":1,"href":"https:\/\/defrentealaverdad.com\/index.php\/wp-json\/wp\/v2\/posts\/19606\/revisions"}],"predecessor-version":[{"id":19608,"href":"https:\/\/defrentealaverdad.com\/index.php\/wp-json\/wp\/v2\/posts\/19606\/revisions\/19608"}],"wp:attachment":[{"href":"https:\/\/defrentealaverdad.com\/index.php\/wp-json\/wp\/v2\/media?parent=19606"}],"wp:term":[{"taxonomy":"category","embeddable":true,"href":"https:\/\/defrentealaverdad.com\/index.php\/wp-json\/wp\/v2\/categories?post=19606"},{"taxonomy":"post_tag","embeddable":true,"href":"https:\/\/defrentealaverdad.com\/index.php\/wp-json\/wp\/v2\/tags?post=19606"}],"curies":[{"name":"wp","href":"https:\/\/api.w.org\/{rel}","templated":true}]}}