{"id":19604,"date":"2024-07-02T13:40:21","date_gmt":"2024-07-02T13:40:21","guid":{"rendered":"https:\/\/defrentealaverdad.com\/?p=19604"},"modified":"2024-07-02T13:44:06","modified_gmt":"2024-07-02T13:44:06","slug":"rd-vial-pide-a-conductores-prudencia-en-carreteras-ante-efectos-de-huracan-beryl","status":"publish","type":"post","link":"https:\/\/defrentealaverdad.com\/index.php\/2024\/07\/02\/rd-vial-pide-a-conductores-prudencia-en-carreteras-ante-efectos-de-huracan-beryl\/","title":{"rendered":"RD Vial pide a conductores prudencia en carreteras ante efectos de hurac\u00e1n Beryl"},"content":{"rendered":"<header class=\"entry-header\"><\/header>\n<figure class=\"post-thumbnail\"><img decoding=\"async\" class=\"post-thumbnail__img wp-post-image lazyload\" data-src=\"https:\/\/robertocavada.com\/wp-content\/uploads\/2024\/07\/33e6111c-e8dd-4267-b45f-15af55760cde-770x540.jpeg\" alt=\"RD Vial pide a conductores prudencia en carreteras ante efectos de hurac\u00e1n Beryl\" width=\"770\" height=\"540\" src=\"data:image\/svg+xml;base64,PHN2ZyB3aWR0aD0iMSIgaGVpZ2h0PSIxIiB4bWxucz0iaHR0cDovL3d3dy53My5vcmcvMjAwMC9zdmciPjwvc3ZnPg==\" style=\"--smush-placeholder-width: 770px; --smush-placeholder-aspect-ratio: 770\/540;\" \/><\/figure>\n<div class=\"entry-content\">\n<div id=\"st-1\" class=\"sharethis-inline-share-buttons st-center st-lang-es st-has-labels st-inline-share-buttons st-animated\">\n<div class=\"st-btn st-first\" data-network=\"facebook\"><img decoding=\"async\" data-src=\"https:\/\/platform-cdn.sharethis.com\/img\/facebook.svg\" alt=\"facebook sharing button\" src=\"data:image\/svg+xml;base64,PHN2ZyB3aWR0aD0iMSIgaGVpZ2h0PSIxIiB4bWxucz0iaHR0cDovL3d3dy53My5vcmcvMjAwMC9zdmciPjwvc3ZnPg==\" class=\"lazyload\" \/><\/div>\n<div class=\"st-btn st-last st-remove-label\" data-network=\"whatsapp\">La direcci\u00f3n del Fideicomiso RD Vial pidi\u00f3 a los conductores que, ante los efectos del hurac\u00e1n Beryl, eviten tomar las carreteras salvo en los casos en que sea indispensable, muy especialmente aquellas v\u00edas que est\u00e1n ubicadas en las provincias que est\u00e1n bajo alerta.<\/div>\n<\/div>\n<p>El director del RD Vial, Jean Luis Rodr\u00edguez, llam\u00f3 a los conductores a ser prudentes, \u201cteniendo en consideraci\u00f3n que las v\u00edas nunca son tan vulnerables y peligrosas como cuando est\u00e1n sometidas a las inclemencias del tiempo, como las que se esperan en las pr\u00f3ximas horas con el hurac\u00e1n Beryl\u201d.<\/p>\n<p>Asimismo, destac\u00f3 que desde la direcci\u00f3n de operaciones de esta entidad se encuentran monitoreando el fen\u00f3meno, con el prop\u00f3sito de tomar las medidas necesarias desde sus competencias para contribuir en la protecci\u00f3n de los ciudadanos que se desplazan por las v\u00edas.<\/p>\n<p>La ma\u00f1ana de este martes, el Centro de Operaciones de Emergencia (COE) manten\u00eda en alerta roja a las provincias de Barahona y Pedernales, mientras que, en alerta amarilla a Peravia, Santo Domingo, Distrito Nacional, San Crist\u00f3bal, Azua, S\u00e1nchez Ram\u00edrez, Independencia, La Vega, Monse\u00f1or Nouel, San Jos\u00e9 de Ocoa y Monte Plata.<\/p>\n<p>En Alerta verde est\u00e1n Puerto Plata, Santiago, La Altagracia, Espaillat, Bahoruco, El\u00edas Pi\u00f1a, La Romana, San Pedro de Macor\u00eds, Hato Mayor, Hermanas Mirabal y San Juan.<\/p>\n<p><strong>Riesgos en las carreteras durante el hurac\u00e1n Beryl<\/strong><\/p>\n<p>Las carreteras se vuelven extremadamente peligrosas durante condiciones clim\u00e1ticas severas como las causadas por un hurac\u00e1n. La visibilidad reducida, el pavimento resbaladizo y la posibilidad de inundaciones aumentan el riesgo de accidentes. Conducir en estas condiciones no solo pone en riesgo la vida del conductor y sus pasajeros, sino que tambi\u00e9n puede complicar las operaciones de emergencia y rescate.<\/p>\n<p><strong>Medidas de monitoreo y protecci\u00f3n<\/strong><\/p>\n<p>Jean Luis Rodr\u00edguez inform\u00f3 que RD Vial y la direcci\u00f3n de operaciones est\u00e1n monitoreando continuamente el fen\u00f3meno y prepar\u00e1ndose para tomar medidas necesarias para proteger a los ciudadanos. Esto incluye potencialmente cerrar carreteras o desviar el tr\u00e1fico para evitar zonas peligrosas.<\/p>\n<p><strong>Responsabilidad y preparaci\u00f3n ciudadana<\/strong><\/p>\n<p>La prudencia en situaciones de emergencia es una responsabilidad de todos los ciudadanos. Respetar las recomendaciones de las autoridades no solo protege a los individuos, sino tambi\u00e9n a la comunidad en general. Es esencial que las personas se preparen adecuadamente antes de la llegada del hurac\u00e1n, asegur\u00e1ndose de tener suministros b\u00e1sicos y un plan de emergencia, en lugar de exponerse innecesariamente en las carreteras.<\/p>\n<p>En la medida de lo posible, se recomienda utilizar alternativas como el teletrabajo y mantener la comunicaci\u00f3n a trav\u00e9s de medios digitales para reducir la necesidad de desplazamientos, minimizando as\u00ed los riesgos asociados a la conducci\u00f3n en condiciones adversas.<\/p>\n<p>RD Vial reafirma su compromiso con la seguridad de todos los ciudadanos y continuar\u00e1 informando sobre cualquier cambio en las condiciones de las v\u00edas y las medidas necesarias para garantizar la protecci\u00f3n de todos durante el hurac\u00e1n Beryl.<\/p>\n<p>Fuente: RC Noticias<\/p>\n<\/div>\n","protected":false},"excerpt":{"rendered":"<p>La direcci\u00f3n del Fideicomiso RD Vial pidi\u00f3 a los conductores que, ante los efectos del<\/p>\n","protected":false},"author":1,"featured_media":0,"comment_status":"open","ping_status":"open","sticky":false,"template":"","format":"standard","meta":{"footnotes":""},"categories":[7],"tags":[],"class_list":["post-19604","post","type-post","status-publish","format-standard","hentry","category-nacionales"],"_links":{"self":[{"href":"https:\/\/defrentealaverdad.com\/index.php\/wp-json\/wp\/v2\/posts\/19604","targetHints":{"allow":["GET"]}}],"collection":[{"href":"https:\/\/defrentealaverdad.com\/index.php\/wp-json\/wp\/v2\/posts"}],"about":[{"href":"https:\/\/defrentealaverdad.com\/index.php\/wp-json\/wp\/v2\/types\/post"}],"author":[{"embeddable":true,"href":"https:\/\/defrentealaverdad.com\/index.php\/wp-json\/wp\/v2\/users\/1"}],"replies":[{"embeddable":true,"href":"https:\/\/defrentealaverdad.com\/index.php\/wp-json\/wp\/v2\/comments?post=19604"}],"version-history":[{"count":1,"href":"https:\/\/defrentealaverdad.com\/index.php\/wp-json\/wp\/v2\/posts\/19604\/revisions"}],"predecessor-version":[{"id":19605,"href":"https:\/\/defrentealaverdad.com\/index.php\/wp-json\/wp\/v2\/posts\/19604\/revisions\/19605"}],"wp:attachment":[{"href":"https:\/\/defrentealaverdad.com\/index.php\/wp-json\/wp\/v2\/media?parent=19604"}],"wp:term":[{"taxonomy":"category","embeddable":true,"href":"https:\/\/defrentealaverdad.com\/index.php\/wp-json\/wp\/v2\/categories?post=19604"},{"taxonomy":"post_tag","embeddable":true,"href":"https:\/\/defrentealaverdad.com\/index.php\/wp-json\/wp\/v2\/tags?post=19604"}],"curies":[{"name":"wp","href":"https:\/\/api.w.org\/{rel}","templated":true}]}}