{"id":19554,"date":"2024-07-02T00:57:24","date_gmt":"2024-07-02T00:57:24","guid":{"rendered":"https:\/\/defrentealaverdad.com\/?p=19554"},"modified":"2024-07-02T00:57:24","modified_gmt":"2024-07-02T00:57:24","slug":"edes-atribuyen-apagones-al-calor-y-la-lluvia","status":"publish","type":"post","link":"https:\/\/defrentealaverdad.com\/index.php\/2024\/07\/02\/edes-atribuyen-apagones-al-calor-y-la-lluvia\/","title":{"rendered":"EDES atribuyen apagones al calor y la lluvia"},"content":{"rendered":"<div class=\"single-header\"><\/div>\n<div class=\"nota-imagen \">\n<div class=\"img-wrapper\">\n<figure style=\"text-align: justify;\"><img decoding=\"async\" class=\"aligncenter lazyload\" data-src=\"https:\/\/elestado.com.do\/wp-content\/uploads\/2024\/05\/IMG_2155.webp\" src=\"data:image\/svg+xml;base64,PHN2ZyB3aWR0aD0iMSIgaGVpZ2h0PSIxIiB4bWxucz0iaHR0cDovL3d3dy53My5vcmcvMjAwMC9zdmciPjwvc3ZnPg==\" \/><\/figure>\n<\/div>\n<\/div>\n<div class=\"\">\n<div class=\"share-container\" style=\"text-align: justify;\">\n<div class=\"flex-container align-center\"><strong>Las Empresas distribuidoras de electricidad del Este (Edeeste), del Norte (Edenorte) y del Sur (Edesur), <\/strong>lamentan los inconvenientes que las recientes interrupciones del suministro\u00a0el\u00e9ctrico puedan haber causado en sus hogares y lugares de trabajo.<\/div>\n<\/div>\n<div class=\"nota-content\">\n<p style=\"text-align: justify;\">Las edes atribuyeron los apagones a consecuencias\u00a0de una combinaci\u00f3n excepcional de factores: la alta demanda de energ\u00eda debido a la intensa ola de calor y las condiciones meteorol\u00f3gicas adversas, incluyendo lluvias persistentes en gran parte del territorio nacional.<\/p>\n<p style=\"text-align: justify;\">\u201cEstas circunstancias han desafiado nuestra infraestructura y capacidad de respuesta, pero queremos asegurarles que estamos trabajando arduamente para superar estas dificultades\u201d, informaron las entidades.<\/p>\n<p style=\"text-align: justify;\">Aseguraron que sus t\u00e9cnicos est\u00e1n desplegados en las zonas afectadas y est\u00e1n realizando todos los esfuerzos posibles para restablecer el servicio el\u00e9ctrico a la brevedad, adem\u00e1s de adoptar medidas adicionales para fortalecer la red y minimizar el impacto de situaciones similares en el futuro.<\/p>\n<p style=\"text-align: justify;\">\u201cSolicitamos su comprensi\u00f3n y paciencia mientras continuamos con estos trabajos. Sabemos que cualquier interrupci\u00f3n en el suministro el\u00e9ctrico afecta su vida diaria y sus actividades, y estamos comprometidos en resolver esta situaci\u00f3n con la mayor rapidez y eficiencia posible\u201d.<\/p>\n<blockquote>\n<p style=\"text-align: justify;\">\u201cReiteramos nuestras disculpas por las molestias ocasionadas y agradecemos su apoyo y colaboraci\u00f3n durante este periodo. Mantendremos informada a la poblaci\u00f3n sobre los avances en el restablecimiento del servicio a trav\u00e9s de nuestros canales oficiales\u201d.<\/p>\n<\/blockquote>\n<\/div>\n<\/div>\n","protected":false},"excerpt":{"rendered":"<p>Las Empresas distribuidoras de electricidad del Este (Edeeste), del Norte (Edenorte) y del Sur (Edesur),<\/p>\n","protected":false},"author":1,"featured_media":0,"comment_status":"open","ping_status":"open","sticky":false,"template":"","format":"standard","meta":{"footnotes":""},"categories":[7],"tags":[],"class_list":["post-19554","post","type-post","status-publish","format-standard","hentry","category-nacionales"],"_links":{"self":[{"href":"https:\/\/defrentealaverdad.com\/index.php\/wp-json\/wp\/v2\/posts\/19554","targetHints":{"allow":["GET"]}}],"collection":[{"href":"https:\/\/defrentealaverdad.com\/index.php\/wp-json\/wp\/v2\/posts"}],"about":[{"href":"https:\/\/defrentealaverdad.com\/index.php\/wp-json\/wp\/v2\/types\/post"}],"author":[{"embeddable":true,"href":"https:\/\/defrentealaverdad.com\/index.php\/wp-json\/wp\/v2\/users\/1"}],"replies":[{"embeddable":true,"href":"https:\/\/defrentealaverdad.com\/index.php\/wp-json\/wp\/v2\/comments?post=19554"}],"version-history":[{"count":1,"href":"https:\/\/defrentealaverdad.com\/index.php\/wp-json\/wp\/v2\/posts\/19554\/revisions"}],"predecessor-version":[{"id":19555,"href":"https:\/\/defrentealaverdad.com\/index.php\/wp-json\/wp\/v2\/posts\/19554\/revisions\/19555"}],"wp:attachment":[{"href":"https:\/\/defrentealaverdad.com\/index.php\/wp-json\/wp\/v2\/media?parent=19554"}],"wp:term":[{"taxonomy":"category","embeddable":true,"href":"https:\/\/defrentealaverdad.com\/index.php\/wp-json\/wp\/v2\/categories?post=19554"},{"taxonomy":"post_tag","embeddable":true,"href":"https:\/\/defrentealaverdad.com\/index.php\/wp-json\/wp\/v2\/tags?post=19554"}],"curies":[{"name":"wp","href":"https:\/\/api.w.org\/{rel}","templated":true}]}}