{"id":19552,"date":"2024-07-02T00:56:17","date_gmt":"2024-07-02T00:56:17","guid":{"rendered":"https:\/\/defrentealaverdad.com\/?p=19552"},"modified":"2024-07-02T00:56:17","modified_gmt":"2024-07-02T00:56:17","slug":"diputada-kenia-bido-resalta-importancia-del-festival-gastronomico-dominicano-2024","status":"publish","type":"post","link":"https:\/\/defrentealaverdad.com\/index.php\/2024\/07\/02\/diputada-kenia-bido-resalta-importancia-del-festival-gastronomico-dominicano-2024\/","title":{"rendered":"Diputada Kenia Bid\u00f3 resalta importancia del Festival Gastron\u00f3mico Dominicano 2024"},"content":{"rendered":"<div class=\"single-header\">\n<p class=\"single-exceprt\"><em>\u201cEstamos comprometidos a seguir promoviendo, fortaleciendo y apoyando este tipo de iniciativas\u201d<\/em><\/p>\n<\/div>\n<div class=\"nota-imagen \">\n<div class=\"img-wrapper\">\n<figure><img decoding=\"async\" class=\"i-amphtml-fill-content i-amphtml-replaced-content lazyload\" data-src=\"https:\/\/elestado.com.do\/wp-content\/uploads\/2024\/07\/IMG_2723.webp\" alt=\"\" src=\"data:image\/svg+xml;base64,PHN2ZyB3aWR0aD0iMSIgaGVpZ2h0PSIxIiB4bWxucz0iaHR0cDovL3d3dy53My5vcmcvMjAwMC9zdmciPjwvc3ZnPg==\" \/><\/figure>\n<\/div>\n<\/div>\n<div class=\"\">\n<div class=\"share-container\">\n<div class=\"flex-container align-center\" style=\"text-align: justify;\">La diputada oficialista Kenia Bid\u00f3, dijo al participar del Festival Gastron\u00f3mico Dominicano 2024 que desarrolla es esta ciudad que este es un evento donde se resalta lo que ella considera la extraordinaria calidad de los dominicanos en el exterior.<\/div>\n<\/div>\n<div class=\"nota-content\">\n<p style=\"text-align: justify;\">\u201cLo primero es felicitar a los organizadores, en la persona de Elide Almonte y todos los que han unido sus fuerzas para materializar este cuarta versi\u00f3n del \u201cDominican Taste Festival\u201d, el cu\u00e1l reviste una importancia para colaboraci\u00f3n entre productores dominicanos y distribuidores en Estados Unidos, y los comercios que est\u00e1n establecidos aqu\u00ed, para sumar al potencial de los productos agr\u00edcolas dominicanos en el mercado norteamericano y su contribuci\u00f3n al desarrollo econ\u00f3mico del la Rep\u00fablica Dominicana \u201c, dijo la legisladora Bid\u00f3.<\/p>\n<blockquote><p>\u00abNuestro pa\u00eds est\u00e1 produciendo con la c\u00e1lida y est\u00e1ndares para seguir exportando m\u00e1s y hemos visto el aumento que ha se experimentado en los \u00faltimos a\u00f1os \u201d, afirm\u00f3 Bid\u00f3.<\/p><\/blockquote>\n<p style=\"text-align: justify;\">Al ser abordada por los miembros de la prensa que dan cobertura al encuentro que se desarrolla en la Plaza Quisqueya del Alto Manhattan, la representante ante el Congreso Nacional enfatiz\u00f3 el compromiso del Gobierno dominicano y del presidente Lu\u00eds Abinader con la di\u00e1spora.<\/p>\n<blockquote><p>\u201cNuestra gastronom\u00eda es muy rica y variada dominicanos son de extraordinaria calidad. Estamos comprometidos a seguir fortaleciendo la producci\u00f3n, la trazabilidad, la inocuidad y la sanidad de nuestros productos para que, cuando lleguen al mercado, no tengan competencia y puedan ser distribuidos y consumidos de manera adecuada,\u00bb afirm\u00f3 Bid\u00f3 .<\/p><\/blockquote>\n<p style=\"text-align: justify;\">La legisladora destac\u00f3 los esfuerzos para asegurar que los turistas disfruten de la rica gastronom\u00eda dominicana, subrayando que los alimentos producidos en el pa\u00eds son parte esencial de los atractivos tur\u00edsticos.<\/p>\n<p style=\"text-align: justify;\">Bid\u00f3 asegur\u00f3 que su compromiso ante el Congreso y el del Gobierno con la comunidad del exterior, \u201cdebido a quienes vivimos fuera de nuestra pa\u00eds tenemos en el presidente Abinader un hombre que hecho m\u00e1s por la di\u00e1spora en un tiempo r\u00e9cord\u201d.<\/p>\n<blockquote><p>\u201cNuestro Gobierno ha logrado que el crecimiento porque cuenta con las estrategias para seguir fortaleciendo productos del agro de vocaci\u00f3n exportable,\u00bb asever\u00f3 Bid\u00f3 .<\/p><\/blockquote>\n<p style=\"text-align: justify;\">\u201cEste festival es otra forma de promover la sostenibilidad y la competitividad del sector agropecuario, asegurando que nuestros productos sean reconocidos y apreciados en el mercado norteamericano,\u00bb se\u00f1al\u00f3 la diputada Bid\u00f3.<\/p>\n<p>Extendi\u00f3 la invitaci\u00f3n a todos los sectores de la comunidad esta cuarta versi\u00f3n del Dominican Taste Festival dedicado a la provincia Valverde con un homenaje a Latino Am\u00e9rica, que se realiza a en esta, Plaza Quisqueya, ubicada aqu\u00ed, en Dyckman esquina Broadway, en Nueva York.<\/p>\n<p>La asistencia de la congresista Bido en el primer d\u00eda del multitudinario evento, conocido tambi\u00e9n por su nombre en ingl\u00e9s como el \u201cDominican Taste Festival\u201d fue altamente valorada por Elida Almonte, fundadora y directora ejecutiva del evento, quien subray\u00f3 el \u00e9xito del encuentro.<\/p>\n<p>De lado, Elida Almonte, fundadora y presidente del festival, agradeci\u00f3 la asistencia de la congresista Bido al estar presente con su familia en un d\u00eda definido como hermoso, donde enfatiz\u00f3 que el evento no solo fortalece las relaciones comerciales entre los productores agr\u00edcolas dominicanos y los distribuidores en Estados Unidos, sino que tambi\u00e9n tiene un impacto significativo en la econom\u00eda del pa\u00eds.<\/p>\n<p>\u201cEste evento no solo celebra nuestra gastronom\u00eda y cultura, sino que tambi\u00e9n es una plataforma para impulsar el desarrollo econ\u00f3mico y las relaciones comerciales\u201d, agreg\u00f3.<\/p>\n<p>Elida Almonte, en su papel como directora del Dominican Taste Festival, destac\u00f3 el \u00e9xito que tenido gracias al respaldo de la comunidad. El encuentro anual re\u00fane a la familia, los due\u00f1os supermercados, bodegas, empresarios y otros sectores de la comunidad con el objetivo de facilitar productos dominicanos que llegan mercado estadounidense.<\/p>\n<p>Se dieron cita personalidades como los diputados electos, Cirilo Moronta, Rub\u00e9n Dar\u00edo Pe\u00f1alo, el c\u00f3nsul General de la Rep\u00fablica Dominicana en Nueva York, Eligio J\u00e1quez y Michael Peralta, director operativo del evento, el Ministerio de Agricultura de la Rep\u00fablica Dominicana, representado por Euladio Ram\u00edrez y Julio C\u00e9sar Est\u00e9vez.<\/p>\n<p>Almonte reafirm\u00f3 su compromiso y el del Dominican Taste Festival con el crecimiento econ\u00f3mico y la promoci\u00f3n de los productos dominicanos en el extranjero.<\/p>\n<p>\u201cNuestra intenci\u00f3n es que el Dominican Taste Festival se posicione entre los diez mejores festivales gastron\u00f3micos en la ciudad de Nueva York, y estamos trabajando arduamente para lograr este objetivo,\u00bb afirm\u00f3.<\/p>\n<p>Para m\u00e1s informaci\u00f3n sobre el Dominican Taste Festival y sus actividades, visite el sitio web oficial del festival o siga sus redes sociales para actualizaciones en tiempo real. \u200e<\/p>\n<\/div>\n<div class=\"related-tags-box\">\n<p>&nbsp;<\/p>\n<\/div>\n<\/div>\n","protected":false},"excerpt":{"rendered":"<p>\u201cEstamos comprometidos a seguir promoviendo, fortaleciendo y apoyando este tipo de iniciativas\u201d La diputada oficialista<\/p>\n","protected":false},"author":2,"featured_media":0,"comment_status":"open","ping_status":"open","sticky":false,"template":"","format":"standard","meta":{"footnotes":""},"categories":[7],"tags":[],"class_list":["post-19552","post","type-post","status-publish","format-standard","hentry","category-nacionales"],"_links":{"self":[{"href":"https:\/\/defrentealaverdad.com\/index.php\/wp-json\/wp\/v2\/posts\/19552","targetHints":{"allow":["GET"]}}],"collection":[{"href":"https:\/\/defrentealaverdad.com\/index.php\/wp-json\/wp\/v2\/posts"}],"about":[{"href":"https:\/\/defrentealaverdad.com\/index.php\/wp-json\/wp\/v2\/types\/post"}],"author":[{"embeddable":true,"href":"https:\/\/defrentealaverdad.com\/index.php\/wp-json\/wp\/v2\/users\/2"}],"replies":[{"embeddable":true,"href":"https:\/\/defrentealaverdad.com\/index.php\/wp-json\/wp\/v2\/comments?post=19552"}],"version-history":[{"count":1,"href":"https:\/\/defrentealaverdad.com\/index.php\/wp-json\/wp\/v2\/posts\/19552\/revisions"}],"predecessor-version":[{"id":19553,"href":"https:\/\/defrentealaverdad.com\/index.php\/wp-json\/wp\/v2\/posts\/19552\/revisions\/19553"}],"wp:attachment":[{"href":"https:\/\/defrentealaverdad.com\/index.php\/wp-json\/wp\/v2\/media?parent=19552"}],"wp:term":[{"taxonomy":"category","embeddable":true,"href":"https:\/\/defrentealaverdad.com\/index.php\/wp-json\/wp\/v2\/categories?post=19552"},{"taxonomy":"post_tag","embeddable":true,"href":"https:\/\/defrentealaverdad.com\/index.php\/wp-json\/wp\/v2\/tags?post=19552"}],"curies":[{"name":"wp","href":"https:\/\/api.w.org\/{rel}","templated":true}]}}