{"id":19537,"date":"2024-07-01T21:36:12","date_gmt":"2024-07-01T21:36:12","guid":{"rendered":"https:\/\/defrentealaverdad.com\/?p=19537"},"modified":"2024-07-01T21:36:12","modified_gmt":"2024-07-01T21:36:12","slug":"comision-presidencial-de-apoyo-al-desarrollo-barrial-aclaracion-sobre-el-accidente-de-transito","status":"publish","type":"post","link":"https:\/\/defrentealaverdad.com\/index.php\/2024\/07\/01\/comision-presidencial-de-apoyo-al-desarrollo-barrial-aclaracion-sobre-el-accidente-de-transito\/","title":{"rendered":"Comisi\u00f3n Presidencial de Apoyo al Desarrollo Barrial Aclaraci\u00f3n sobre el Accidente de Tr\u00e1nsito"},"content":{"rendered":"<p style=\"text-align: justify;\"><img decoding=\"async\" class=\"size-medium wp-image-19538 alignleft lazyload\" data-src=\"https:\/\/defrentealaverdad.com\/wp-content\/uploads\/2024\/07\/IMG-20240630-WA0178-300x200.jpg\" alt=\"\" width=\"300\" height=\"200\" data-srcset=\"https:\/\/defrentealaverdad.com\/wp-content\/uploads\/2024\/07\/IMG-20240630-WA0178-300x200.jpg 300w, https:\/\/defrentealaverdad.com\/wp-content\/uploads\/2024\/07\/IMG-20240630-WA0178-1024x683.jpg 1024w, https:\/\/defrentealaverdad.com\/wp-content\/uploads\/2024\/07\/IMG-20240630-WA0178-768x512.jpg 768w, https:\/\/defrentealaverdad.com\/wp-content\/uploads\/2024\/07\/IMG-20240630-WA0178-1536x1024.jpg 1536w, https:\/\/defrentealaverdad.com\/wp-content\/uploads\/2024\/07\/IMG-20240630-WA0178.jpg 1599w\" data-sizes=\"(max-width: 300px) 100vw, 300px\" src=\"data:image\/svg+xml;base64,PHN2ZyB3aWR0aD0iMSIgaGVpZ2h0PSIxIiB4bWxucz0iaHR0cDovL3d3dy53My5vcmcvMjAwMC9zdmciPjwvc3ZnPg==\" style=\"--smush-placeholder-width: 300px; --smush-placeholder-aspect-ratio: 300\/200;\" \/><\/p>\n<p style=\"text-align: justify;\">Santo Domingo.\u00a0 Ante las recientes acusaciones vertidas en un medio digital sobre el accidente de tr\u00e1nsito ocurrido el 29 de junio a las 7:58 pm en la avenida Hig\u00fcemota esquina R\u00f3mulo Betancourt (Bella Vista), la Comisi\u00f3n Presidencial de Apoyo al Desarrollo Barrial (CPADB) desea esclarecer los hechos.<\/p>\n<p style=\"text-align: justify;\">El incidente involucr\u00f3 un veh\u00edculo Chevrolet Tahoe negro, placa EG02539, perteneciente a la referida instituci\u00f3n. Afortunadamente, en el incidente no hubo heridos ni da\u00f1os relevantes. Desde el primer momento, se ha seguido el protocolo correspondiente, reportando el incidente a la Direcci\u00f3n General de Seguridad de Tr\u00e1nsito y Transporte Terrestre ( DIGESETT) y a la aseguradora, tal como lo establece la Ley 63-17: Movilidad , Transporte Terrestre, Tr\u00e1nsito y Seguridad Vial de Rep\u00fablica Dominicana, la cual exige que todos los accidentes sean reportados inmediatamente y se coopere plenamente con las autoridades.<\/p>\n<p style=\"text-align: justify;\"><img decoding=\"async\" class=\"size-medium wp-image-19539 alignleft lazyload\" data-src=\"https:\/\/defrentealaverdad.com\/wp-content\/uploads\/2024\/07\/IMG-20240630-WA0181-300x200.jpg\" alt=\"\" width=\"300\" height=\"200\" data-srcset=\"https:\/\/defrentealaverdad.com\/wp-content\/uploads\/2024\/07\/IMG-20240630-WA0181-300x200.jpg 300w, https:\/\/defrentealaverdad.com\/wp-content\/uploads\/2024\/07\/IMG-20240630-WA0181-1024x683.jpg 1024w, https:\/\/defrentealaverdad.com\/wp-content\/uploads\/2024\/07\/IMG-20240630-WA0181-768x512.jpg 768w, https:\/\/defrentealaverdad.com\/wp-content\/uploads\/2024\/07\/IMG-20240630-WA0181-1536x1024.jpg 1536w, https:\/\/defrentealaverdad.com\/wp-content\/uploads\/2024\/07\/IMG-20240630-WA0181.jpg 1599w\" data-sizes=\"(max-width: 300px) 100vw, 300px\" src=\"data:image\/svg+xml;base64,PHN2ZyB3aWR0aD0iMSIgaGVpZ2h0PSIxIiB4bWxucz0iaHR0cDovL3d3dy53My5vcmcvMjAwMC9zdmciPjwvc3ZnPg==\" style=\"--smush-placeholder-width: 300px; --smush-placeholder-aspect-ratio: 300\/200;\" \/><\/p>\n<p style=\"text-align: justify;\">El equipo de la CPADB colabora plenamente con las autoridades para esclarecer los hechos y determinar responsabilidades. El accidente se produjo mientras el personal de la CPADB sal\u00eda de la instituci\u00f3n, en la avenida R\u00f3mulo Betancourt en direcci\u00f3n este a oeste, debido a una colisi\u00f3n en el lateral trasero izquierdo del veh\u00edculo oficial, lo cual sugiere que el otro veh\u00edculo implicado podr\u00eda haber causado el impacto. Contamos con videos que confirman la verdad de esta historia y estamos a la espera del informe oficial de las autoridades de tr\u00e1nsito para esclarecer todas las circunstancias del accidente.<\/p>\n<blockquote>\n<p style=\"text-align: justify;\">Reiteramos nuestro compromiso con la transparencia y la justicia.<\/p>\n<\/blockquote>\n<p style=\"text-align: justify;\">\n<p style=\"text-align: justify;\">Fuente:\u00a0 Oficina de Prensa &#8211; Comisi\u00f3n Presidencial al Desarrollo Barrial<\/p>\n","protected":false},"excerpt":{"rendered":"<p>Santo Domingo.\u00a0 Ante las recientes acusaciones vertidas en un medio digital sobre el accidente de<\/p>\n","protected":false},"author":1,"featured_media":0,"comment_status":"open","ping_status":"open","sticky":false,"template":"","format":"standard","meta":{"footnotes":""},"categories":[7],"tags":[],"class_list":["post-19537","post","type-post","status-publish","format-standard","hentry","category-nacionales"],"_links":{"self":[{"href":"https:\/\/defrentealaverdad.com\/index.php\/wp-json\/wp\/v2\/posts\/19537","targetHints":{"allow":["GET"]}}],"collection":[{"href":"https:\/\/defrentealaverdad.com\/index.php\/wp-json\/wp\/v2\/posts"}],"about":[{"href":"https:\/\/defrentealaverdad.com\/index.php\/wp-json\/wp\/v2\/types\/post"}],"author":[{"embeddable":true,"href":"https:\/\/defrentealaverdad.com\/index.php\/wp-json\/wp\/v2\/users\/1"}],"replies":[{"embeddable":true,"href":"https:\/\/defrentealaverdad.com\/index.php\/wp-json\/wp\/v2\/comments?post=19537"}],"version-history":[{"count":1,"href":"https:\/\/defrentealaverdad.com\/index.php\/wp-json\/wp\/v2\/posts\/19537\/revisions"}],"predecessor-version":[{"id":19540,"href":"https:\/\/defrentealaverdad.com\/index.php\/wp-json\/wp\/v2\/posts\/19537\/revisions\/19540"}],"wp:attachment":[{"href":"https:\/\/defrentealaverdad.com\/index.php\/wp-json\/wp\/v2\/media?parent=19537"}],"wp:term":[{"taxonomy":"category","embeddable":true,"href":"https:\/\/defrentealaverdad.com\/index.php\/wp-json\/wp\/v2\/categories?post=19537"},{"taxonomy":"post_tag","embeddable":true,"href":"https:\/\/defrentealaverdad.com\/index.php\/wp-json\/wp\/v2\/tags?post=19537"}],"curies":[{"name":"wp","href":"https:\/\/api.w.org\/{rel}","templated":true}]}}