{"id":19530,"date":"2024-07-01T21:29:13","date_gmt":"2024-07-01T21:29:13","guid":{"rendered":"https:\/\/defrentealaverdad.com\/?p=19530"},"modified":"2024-07-01T21:32:11","modified_gmt":"2024-07-01T21:32:11","slug":"alcaldesa-carolina-mejia-instruye-acciones-operativas-ante-el-paso-del-huracan-beryl","status":"publish","type":"post","link":"https:\/\/defrentealaverdad.com\/index.php\/2024\/07\/01\/alcaldesa-carolina-mejia-instruye-acciones-operativas-ante-el-paso-del-huracan-beryl\/","title":{"rendered":"Alcaldesa Carolina Mej\u00eda instruye acciones operativas ante el paso del hurac\u00e1n Beryl"},"content":{"rendered":"<p><img decoding=\"async\" class=\"size-medium wp-image-19533 alignleft lazyload\" data-src=\"https:\/\/defrentealaverdad.com\/wp-content\/uploads\/2024\/07\/IMG-20240630-WA0162-300x200.jpg\" alt=\"\" width=\"300\" height=\"200\" data-srcset=\"https:\/\/defrentealaverdad.com\/wp-content\/uploads\/2024\/07\/IMG-20240630-WA0162-300x200.jpg 300w, https:\/\/defrentealaverdad.com\/wp-content\/uploads\/2024\/07\/IMG-20240630-WA0162-1024x682.jpg 1024w, https:\/\/defrentealaverdad.com\/wp-content\/uploads\/2024\/07\/IMG-20240630-WA0162-768x512.jpg 768w, https:\/\/defrentealaverdad.com\/wp-content\/uploads\/2024\/07\/IMG-20240630-WA0162-1536x1023.jpg 1536w, https:\/\/defrentealaverdad.com\/wp-content\/uploads\/2024\/07\/IMG-20240630-WA0162.jpg 1600w\" data-sizes=\"(max-width: 300px) 100vw, 300px\" src=\"data:image\/svg+xml;base64,PHN2ZyB3aWR0aD0iMSIgaGVpZ2h0PSIxIiB4bWxucz0iaHR0cDovL3d3dy53My5vcmcvMjAwMC9zdmciPjwvc3ZnPg==\" style=\"--smush-placeholder-width: 300px; --smush-placeholder-aspect-ratio: 300\/200;\" \/><\/p>\n<p style=\"text-align: justify;\">Santo Domingo, DN- La alcaldesa del Distrito Nacional, Carolina Mej\u00eda, activ\u00f3 este domingo al Comit\u00e9 de Prevenci\u00f3n, Mitigaci\u00f3n y Respuesta ante Desastres, debido al posible paso del hurac\u00e1n Beryl.<\/p>\n<p style=\"text-align: justify;\">El Distrito Nacional se encuentra junto a otras nueve demarcaciones bajo alerta verde por la actual ubicaci\u00f3n del hurac\u00e1n que ya alcanz\u00f3 la categor\u00eda cuatro, que tiene vientos sostenidos de 215 kil\u00f3metros por hora.<\/p>\n<p><img decoding=\"async\" class=\"size-medium wp-image-19534 alignright lazyload\" data-src=\"https:\/\/defrentealaverdad.com\/wp-content\/uploads\/2024\/07\/IMG-20240630-WA0160-300x200.jpg\" alt=\"\" width=\"300\" height=\"200\" data-srcset=\"https:\/\/defrentealaverdad.com\/wp-content\/uploads\/2024\/07\/IMG-20240630-WA0160-300x200.jpg 300w, https:\/\/defrentealaverdad.com\/wp-content\/uploads\/2024\/07\/IMG-20240630-WA0160-1024x682.jpg 1024w, https:\/\/defrentealaverdad.com\/wp-content\/uploads\/2024\/07\/IMG-20240630-WA0160-768x512.jpg 768w, https:\/\/defrentealaverdad.com\/wp-content\/uploads\/2024\/07\/IMG-20240630-WA0160-1536x1023.jpg 1536w, https:\/\/defrentealaverdad.com\/wp-content\/uploads\/2024\/07\/IMG-20240630-WA0160.jpg 1600w\" data-sizes=\"(max-width: 300px) 100vw, 300px\" src=\"data:image\/svg+xml;base64,PHN2ZyB3aWR0aD0iMSIgaGVpZ2h0PSIxIiB4bWxucz0iaHR0cDovL3d3dy53My5vcmcvMjAwMC9zdmciPjwvc3ZnPg==\" style=\"--smush-placeholder-width: 300px; --smush-placeholder-aspect-ratio: 300\/200;\" \/><\/p>\n<p style=\"text-align: justify;\">Ante el hecho, Carolina Mej\u00eda destac\u00f3 que se realizan trabajos preventivos intensivos, que incluyen la limpieza de filtrantes e imbornales, poda de \u00e1rboles y trabajos en las ca\u00f1adas para mitigar los efectos de las lluvias que desde ya caen en el Distrito Nacional.<\/p>\n<blockquote>\n<p style=\"text-align: justify;\">\u201cLo m\u00e1s importante es preservar la vida de nuestra gente, y en funci\u00f3n de eso el trabajo de prevenci\u00f3n lo que procura es en primera instancia asegurar la integridad f\u00edsica de los dominicanos\u201d, apunt\u00f3 durante una reuni\u00f3n llevada a cabo en el cuartel del Cuerpo de Bomberos del Distrito Nacional.<\/p>\n<\/blockquote>\n<p style=\"text-align: justify;\">La ejecutiva municipal valor\u00f3 el trabajo mancomunado que se desarrolla con el Gobierno central, destacando la presencia del Ministerio de Salud P\u00fablica, Digesett, Intrant, Sistema 9-1-1, la Defensa Civil, la Onamet y la Cruz Roja, entre otros. Carolina, expres\u00f3, al tiempo de se\u00f1alar la necesidad de mantenerse monitoreando al hurac\u00e1n para estar listos ante posibles cambios en su trayectoria que puedan afectar al pa\u00eds:<\/p>\n<blockquote>\n<p style=\"text-align: justify;\">\u201cLo que nosotros hacemos aqu\u00ed es procurar que de manera efectiva se logre mitigar el impacto de estos fen\u00f3menos\u201d<\/p>\n<\/blockquote>\n<p style=\"text-align: justify;\">Asimismo, a la reuni\u00f3n asisti\u00f3 el presidente del Concejo de Regidores, Yovany Moya, as\u00ed como dos ediles representantes de la Comisi\u00f3n de Riesgos<\/p>\n<p style=\"text-align: justify;\">El jefe del Cuerpo de Bomberos del Distrito Nacional, general Jos\u00e9 Fr\u00f3meta Herasme, indic\u00f3 que ese organismo de socorro cuenta con 740 personas, entre miembros y voluntarios.<\/p>\n<p style=\"text-align: justify;\"><img decoding=\"async\" class=\"size-medium wp-image-19535 alignleft lazyload\" data-src=\"https:\/\/defrentealaverdad.com\/wp-content\/uploads\/2024\/07\/IMG-20240630-WA0165-300x200.jpg\" alt=\"\" width=\"300\" height=\"200\" data-srcset=\"https:\/\/defrentealaverdad.com\/wp-content\/uploads\/2024\/07\/IMG-20240630-WA0165-300x200.jpg 300w, https:\/\/defrentealaverdad.com\/wp-content\/uploads\/2024\/07\/IMG-20240630-WA0165-1024x682.jpg 1024w, https:\/\/defrentealaverdad.com\/wp-content\/uploads\/2024\/07\/IMG-20240630-WA0165-768x512.jpg 768w, https:\/\/defrentealaverdad.com\/wp-content\/uploads\/2024\/07\/IMG-20240630-WA0165-1536x1023.jpg 1536w, https:\/\/defrentealaverdad.com\/wp-content\/uploads\/2024\/07\/IMG-20240630-WA0165.jpg 1600w\" data-sizes=\"(max-width: 300px) 100vw, 300px\" src=\"data:image\/svg+xml;base64,PHN2ZyB3aWR0aD0iMSIgaGVpZ2h0PSIxIiB4bWxucz0iaHR0cDovL3d3dy53My5vcmcvMjAwMC9zdmciPjwvc3ZnPg==\" style=\"--smush-placeholder-width: 300px; --smush-placeholder-aspect-ratio: 300\/200;\" \/>En la actividad fueron entregadas a las distintas direcciones del cabildo las responsabilidades de supervisi\u00f3n que tendr\u00e1n para mitigar los efectos del hurac\u00e1n en el Distrito Nacional.<\/p>\n<p style=\"text-align: justify;\">Se priorizar\u00e1n acciones en varios puntos cr\u00edticos previamente identificados, realizando operativos de limpieza y supervisi\u00f3n. Tambi\u00e9n, se comunic\u00f3 que se pondr\u00e1 especial \u00e9nfasis en la Ciudad Colonial, donde actualmente se realizan trabajos de adecuaci\u00f3n y construcci\u00f3n.<\/p>\n<p style=\"text-align: justify;\">El ayuntamiento tiene previsto el cierre de parques y plazas a partir del lunes, as\u00ed como el cierre del malec\u00f3n, en caso de ser necesario, por el fuerte oleaje que se espera, de acuerdo con el pron\u00f3stico.<\/p>\n<p style=\"text-align: justify;\">Adem\u00e1s, el ADN contempla contactar a comercios y aliados para que apoyen en el plan preventivo de recogida de desechos, limpieza de frentes y trampas de grasa. De igual forma, se supervisar\u00e1n puntos cr\u00edticos para retirar objetos que obstaculicen el espacio p\u00fablico.<\/p>\n<p style=\"text-align: justify;\">Los trabajos preventivos se llevan a cabo constantemente para garantizar el mantenimiento de las infraestructuras, intensific\u00e1ndose en per\u00edodos de lluvias para duplicar la frecuencia de estas labores.<\/p>\n<p style=\"text-align: justify;\">No obstante a que la trayectoria calculada no prev\u00e9 que el fen\u00f3meno toque directamente a la Rep\u00fablica Dominicana, sus efectos indirectos como fuertes aguaceros, vientos intensos y tormentas el\u00e9ctricas s\u00ed podr\u00edan sentirse.<\/p>\n<p style=\"text-align: justify;\">La alcaldesa reiter\u00f3 el pedido de colaboraci\u00f3n a los ciudadanos, para evitar que desechos s\u00f3lidos tapen los filtrantes, provocando inundaciones en las v\u00edas que puedan poner en peligro la vida de los capitale\u00f1os.<\/p>\n<p>Fuente: Prensa ADN<\/p>\n","protected":false},"excerpt":{"rendered":"<p>Santo Domingo, DN- La alcaldesa del Distrito Nacional, Carolina Mej\u00eda, activ\u00f3 este domingo al Comit\u00e9<\/p>\n","protected":false},"author":4,"featured_media":0,"comment_status":"open","ping_status":"open","sticky":false,"template":"","format":"standard","meta":{"footnotes":""},"categories":[7],"tags":[],"class_list":["post-19530","post","type-post","status-publish","format-standard","hentry","category-nacionales"],"_links":{"self":[{"href":"https:\/\/defrentealaverdad.com\/index.php\/wp-json\/wp\/v2\/posts\/19530","targetHints":{"allow":["GET"]}}],"collection":[{"href":"https:\/\/defrentealaverdad.com\/index.php\/wp-json\/wp\/v2\/posts"}],"about":[{"href":"https:\/\/defrentealaverdad.com\/index.php\/wp-json\/wp\/v2\/types\/post"}],"author":[{"embeddable":true,"href":"https:\/\/defrentealaverdad.com\/index.php\/wp-json\/wp\/v2\/users\/4"}],"replies":[{"embeddable":true,"href":"https:\/\/defrentealaverdad.com\/index.php\/wp-json\/wp\/v2\/comments?post=19530"}],"version-history":[{"count":3,"href":"https:\/\/defrentealaverdad.com\/index.php\/wp-json\/wp\/v2\/posts\/19530\/revisions"}],"predecessor-version":[{"id":19536,"href":"https:\/\/defrentealaverdad.com\/index.php\/wp-json\/wp\/v2\/posts\/19530\/revisions\/19536"}],"wp:attachment":[{"href":"https:\/\/defrentealaverdad.com\/index.php\/wp-json\/wp\/v2\/media?parent=19530"}],"wp:term":[{"taxonomy":"category","embeddable":true,"href":"https:\/\/defrentealaverdad.com\/index.php\/wp-json\/wp\/v2\/categories?post=19530"},{"taxonomy":"post_tag","embeddable":true,"href":"https:\/\/defrentealaverdad.com\/index.php\/wp-json\/wp\/v2\/tags?post=19530"}],"curies":[{"name":"wp","href":"https:\/\/api.w.org\/{rel}","templated":true}]}}