{"id":19523,"date":"2024-07-01T21:25:23","date_gmt":"2024-07-01T21:25:23","guid":{"rendered":"https:\/\/defrentealaverdad.com\/?p=19523"},"modified":"2024-07-01T21:25:23","modified_gmt":"2024-07-01T21:25:23","slug":"911-coordina-asistencia-de-bomberos-para-sofocar-incendio-que-afecta-fabrica-de-fibras-de-vidrio-en-los-alcarrizos","status":"publish","type":"post","link":"https:\/\/defrentealaverdad.com\/index.php\/2024\/07\/01\/911-coordina-asistencia-de-bomberos-para-sofocar-incendio-que-afecta-fabrica-de-fibras-de-vidrio-en-los-alcarrizos\/","title":{"rendered":"911 coordina asistencia de bomberos para sofocar incendio que afecta f\u00e1brica de fibras de vidrio en Los Alcarrizos"},"content":{"rendered":"<blockquote>\n<p style=\"text-align: justify;\">Personal en la escena ha reportado una persona afectada, hasta el momento. El caso contin\u00faa en desarrollo.<\/p>\n<\/blockquote>\n<p style=\"text-align: justify;\">Santo Domingo.- El Sistema Nacional de Atenci\u00f3n a Emergencias y Seguridad 911 inform\u00f3 que, bajo su coordinaci\u00f3n, las unidades del Cuerpo de Bomberos de Palmarejo, Pantoja, Pedro Brand, Santo Domingo Norte y Herrera trabajan con el fin de sofocar un incendio que se origin\u00f3 este lunes en una empresa de fibras ubicada en el sector Santa B\u00e1rbara, municipio Los Alcarrizos.<\/p>\n<p><img decoding=\"async\" class=\"size-medium wp-image-19524 alignleft lazyload\" data-src=\"https:\/\/defrentealaverdad.com\/wp-content\/uploads\/2024\/07\/IMG-20240701-WA0123-300x225.jpg\" alt=\"\" width=\"300\" height=\"225\" data-srcset=\"https:\/\/defrentealaverdad.com\/wp-content\/uploads\/2024\/07\/IMG-20240701-WA0123-300x225.jpg 300w, https:\/\/defrentealaverdad.com\/wp-content\/uploads\/2024\/07\/IMG-20240701-WA0123-1024x768.jpg 1024w, https:\/\/defrentealaverdad.com\/wp-content\/uploads\/2024\/07\/IMG-20240701-WA0123-768x576.jpg 768w, https:\/\/defrentealaverdad.com\/wp-content\/uploads\/2024\/07\/IMG-20240701-WA0123-720x540.jpg 720w, https:\/\/defrentealaverdad.com\/wp-content\/uploads\/2024\/07\/IMG-20240701-WA0123.jpg 1280w\" data-sizes=\"(max-width: 300px) 100vw, 300px\" src=\"data:image\/svg+xml;base64,PHN2ZyB3aWR0aD0iMSIgaGVpZ2h0PSIxIiB4bWxucz0iaHR0cDovL3d3dy53My5vcmcvMjAwMC9zdmciPjwvc3ZnPg==\" style=\"--smush-placeholder-width: 300px; --smush-placeholder-aspect-ratio: 300\/225;\" \/><\/p>\n<p style=\"text-align: justify;\">Hasta el momento atienden el caso ocho camiones de bomberos, junto a dos ambulancias de la Direcci\u00f3n de Servicios de Atenci\u00f3n a Emergencias Extrahospitalarias (DAEH); dos unidades de la Polic\u00eda Nacional; y seis agentes de la Direcci\u00f3n General de Seguridad de Tr\u00e1nsito y Transporte Terrestre (DIGESETT) quienes viabiliza el tr\u00e1nsito.<\/p>\n<p><img decoding=\"async\" class=\"size-medium wp-image-19525 alignright lazyload\" data-src=\"https:\/\/defrentealaverdad.com\/wp-content\/uploads\/2024\/07\/IMG-20240701-WA0124-285x300.jpg\" alt=\"\" width=\"285\" height=\"300\" data-srcset=\"https:\/\/defrentealaverdad.com\/wp-content\/uploads\/2024\/07\/IMG-20240701-WA0124-285x300.jpg 285w, https:\/\/defrentealaverdad.com\/wp-content\/uploads\/2024\/07\/IMG-20240701-WA0124-973x1024.jpg 973w, https:\/\/defrentealaverdad.com\/wp-content\/uploads\/2024\/07\/IMG-20240701-WA0124-768x808.jpg 768w, https:\/\/defrentealaverdad.com\/wp-content\/uploads\/2024\/07\/IMG-20240701-WA0124.jpg 1179w\" data-sizes=\"(max-width: 285px) 100vw, 285px\" src=\"data:image\/svg+xml;base64,PHN2ZyB3aWR0aD0iMSIgaGVpZ2h0PSIxIiB4bWxucz0iaHR0cDovL3d3dy53My5vcmcvMjAwMC9zdmciPjwvc3ZnPg==\" style=\"--smush-placeholder-width: 285px; --smush-placeholder-aspect-ratio: 285\/300;\" \/><\/p>\n<p style=\"text-align: justify;\">Adem\u00e1s, fue notificada la Corporaci\u00f3n del Alcantarillado y Acueducto de Santo Domingo (CAASD) para el suministro de agua y el equipo de Drones del 911 se encuentra brindando apoyo en las labores de extinci\u00f3n de las llamas.<\/p>\n<blockquote>\n<p style=\"text-align: justify;\">El 911 agreg\u00f3 que el personal en la escena ha reportado una persona afectada, hasta el momento. El caso contin\u00faa en desarrollo.<\/p>\n<\/blockquote>\n<p style=\"text-align: justify;\">Los Cuerpos de Bomberos en escena trabajan arduamente para controlar el fuego, por lo que el Sistema 911 exhorta ceder el paso a los veh\u00edculos de emergencia para brindar una asistencia efectiva y oportuna.<\/p>\n<p style=\"text-align: left;\">Fuente: Prensa 911<\/p>\n","protected":false},"excerpt":{"rendered":"<p>Personal en la escena ha reportado una persona afectada, hasta el momento. El caso contin\u00faa<\/p>\n","protected":false},"author":1,"featured_media":0,"comment_status":"open","ping_status":"open","sticky":false,"template":"","format":"standard","meta":{"footnotes":""},"categories":[7],"tags":[],"class_list":["post-19523","post","type-post","status-publish","format-standard","hentry","category-nacionales"],"_links":{"self":[{"href":"https:\/\/defrentealaverdad.com\/index.php\/wp-json\/wp\/v2\/posts\/19523","targetHints":{"allow":["GET"]}}],"collection":[{"href":"https:\/\/defrentealaverdad.com\/index.php\/wp-json\/wp\/v2\/posts"}],"about":[{"href":"https:\/\/defrentealaverdad.com\/index.php\/wp-json\/wp\/v2\/types\/post"}],"author":[{"embeddable":true,"href":"https:\/\/defrentealaverdad.com\/index.php\/wp-json\/wp\/v2\/users\/1"}],"replies":[{"embeddable":true,"href":"https:\/\/defrentealaverdad.com\/index.php\/wp-json\/wp\/v2\/comments?post=19523"}],"version-history":[{"count":1,"href":"https:\/\/defrentealaverdad.com\/index.php\/wp-json\/wp\/v2\/posts\/19523\/revisions"}],"predecessor-version":[{"id":19526,"href":"https:\/\/defrentealaverdad.com\/index.php\/wp-json\/wp\/v2\/posts\/19523\/revisions\/19526"}],"wp:attachment":[{"href":"https:\/\/defrentealaverdad.com\/index.php\/wp-json\/wp\/v2\/media?parent=19523"}],"wp:term":[{"taxonomy":"category","embeddable":true,"href":"https:\/\/defrentealaverdad.com\/index.php\/wp-json\/wp\/v2\/categories?post=19523"},{"taxonomy":"post_tag","embeddable":true,"href":"https:\/\/defrentealaverdad.com\/index.php\/wp-json\/wp\/v2\/tags?post=19523"}],"curies":[{"name":"wp","href":"https:\/\/api.w.org\/{rel}","templated":true}]}}