{"id":1952,"date":"2022-10-14T19:18:46","date_gmt":"2022-10-14T19:18:46","guid":{"rendered":"https:\/\/defrentealaverdad.com\/?p=1952"},"modified":"2022-10-14T19:25:38","modified_gmt":"2022-10-14T19:25:38","slug":"la-fundacion-leocadio-pascal-y-la-fundacion-arriba-rd-se-unen-para-llevar-alegria-a-ninos-de-la-comunidad-de-san-luis","status":"publish","type":"post","link":"https:\/\/defrentealaverdad.com\/index.php\/2022\/10\/14\/la-fundacion-leocadio-pascal-y-la-fundacion-arriba-rd-se-unen-para-llevar-alegria-a-ninos-de-la-comunidad-de-san-luis\/","title":{"rendered":"La Fundaci\u00f3n Leocadio Pascal y la Fundaci\u00f3n Arriba RD se unen para llevar alegr\u00eda a ni\u00f1os de la Comunidad de San Luis"},"content":{"rendered":"<p><img decoding=\"async\" class=\"alignnone size-medium wp-image-1953 aligncenter lazyload\" data-src=\"https:\/\/defrentealaverdad.com\/wp-content\/uploads\/2022\/10\/WhatsApp-Image-2022-10-14-at-15.16.26-300x200.jpeg\" alt=\"\" width=\"300\" height=\"200\" data-srcset=\"https:\/\/defrentealaverdad.com\/wp-content\/uploads\/2022\/10\/WhatsApp-Image-2022-10-14-at-15.16.26-300x200.jpeg 300w, https:\/\/defrentealaverdad.com\/wp-content\/uploads\/2022\/10\/WhatsApp-Image-2022-10-14-at-15.16.26-1024x682.jpeg 1024w, https:\/\/defrentealaverdad.com\/wp-content\/uploads\/2022\/10\/WhatsApp-Image-2022-10-14-at-15.16.26-768x512.jpeg 768w, https:\/\/defrentealaverdad.com\/wp-content\/uploads\/2022\/10\/WhatsApp-Image-2022-10-14-at-15.16.26.jpeg 1280w\" data-sizes=\"(max-width: 300px) 100vw, 300px\" src=\"data:image\/svg+xml;base64,PHN2ZyB3aWR0aD0iMSIgaGVpZ2h0PSIxIiB4bWxucz0iaHR0cDovL3d3dy53My5vcmcvMjAwMC9zdmciPjwvc3ZnPg==\" style=\"--smush-placeholder-width: 300px; --smush-placeholder-aspect-ratio: 300\/200;\" \/><\/p>\n<p style=\"text-align: justify;\">La <strong>Fundaci\u00f3n Educativa y Cultural Pascual Leocadio<\/strong> dirigida por el Mtro. Pascual Leocadio (Vicedecano de la Facultad de Ciencias de la UASD) y la <strong>Fundaci\u00f3n ArribaRD<\/strong> (@arribard01) dirigida por el Ingeniero Rafael Morillo llevaron alegr\u00eda a ni\u00f1os en la Comunidad de San Luis, en Santo Domingo Este.<\/p>\n<p style=\"text-align: justify;\">La actividad fue realizada en el Centro Carlita Estela Reyes Paulino donde cientos de ni\u00f1os fueron beneficiados con refrigerios, \u00fatiles escolares e insumos que le permitir\u00e1n su desarrollo y aprendizaje. Al finalizar la actividad, ambas fundaciones sortearon una computadora port\u00e1til (Laptop) a los presentes, resultando ganadora la ni\u00f1a Franchesca del sector Piragua.<\/p>\n<p style=\"text-align: justify;\"><img decoding=\"async\" class=\"alignnone size-medium wp-image-1954 aligncenter lazyload\" data-src=\"https:\/\/defrentealaverdad.com\/wp-content\/uploads\/2022\/10\/WhatsApp-Image-2022-10-14-at-15.16.34-300x169.jpeg\" alt=\"\" width=\"300\" height=\"169\" data-srcset=\"https:\/\/defrentealaverdad.com\/wp-content\/uploads\/2022\/10\/WhatsApp-Image-2022-10-14-at-15.16.34-300x169.jpeg 300w, https:\/\/defrentealaverdad.com\/wp-content\/uploads\/2022\/10\/WhatsApp-Image-2022-10-14-at-15.16.34-1024x577.jpeg 1024w, https:\/\/defrentealaverdad.com\/wp-content\/uploads\/2022\/10\/WhatsApp-Image-2022-10-14-at-15.16.34-768x433.jpeg 768w, https:\/\/defrentealaverdad.com\/wp-content\/uploads\/2022\/10\/WhatsApp-Image-2022-10-14-at-15.16.34-800x450.jpeg 800w, https:\/\/defrentealaverdad.com\/wp-content\/uploads\/2022\/10\/WhatsApp-Image-2022-10-14-at-15.16.34.jpeg 1280w\" data-sizes=\"(max-width: 300px) 100vw, 300px\" src=\"data:image\/svg+xml;base64,PHN2ZyB3aWR0aD0iMSIgaGVpZ2h0PSIxIiB4bWxucz0iaHR0cDovL3d3dy53My5vcmcvMjAwMC9zdmciPjwvc3ZnPg==\" style=\"--smush-placeholder-width: 300px; --smush-placeholder-aspect-ratio: 300\/169;\" \/><\/p>\n<p style=\"text-align: justify;\">Tanto el maestro Leocadio como el ingeniero Morillo expresaron y reafirmaron su compromiso con la sociedad dominicana, en especial con los ni\u00f1os y j\u00f3venes pues etas dos fundaciones desde hace muchos a\u00f1os, han estado llevando alegr\u00eda y soluciones a los mas necesitados a nivel nacional<\/p>\n<p><strong>ACERCA DE FUNDACI\u00d3N ARRIBARD (FUNARRI)<\/strong><\/p>\n<p>Proyecto sin fines de lucro, que nace en el 2014 como una iniciativa del Ing. Rafael Morillo es empresario y profesor en la Universidad Aut\u00f3noma de Santo Domingo (UASD).<\/p>\n<p>En un principio, como un proyecto de entrega de \u00fatiles escolares a ni\u00f1os\\ases humildes de distintas comunidades. Despu\u00e9s de cuatros consecutivos aportando en distintas comunidades, decide hacerlo p\u00fablico pero con otra visi\u00f3n.<\/p>\n<p style=\"text-align: justify;\"><img decoding=\"async\" class=\"alignnone size-medium wp-image-1955 aligncenter lazyload\" data-src=\"https:\/\/defrentealaverdad.com\/wp-content\/uploads\/2022\/10\/WhatsApp-Image-2022-10-14-at-15.16.53-300x169.jpeg\" alt=\"\" width=\"300\" height=\"169\" data-srcset=\"https:\/\/defrentealaverdad.com\/wp-content\/uploads\/2022\/10\/WhatsApp-Image-2022-10-14-at-15.16.53-300x169.jpeg 300w, https:\/\/defrentealaverdad.com\/wp-content\/uploads\/2022\/10\/WhatsApp-Image-2022-10-14-at-15.16.53-1024x577.jpeg 1024w, https:\/\/defrentealaverdad.com\/wp-content\/uploads\/2022\/10\/WhatsApp-Image-2022-10-14-at-15.16.53-768x433.jpeg 768w, https:\/\/defrentealaverdad.com\/wp-content\/uploads\/2022\/10\/WhatsApp-Image-2022-10-14-at-15.16.53-800x450.jpeg 800w, https:\/\/defrentealaverdad.com\/wp-content\/uploads\/2022\/10\/WhatsApp-Image-2022-10-14-at-15.16.53.jpeg 1280w\" data-sizes=\"(max-width: 300px) 100vw, 300px\" src=\"data:image\/svg+xml;base64,PHN2ZyB3aWR0aD0iMSIgaGVpZ2h0PSIxIiB4bWxucz0iaHR0cDovL3d3dy53My5vcmcvMjAwMC9zdmciPjwvc3ZnPg==\" style=\"--smush-placeholder-width: 300px; --smush-placeholder-aspect-ratio: 300\/169;\" \/><\/p>\n<p>&nbsp;<\/p>\n<p style=\"text-align: justify;\">Para el 2019,\u00a0<i>ArribaRD<\/i>\u00a0mediante charlas y conferencias, busca llevar un mensaje oportuno e inspirador a j\u00f3venes y adolescentes con el prop\u00f3sito de motivar un cambio en ellos y su entorno.<\/p>\n<p style=\"text-align: justify;\">El enfoque de la fundaci\u00f3n es llevar un mensaje inspirador a j\u00f3venes y adolescentes con el prop\u00f3sito de motivar un cambio en ellos y su entorno por lo que si quieres aportar puedes seguir sus redes sociales como <i>@arribard01.<\/i> Mas informaci\u00f3n en https:\/\/arribard.com\/<\/p>\n<p style=\"text-align: justify;\">Fuente: Equipo de Comunicaciones FUNARRI<\/p>\n","protected":false},"excerpt":{"rendered":"<p>La Fundaci\u00f3n Educativa y Cultural Pascual Leocadio dirigida por el Mtro. Pascual Leocadio (Vicedecano de<\/p>\n","protected":false},"author":2,"featured_media":0,"comment_status":"open","ping_status":"open","sticky":false,"template":"","format":"standard","meta":{"footnotes":""},"categories":[7],"tags":[],"class_list":["post-1952","post","type-post","status-publish","format-standard","hentry","category-nacionales"],"_links":{"self":[{"href":"https:\/\/defrentealaverdad.com\/index.php\/wp-json\/wp\/v2\/posts\/1952","targetHints":{"allow":["GET"]}}],"collection":[{"href":"https:\/\/defrentealaverdad.com\/index.php\/wp-json\/wp\/v2\/posts"}],"about":[{"href":"https:\/\/defrentealaverdad.com\/index.php\/wp-json\/wp\/v2\/types\/post"}],"author":[{"embeddable":true,"href":"https:\/\/defrentealaverdad.com\/index.php\/wp-json\/wp\/v2\/users\/2"}],"replies":[{"embeddable":true,"href":"https:\/\/defrentealaverdad.com\/index.php\/wp-json\/wp\/v2\/comments?post=1952"}],"version-history":[{"count":5,"href":"https:\/\/defrentealaverdad.com\/index.php\/wp-json\/wp\/v2\/posts\/1952\/revisions"}],"predecessor-version":[{"id":1960,"href":"https:\/\/defrentealaverdad.com\/index.php\/wp-json\/wp\/v2\/posts\/1952\/revisions\/1960"}],"wp:attachment":[{"href":"https:\/\/defrentealaverdad.com\/index.php\/wp-json\/wp\/v2\/media?parent=1952"}],"wp:term":[{"taxonomy":"category","embeddable":true,"href":"https:\/\/defrentealaverdad.com\/index.php\/wp-json\/wp\/v2\/categories?post=1952"},{"taxonomy":"post_tag","embeddable":true,"href":"https:\/\/defrentealaverdad.com\/index.php\/wp-json\/wp\/v2\/tags?post=1952"}],"curies":[{"name":"wp","href":"https:\/\/api.w.org\/{rel}","templated":true}]}}