{"id":1948,"date":"2022-10-11T21:34:35","date_gmt":"2022-10-11T21:34:35","guid":{"rendered":"https:\/\/defrentealaverdad.com\/?p=1948"},"modified":"2022-10-11T21:34:51","modified_gmt":"2022-10-11T21:34:51","slug":"philadelphia-se-prepara-para-recibir-a-los-visitantes-que-se-daran-cita-en-expofe-usa","status":"publish","type":"post","link":"https:\/\/defrentealaverdad.com\/index.php\/2022\/10\/11\/philadelphia-se-prepara-para-recibir-a-los-visitantes-que-se-daran-cita-en-expofe-usa\/","title":{"rendered":"Philadelphia se prepara para recibir a los visitantes que se dar\u00e1n cita en ExpoFe USA"},"content":{"rendered":"<p><img decoding=\"async\" class=\"alignnone size-medium wp-image-1949 aligncenter lazyload\" data-src=\"https:\/\/defrentealaverdad.com\/wp-content\/uploads\/2022\/10\/WhatsApp-Image-2022-10-11-at-17.31.22-300x169.jpeg\" alt=\"\" width=\"300\" height=\"169\" data-srcset=\"https:\/\/defrentealaverdad.com\/wp-content\/uploads\/2022\/10\/WhatsApp-Image-2022-10-11-at-17.31.22-300x169.jpeg 300w, https:\/\/defrentealaverdad.com\/wp-content\/uploads\/2022\/10\/WhatsApp-Image-2022-10-11-at-17.31.22.jpeg 678w\" data-sizes=\"(max-width: 300px) 100vw, 300px\" src=\"data:image\/svg+xml;base64,PHN2ZyB3aWR0aD0iMSIgaGVpZ2h0PSIxIiB4bWxucz0iaHR0cDovL3d3dy53My5vcmcvMjAwMC9zdmciPjwvc3ZnPg==\" style=\"--smush-placeholder-width: 300px; --smush-placeholder-aspect-ratio: 300\/169;\" \/><\/p>\n<p style=\"text-align: justify;\"><em>Philadelphia Pennsylvania, USA\u00a0<\/em>\u2013<em>11\u00a0de octubre de 2022\u00a0<\/em>\u2013 Bajo el lema \u201cGeneraciones\u201d se llevar\u00e1 a cabo la tercera edici\u00f3n de\u00a0<strong><a href=\"https:\/\/www.eventbrite.com\/e\/la-convencion-int-empresarial-latina-mas-importante-del-area-triestatal-tickets-396187626857\" target=\"_blank\" rel=\"noopener\">ExpoFe USA<\/a><\/strong>, una exposici\u00f3n internacional de negocios y networking que tiene como objetivo crear un canal de conexi\u00f3n, informaci\u00f3n, publicidad y apoyo, entre las empresas, negocios, iglesias y ministerios.\u00a0<strong><a href=\"https:\/\/www.eventbrite.com\/e\/la-convencion-int-empresarial-latina-mas-importante-del-area-triestatal-tickets-396187626857\" target=\"_blank\" rel=\"noopener\">ExpoFe USA<\/a><\/strong>\u00a0trabaja desde una visi\u00f3n Glocal, desde el alcance y fortalecimiento de la comunidad local, para generar una expansi\u00f3n nacional e internacional.<\/p>\n<p style=\"text-align: justify;\">Durante los d\u00edas 11 y 12 de noviembre de 2022, los participantes que se den cita en City Life Church ubicada en 3301 South 20th Street Philadelphia, PA 19145, podr\u00e1n tener un networking con los empresarios, as\u00ed como disfrutar\u00e1n de talleres, conferencias y eventos para toda la familia.<\/p>\n<p style=\"text-align: justify;\">Como conferencistas de\u00a0<strong><a href=\"https:\/\/www.eventbrite.com\/e\/la-convencion-int-empresarial-latina-mas-importante-del-area-triestatal-tickets-396187626857\" target=\"_blank\" rel=\"noopener\">ExpoFe USA<\/a><\/strong>\u00a0estar\u00e1n Frank L\u00f3pez, pastor principal de la iglesia JWC, autor del libro \u201cEl Secreto de los Grandes Empresarios\u201d, Sandra B. Prieto psic\u00f3loga, economista, autora de \u201cMe cambiaron el libreto\u201d, Euselandia Alc\u00e1ntara CEO Eras Disgraf, LLC- Eras Publishing House, el pastor Jason Cordero coordinador de Enfoque a la Familia en Costa Rica, Samuel y Joann Gonz\u00e1lez del d\u00fao Linaje Escogido, Dani Galindo CEO US Talent entre otros invitados.<\/p>\n<p style=\"text-align: justify;\">El viernes en la noche estar\u00e1 en concierto Ingrid Rosario junto a su banda en vivo, y como invitados especiales City Reach Worship y\u00a0 Andrez Babii.<\/p>\n<p style=\"text-align: justify;\">Este a\u00f1o el comit\u00e9 de\u00a0<strong><a href=\"https:\/\/www.eventbrite.com\/e\/la-convencion-int-empresarial-latina-mas-importante-del-area-triestatal-tickets-396187626857\" target=\"_blank\" rel=\"noopener\">\u00a0ExpoFe USA<\/a><\/strong>\u00a0convoc\u00f3 a voto popular dos categor\u00edas que se dar\u00e1n a conocer la noche de los Latino Diamond Awards \u201cCanci\u00f3n del A\u00f1o y Autor del A\u00f1o entre otras dentro de lo que es la m\u00fasica y la literatura cristiana, de esta manera la clausura de\u00a0<strong><a href=\"https:\/\/www.eventbrite.com\/e\/la-convencion-int-empresarial-latina-mas-importante-del-area-triestatal-tickets-396187626857\" target=\"_blank\" rel=\"noopener\">ExpoFe USA<\/a><\/strong>\u00a0se ver\u00e1 engalanada el s\u00e1bado en la noche con los Latinos Diamond Awards, el cual premia el proceso y una historia de \u00e9xito de cada galardonado. La participaci\u00f3n musical estar\u00e1 a cargo de Linaje Escogido, Andi, Roxana , Ps. Jos\u00e9 Garc\u00eda y el coro de ninos Amparo de la Ni\u00f1ez.<\/p>\n<p><iframe title=\"ExpoFe USA Generaciones 2022\" width=\"640\" height=\"360\" data-src=\"https:\/\/www.youtube.com\/embed\/7IhMdA7LvEY?feature=oembed\" frameborder=\"0\" allow=\"accelerometer; autoplay; clipboard-write; encrypted-media; gyroscope; picture-in-picture; web-share\" referrerpolicy=\"strict-origin-when-cross-origin\" allowfullscreen src=\"data:image\/svg+xml;base64,PHN2ZyB3aWR0aD0iMSIgaGVpZ2h0PSIxIiB4bWxucz0iaHR0cDovL3d3dy53My5vcmcvMjAwMC9zdmciPjwvc3ZnPg==\" class=\"lazyload\" data-load-mode=\"1\"><\/iframe><\/p>\n<p style=\"text-align: justify;\">La invitaci\u00f3n es a visitar\u00a0<strong><a href=\"http:\/\/www.expofeusa.com\/\">www.expofeusa.com<\/a><\/strong>\u00a0y ser parte de la historia de\u00a0<strong><a href=\"https:\/\/www.eventbrite.com\/e\/la-convencion-int-empresarial-latina-mas-importante-del-area-triestatal-tickets-396187626857\" target=\"_blank\" rel=\"noopener\">ExpoFe Usa<\/a><\/strong>, que se vivir\u00e1 en Philadelphia los d\u00edas 11 y 12 de noviembre. Los tickets se encuentran disponibles en\u00a0<strong><a href=\"https:\/\/www.eventbrite.com\/e\/la-convencion-int-empresarial-latina-mas-importante-del-area-triestatal-tickets-396187626857\" target=\"_blank\" rel=\"noopener\">EVENTBRITE<\/a><\/strong>.<\/p>\n<p style=\"text-align: justify;\">\n<p style=\"text-align: justify;\">Fuente:<\/p>\n<p style=\"text-align: justify;\">info@expofeusa.com<\/p>\n<p style=\"text-align: justify;\"><strong><a href=\"http:\/\/www.expofeusa.com\/\" target=\"_blank\" rel=\"noopener\">www.expofeusa.com<\/a><\/strong><\/p>\n","protected":false},"excerpt":{"rendered":"<p>Philadelphia Pennsylvania, USA\u00a0\u201311\u00a0de octubre de 2022\u00a0\u2013 Bajo el lema \u201cGeneraciones\u201d se llevar\u00e1 a cabo la<\/p>\n","protected":false},"author":2,"featured_media":0,"comment_status":"open","ping_status":"open","sticky":false,"template":"","format":"standard","meta":{"footnotes":""},"categories":[6,16],"tags":[],"class_list":["post-1948","post","type-post","status-publish","format-standard","hentry","category-espectaculos","category-internacionales"],"_links":{"self":[{"href":"https:\/\/defrentealaverdad.com\/index.php\/wp-json\/wp\/v2\/posts\/1948","targetHints":{"allow":["GET"]}}],"collection":[{"href":"https:\/\/defrentealaverdad.com\/index.php\/wp-json\/wp\/v2\/posts"}],"about":[{"href":"https:\/\/defrentealaverdad.com\/index.php\/wp-json\/wp\/v2\/types\/post"}],"author":[{"embeddable":true,"href":"https:\/\/defrentealaverdad.com\/index.php\/wp-json\/wp\/v2\/users\/2"}],"replies":[{"embeddable":true,"href":"https:\/\/defrentealaverdad.com\/index.php\/wp-json\/wp\/v2\/comments?post=1948"}],"version-history":[{"count":2,"href":"https:\/\/defrentealaverdad.com\/index.php\/wp-json\/wp\/v2\/posts\/1948\/revisions"}],"predecessor-version":[{"id":1951,"href":"https:\/\/defrentealaverdad.com\/index.php\/wp-json\/wp\/v2\/posts\/1948\/revisions\/1951"}],"wp:attachment":[{"href":"https:\/\/defrentealaverdad.com\/index.php\/wp-json\/wp\/v2\/media?parent=1948"}],"wp:term":[{"taxonomy":"category","embeddable":true,"href":"https:\/\/defrentealaverdad.com\/index.php\/wp-json\/wp\/v2\/categories?post=1948"},{"taxonomy":"post_tag","embeddable":true,"href":"https:\/\/defrentealaverdad.com\/index.php\/wp-json\/wp\/v2\/tags?post=1948"}],"curies":[{"name":"wp","href":"https:\/\/api.w.org\/{rel}","templated":true}]}}