{"id":1943,"date":"2022-10-10T19:05:21","date_gmt":"2022-10-10T19:05:21","guid":{"rendered":"https:\/\/defrentealaverdad.com\/?p=1943"},"modified":"2022-10-10T19:05:21","modified_gmt":"2022-10-10T19:05:21","slug":"con-un-derroche-de-talento-finaliza-el-reality-the-chosen-usa-en-republica-dominicana","status":"publish","type":"post","link":"https:\/\/defrentealaverdad.com\/index.php\/2022\/10\/10\/con-un-derroche-de-talento-finaliza-el-reality-the-chosen-usa-en-republica-dominicana\/","title":{"rendered":"Con un derroche de talento finaliza el reality \u201cThe Chosen USA en Rep\u00fablica Dominicana\u201d"},"content":{"rendered":"<p style=\"text-align: justify;\"><img decoding=\"async\" class=\"size-medium wp-image-1944 aligncenter lazyload\" data-src=\"https:\/\/defrentealaverdad.com\/wp-content\/uploads\/2022\/10\/3ceb263a-9cb2-4aea-a929-8dab7aece088-300x200.jpg\" alt=\"\" width=\"300\" height=\"200\" data-srcset=\"https:\/\/defrentealaverdad.com\/wp-content\/uploads\/2022\/10\/3ceb263a-9cb2-4aea-a929-8dab7aece088-300x200.jpg 300w, https:\/\/defrentealaverdad.com\/wp-content\/uploads\/2022\/10\/3ceb263a-9cb2-4aea-a929-8dab7aece088-768x513.jpg 768w, https:\/\/defrentealaverdad.com\/wp-content\/uploads\/2022\/10\/3ceb263a-9cb2-4aea-a929-8dab7aece088.jpg 1024w\" data-sizes=\"(max-width: 300px) 100vw, 300px\" src=\"data:image\/svg+xml;base64,PHN2ZyB3aWR0aD0iMSIgaGVpZ2h0PSIxIiB4bWxucz0iaHR0cDovL3d3dy53My5vcmcvMjAwMC9zdmciPjwvc3ZnPg==\" style=\"--smush-placeholder-width: 300px; --smush-placeholder-aspect-ratio: 300\/200;\" \/><\/p>\n<p style=\"text-align: justify;\">Santo Domingo, Rep. Dom. \u2013 Con un derroche de talento, entre m\u00fasica, luces y emociones finaliza la 3.\u00aa. Temporada de THE CHOSEN USA, primer reality de canto cristiano internacional en la Rep\u00fablica Dominicana.<\/p>\n<p style=\"text-align: justify;\">\n<p style=\"text-align: justify;\">Una noche llena de emociones fue lo vivido a trav\u00e9s de la pantalla chica el pasado domingo 9 de octubre a trav\u00e9s del canal Cielo TV, en donde toda la Rep\u00fablica Dominicana estuvo atento al desenlace de este reality que llego con toda su producci\u00f3n desde los Estados Unidos para celebrar su 3.\u00aa. Temporada en Rep\u00fablica Dominicana. Apostando al talento cristiano de Rep\u00fablica Dominicana, Luis Arvelo, Productor General, llego a la Rep\u00fablica Dominicana con un gran equipo de trabajo para buscar entre los cientos de j\u00f3venes audicionados a un solo ganador.<\/p>\n<p style=\"text-align: justify;\">\n<p style=\"text-align: justify;\">The Chosen USA, conducido por su host oficial, la influencer Esther Barranco, realizo audiciones en Santiago de los Caballeros, contando como jurado para esas preliminares con los artistas Raquel Amparo y Miguel Collado, as\u00ed como, en Santo Domingo en donde el jurado fue conformado por los artistas Freisi Fr\u00edas y Matty Mart\u00ednez. Cientos de j\u00f3venes acudieron a estas eliminatorias en donde solo 24 resultaron elegidos para pasar a la final en donde ser\u00edan evaluados por los destacados artistas de talla internacional Alex Campos, Any Puello, Johan Paulino y Cales Louima, de este jurado el reality cont\u00f3 con una asesor\u00eda Vocal para los participantes con los artistas Rosa Karina y Freisi Fr\u00edas, quienes aconsejaron a los participantes para su presentaci\u00f3n final.<\/p>\n<p><img decoding=\"async\" class=\"alignnone size-medium wp-image-1945 aligncenter lazyload\" data-src=\"https:\/\/defrentealaverdad.com\/wp-content\/uploads\/2022\/10\/ab1a782c-bee0-4086-bceb-c7eba4a03c8f-300x240.jpg\" alt=\"\" width=\"300\" height=\"240\" data-srcset=\"https:\/\/defrentealaverdad.com\/wp-content\/uploads\/2022\/10\/ab1a782c-bee0-4086-bceb-c7eba4a03c8f-300x240.jpg 300w, https:\/\/defrentealaverdad.com\/wp-content\/uploads\/2022\/10\/ab1a782c-bee0-4086-bceb-c7eba4a03c8f-768x614.jpg 768w, https:\/\/defrentealaverdad.com\/wp-content\/uploads\/2022\/10\/ab1a782c-bee0-4086-bceb-c7eba4a03c8f.jpg 1024w\" data-sizes=\"(max-width: 300px) 100vw, 300px\" src=\"data:image\/svg+xml;base64,PHN2ZyB3aWR0aD0iMSIgaGVpZ2h0PSIxIiB4bWxucz0iaHR0cDovL3d3dy53My5vcmcvMjAwMC9zdmciPjwvc3ZnPg==\" style=\"--smush-placeholder-width: 300px; --smush-placeholder-aspect-ratio: 300\/240;\" \/><\/p>\n<p style=\"text-align: justify;\">M\u00e1s de 400 j\u00f3venes audicionados, 5 rondas de participaciones y en un escenario lleno de luces ante la mirada de un teatro repleto de personas, se alz\u00f3 como ganador del primer lugar Daniel Marrufo, dentro de los 5 finalistas que llegaron junto a \u00e9l para esta ronda se convirti\u00f3 en el favorito del p\u00fablico llev\u00e1ndose as\u00ed el gran trofeo de THE CHOSEN USA, la producci\u00f3n de un EP y la realizaci\u00f3n de un videoclip profesional como premios a gran participaci\u00f3n.<\/p>\n<p style=\"text-align: justify;\">\n<p style=\"text-align: justify;\"><strong><em>\u00a8Rep\u00fablica Dominicana es tierra de talentos, definitivamente esta ha sido la temporada m\u00e1s dif\u00edcil para nuestros jueces, pues ten\u00edan que ser m\u00e1s exigentes para poder escoger entre tantos artistas que audicionaron. En este momento ya estamos trabajando la 4.\u00aa Temporada en Miami con la intenci\u00f3n de apoyar al Hospital Infantil ST. JUDE, pero definitivamente volveremos a celebrar otra temporada en Rep\u00fablica Dominicana. \u00a8<\/em><\/strong> Afirma Luis Arvelo, quien es CEO de THE CHOSEN USA.<\/p>\n<p style=\"text-align: justify;\">\n<p style=\"text-align: justify;\">THE CHOSEN USA continuar\u00e1 transmiti\u00e9ndose por TV local a trav\u00e9s del canal Cielo TV, perteneciente al ministerio La Batalla de La Fe y a trav\u00e9s del canal de YouTube oficial del reality para todos aquellos que deseen dar seguimiento a este importante proyecto que busca reconocer y apoyar el talento cristiano en la industria musical.<\/p>\n<p><img decoding=\"async\" class=\"alignnone size-medium wp-image-1946 aligncenter lazyload\" data-src=\"https:\/\/defrentealaverdad.com\/wp-content\/uploads\/2022\/10\/39e2fd3b-6243-426e-bbb9-0ef22f20e2a1-300x200.jpg\" alt=\"\" width=\"300\" height=\"200\" data-srcset=\"https:\/\/defrentealaverdad.com\/wp-content\/uploads\/2022\/10\/39e2fd3b-6243-426e-bbb9-0ef22f20e2a1-300x200.jpg 300w, https:\/\/defrentealaverdad.com\/wp-content\/uploads\/2022\/10\/39e2fd3b-6243-426e-bbb9-0ef22f20e2a1-768x513.jpg 768w, https:\/\/defrentealaverdad.com\/wp-content\/uploads\/2022\/10\/39e2fd3b-6243-426e-bbb9-0ef22f20e2a1.jpg 1024w\" data-sizes=\"(max-width: 300px) 100vw, 300px\" src=\"data:image\/svg+xml;base64,PHN2ZyB3aWR0aD0iMSIgaGVpZ2h0PSIxIiB4bWxucz0iaHR0cDovL3d3dy53My5vcmcvMjAwMC9zdmciPjwvc3ZnPg==\" style=\"--smush-placeholder-width: 300px; --smush-placeholder-aspect-ratio: 300\/200;\" \/><\/p>\n<p style=\"text-align: justify;\"><strong>Sobre THE CHOSEN USA<\/strong><\/p>\n<p><strong>\u00a0<\/strong><\/p>\n<p style=\"text-align: justify;\">The Chosen USA es el primer reality show de canto cristiano, una plataforma internacional que busca brindar la oportunidad para que nuevos talentos de todo el mundo puedan dar a conocer su talento y don de Dios con la m\u00e1s alta calidad y con el acompa\u00f1amiento de un gran equipo de profesionales unidos en una misma misi\u00f3n.<\/p>\n<p style=\"text-align: justify;\">Con la ayuda de un grupo de profesionales en cada \u00e1rea t\u00e9cnica, cuidamos los detalles para que la excelencia y la calidad se manifieste en cada presentaci\u00f3n, adem\u00e1s de contar con el apoyo de artistas de gran relevancia como parte de nuestro equipo de jueces quienes tienen la responsabilidad de escoger al ganador en cada una de nuestras temporadas.<\/p>\n<p style=\"text-align: justify;\">\n<p style=\"text-align: justify;\">\n<p style=\"text-align: justify;\">Fuente: \u00c1ngela Rodr\u00edguez<\/p>\n<p style=\"text-align: justify;\">RRPP THE CHOSEN USA<\/p>\n","protected":false},"excerpt":{"rendered":"<p>Santo Domingo, Rep. Dom. \u2013 Con un derroche de talento, entre m\u00fasica, luces y emociones<\/p>\n","protected":false},"author":2,"featured_media":0,"comment_status":"open","ping_status":"open","sticky":false,"template":"","format":"standard","meta":{"footnotes":""},"categories":[6],"tags":[],"class_list":["post-1943","post","type-post","status-publish","format-standard","hentry","category-espectaculos"],"_links":{"self":[{"href":"https:\/\/defrentealaverdad.com\/index.php\/wp-json\/wp\/v2\/posts\/1943","targetHints":{"allow":["GET"]}}],"collection":[{"href":"https:\/\/defrentealaverdad.com\/index.php\/wp-json\/wp\/v2\/posts"}],"about":[{"href":"https:\/\/defrentealaverdad.com\/index.php\/wp-json\/wp\/v2\/types\/post"}],"author":[{"embeddable":true,"href":"https:\/\/defrentealaverdad.com\/index.php\/wp-json\/wp\/v2\/users\/2"}],"replies":[{"embeddable":true,"href":"https:\/\/defrentealaverdad.com\/index.php\/wp-json\/wp\/v2\/comments?post=1943"}],"version-history":[{"count":1,"href":"https:\/\/defrentealaverdad.com\/index.php\/wp-json\/wp\/v2\/posts\/1943\/revisions"}],"predecessor-version":[{"id":1947,"href":"https:\/\/defrentealaverdad.com\/index.php\/wp-json\/wp\/v2\/posts\/1943\/revisions\/1947"}],"wp:attachment":[{"href":"https:\/\/defrentealaverdad.com\/index.php\/wp-json\/wp\/v2\/media?parent=1943"}],"wp:term":[{"taxonomy":"category","embeddable":true,"href":"https:\/\/defrentealaverdad.com\/index.php\/wp-json\/wp\/v2\/categories?post=1943"},{"taxonomy":"post_tag","embeddable":true,"href":"https:\/\/defrentealaverdad.com\/index.php\/wp-json\/wp\/v2\/tags?post=1943"}],"curies":[{"name":"wp","href":"https:\/\/api.w.org\/{rel}","templated":true}]}}