{"id":19373,"date":"2024-06-29T21:18:19","date_gmt":"2024-06-29T21:18:19","guid":{"rendered":"https:\/\/defrentealaverdad.com\/?p=19373"},"modified":"2024-06-29T21:27:01","modified_gmt":"2024-06-29T21:27:01","slug":"bajo-el-lema-mi-salud-mi-derecho-cipesa-celebra-la-iv-caminata-por-la-salud","status":"publish","type":"post","link":"https:\/\/defrentealaverdad.com\/index.php\/2024\/06\/29\/bajo-el-lema-mi-salud-mi-derecho-cipesa-celebra-la-iv-caminata-por-la-salud\/","title":{"rendered":"Bajo el lema \u00abMi salud, mi derecho\u00bb, CIPESA celebra la IV Caminata por la Salud"},"content":{"rendered":"<blockquote>\n<p style=\"text-align: justify;\">Un llamado a la conciencia y la responsabilidad individual y colectiva en la promoci\u00f3n de h\u00e1bitos saludables<\/p>\n<\/blockquote>\n<p style=\"text-align: justify;\">Santo Domingo, Rep\u00fablica Dominicana. &#8211; El <img decoding=\"async\" class=\"size-medium wp-image-19376 alignleft lazyload\" data-src=\"https:\/\/defrentealaverdad.com\/wp-content\/uploads\/2024\/06\/IMG-20240629-WA0138-300x200.jpg\" alt=\"\" width=\"300\" height=\"200\" data-srcset=\"https:\/\/defrentealaverdad.com\/wp-content\/uploads\/2024\/06\/IMG-20240629-WA0138-300x200.jpg 300w, https:\/\/defrentealaverdad.com\/wp-content\/uploads\/2024\/06\/IMG-20240629-WA0138-1024x682.jpg 1024w, https:\/\/defrentealaverdad.com\/wp-content\/uploads\/2024\/06\/IMG-20240629-WA0138-768x512.jpg 768w, https:\/\/defrentealaverdad.com\/wp-content\/uploads\/2024\/06\/IMG-20240629-WA0138-1536x1023.jpg 1536w, https:\/\/defrentealaverdad.com\/wp-content\/uploads\/2024\/06\/IMG-20240629-WA0138.jpg 1600w\" data-sizes=\"(max-width: 300px) 100vw, 300px\" src=\"data:image\/svg+xml;base64,PHN2ZyB3aWR0aD0iMSIgaGVpZ2h0PSIxIiB4bWxucz0iaHR0cDovL3d3dy53My5vcmcvMjAwMC9zdmciPjwvc3ZnPg==\" style=\"--smush-placeholder-width: 300px; --smush-placeholder-aspect-ratio: 300\/200;\" \/>C\u00edrculo de Periodistas de la Salud (CIPESA) celebr\u00f3 con gran \u00e9xito la IV Caminata por la Salud, evento que reuni\u00f3 a m\u00e1s de 200 personas comprometidas con la promoci\u00f3n de h\u00e1bitos de vida saludables.<\/p>\n<p style=\"text-align: justify;\">La caminata, que se ha convertido en una\u00a0tradici\u00f3n anual para el gremio que agrupa a los periodistas especializados en la salud, cont\u00f3 con la participaci\u00f3n de familiares y amigos que recorrieron un trayecto en un ambiente lleno de entusiasmo y alegr\u00eda.<\/p>\n<p style=\"text-align: justify;\">Bajo el lema \u00abMi salud, mi derecho\u00bb, la IV Caminata por la Salud de CIPESA busc\u00f3 resaltar la importancia de que las personas tomen conciencia sobre su salud y asuman un rol activo en su cuidado. Victoriano N\u00fa\u00f1ez, presidente de CIPESA, afirm\u00f3:<\/p>\n<blockquote>\n<p style=\"text-align: justify;\">\u00abEsta caminata es un s\u00edmbolo de la uni\u00f3n de nuestro gremio por una causa noble: la salud. Es un mensaje claro y contundente de que los periodistas de salud estamos comprometidos con informar, educar y concientizar a la poblaci\u00f3n sobre la importancia de cuidar su bienestar.\u00bb<\/p>\n<\/blockquote>\n<p style=\"text-align: justify;\">El Dr. Bernardino Vitoy, asesor internacional de promoci\u00f3n de la salud y curso de vida de la OPS-OMS, expres\u00f3:<\/p>\n<blockquote>\n<p style=\"text-align: justify;\">\u00abDesde la OPS, nos sentimos muy complacidos de apoyar esta iniciativa de CIPESA. El lema de este a\u00f1o, &#8216;Mi salud, mi derecho&#8217;, es un llamado fundamental para que todas las personas tomen conciencia sobre la importancia de adoptar h\u00e1bitos saludables y exigir acceso a servicios de salud de calidad, felicito a este gremio tan importante para la poblaci\u00f3n, la importancia de la comunicaci\u00f3n y la informaci\u00f3n en salud no puede ser subestimada, ya que son herramientas esenciales para educar y empoderar a la comunidad, los periodistas tienen una gran responsabilidad en la transmisi\u00f3n de informaci\u00f3n precisa y \u00fatil, y su rol es crucial para promover cambios positivos en la salud p\u00fablica.\u00bb<\/p>\n<\/blockquote>\n<p style=\"text-align: justify;\">De su parte, la licenciada Ninnet L\u00f3pez, coordinadora del Instituto de Nutrici\u00f3n de Centro Am\u00e9rica y Panam\u00e1 (INCAP), puntualiz\u00f3 que esta invitaci\u00f3n ha sido propicia por considerarla vinculante a la instituci\u00f3n.<\/p>\n<blockquote>\n<p style=\"text-align: justify;\">\u00abEn el marco del 75 aniversario, el Instituto de Nutrici\u00f3n de Centro Am\u00e9rica y el Caribe, el INCAP, agradece la participaci\u00f3n y el apoyo siempre de los trabajadores de la prensa en la Rep\u00fablica Dominicana. Para nosotros es de vital importancia promover estilos de vida saludables en la poblaci\u00f3n, y esta actividad es una excelente plataforma para hacerlo,\u00bb dijo.<\/p>\n<\/blockquote>\n<p style=\"text-align: justify;\">La periodista C\u00e1ndida Ortega, tesorera del Colegio Dominicano de Periodistas (CDP), en representaci\u00f3n del presidente Aurelio Henr\u00edquez, expres\u00f3 su agradecimiento por la invitaci\u00f3n y se\u00f1al\u00f3 que la misma representa un llamado de atenci\u00f3n a la importancia de la comunicaci\u00f3n en el \u00e1mbito de la salud. \u00abEl periodismo tiene la responsabilidad de educar e informar a la sociedad, y en temas de salud, esta labor se vuelve a\u00fan m\u00e1s crucial.<\/p>\n<p style=\"text-align: justify;\">La caminata anual de CIPESA se ha convertido en una tradici\u00f3n donde participan los miembros de la prensa especializada, as\u00ed como quienes se involucran en los distintos medios de comunicaci\u00f3n tanto en agencias como a nivel institucional.<\/p>\n<p style=\"text-align: justify;\"><strong>Presentaci\u00f3n de candidatos<\/strong><\/p>\n<p><img decoding=\"async\" class=\"size-medium wp-image-19378 aligncenter lazyload\" data-src=\"https:\/\/defrentealaverdad.com\/wp-content\/uploads\/2024\/06\/IMG-20240629-WA0159-300x200.jpg\" alt=\"\" width=\"300\" height=\"200\" data-srcset=\"https:\/\/defrentealaverdad.com\/wp-content\/uploads\/2024\/06\/IMG-20240629-WA0159-300x200.jpg 300w, https:\/\/defrentealaverdad.com\/wp-content\/uploads\/2024\/06\/IMG-20240629-WA0159-1024x682.jpg 1024w, https:\/\/defrentealaverdad.com\/wp-content\/uploads\/2024\/06\/IMG-20240629-WA0159-768x512.jpg 768w, https:\/\/defrentealaverdad.com\/wp-content\/uploads\/2024\/06\/IMG-20240629-WA0159-1536x1023.jpg 1536w, https:\/\/defrentealaverdad.com\/wp-content\/uploads\/2024\/06\/IMG-20240629-WA0159.jpg 1600w\" data-sizes=\"(max-width: 300px) 100vw, 300px\" src=\"data:image\/svg+xml;base64,PHN2ZyB3aWR0aD0iMSIgaGVpZ2h0PSIxIiB4bWxucz0iaHR0cDovL3d3dy53My5vcmcvMjAwMC9zdmciPjwvc3ZnPg==\" style=\"--smush-placeholder-width: 300px; --smush-placeholder-aspect-ratio: 300\/200;\" \/><\/p>\n<p style=\"text-align: justify;\">El espacio fue propicio para que el gremio especializado en comunicaci\u00f3n y salud presentara de manera oficial a quienes ser\u00e1n los pr\u00f3ximos candidatos a dirigir las riendas de tan importante instituci\u00f3n en la Rep\u00fablica Dominicana. Ellos son los periodistas Jos\u00e9 Rom\u00e1n Dini y Carol G. Mart\u00ednez, quienes militan en esta instituci\u00f3n. En los pr\u00f3ximos d\u00edas se dar\u00e1n a conocer los detalles sobre el proceso eleccionario.<\/p>\n<p style=\"text-align: justify;\"><strong>Instituciones Aliadas\u00a0<\/strong><\/p>\n<p><img decoding=\"async\" class=\"size-medium wp-image-19377 aligncenter lazyload\" data-src=\"https:\/\/defrentealaverdad.com\/wp-content\/uploads\/2024\/06\/IMG-20240629-WA0158-300x200.jpg\" alt=\"\" width=\"300\" height=\"200\" data-srcset=\"https:\/\/defrentealaverdad.com\/wp-content\/uploads\/2024\/06\/IMG-20240629-WA0158-300x200.jpg 300w, https:\/\/defrentealaverdad.com\/wp-content\/uploads\/2024\/06\/IMG-20240629-WA0158-1024x682.jpg 1024w, https:\/\/defrentealaverdad.com\/wp-content\/uploads\/2024\/06\/IMG-20240629-WA0158-768x512.jpg 768w, https:\/\/defrentealaverdad.com\/wp-content\/uploads\/2024\/06\/IMG-20240629-WA0158-1536x1023.jpg 1536w, https:\/\/defrentealaverdad.com\/wp-content\/uploads\/2024\/06\/IMG-20240629-WA0158.jpg 1600w\" data-sizes=\"(max-width: 300px) 100vw, 300px\" src=\"data:image\/svg+xml;base64,PHN2ZyB3aWR0aD0iMSIgaGVpZ2h0PSIxIiB4bWxucz0iaHR0cDovL3d3dy53My5vcmcvMjAwMC9zdmciPjwvc3ZnPg==\" style=\"--smush-placeholder-width: 300px; --smush-placeholder-aspect-ratio: 300\/200;\" \/><\/p>\n<p style=\"text-align: justify;\">La IV Caminata por la Salud de CIPESA, realizada en el Parque Iberoam\u00e9rica, cont\u00f3 con la participaci\u00f3n de la Organizaci\u00f3n Panamericana de la Salud (OPS), Referencia Laboratorio Cl\u00ednico, PromeseCal, Instituto de Nutrici\u00f3n de Centro Am\u00e9rica y Panam\u00e1 (INCAP), la Corporaci\u00f3n del Acueducto y Alcantarillado de Santo Domingo (CAASD), Asociaci\u00f3n Dominicana de Fisioterapeutas, Fundaci\u00f3n de Fisioterapeutas en Acci\u00f3n, Cruz Roja Dominicana, Parque Iberoam\u00e9rica y la Alcald\u00eda del Distrito Nacional, la CASC, la Uni\u00f3n Nacional de Trabajadores en la Comunicaci\u00f3n (UNTC), Pulse 4 Pulse, Desig, Onavis Design agencia publicitaria, el programa radial Lluvia de Chichigua y su elenco, a la persona de Mar\u00eca Luis, autora del libro \u00a8El poder del enfoque\u00a8, el C\u00edrculo de Reporteros Gr\u00e1ficos, la Fundaci\u00f3n Dominicana de J\u00f3venes Profesionales (FUNDAPRO) y George Dance.<\/p>\n<p style=\"text-align: justify;\"><strong>Sobre CIPESA<\/strong><\/p>\n<p><img decoding=\"async\" class=\"size-medium wp-image-19380 aligncenter lazyload\" data-src=\"https:\/\/defrentealaverdad.com\/wp-content\/uploads\/2024\/06\/IMG-20240629-WA0156-300x200.jpg\" alt=\"\" width=\"300\" height=\"200\" data-srcset=\"https:\/\/defrentealaverdad.com\/wp-content\/uploads\/2024\/06\/IMG-20240629-WA0156-300x200.jpg 300w, https:\/\/defrentealaverdad.com\/wp-content\/uploads\/2024\/06\/IMG-20240629-WA0156-1024x682.jpg 1024w, https:\/\/defrentealaverdad.com\/wp-content\/uploads\/2024\/06\/IMG-20240629-WA0156-768x512.jpg 768w, https:\/\/defrentealaverdad.com\/wp-content\/uploads\/2024\/06\/IMG-20240629-WA0156-1536x1023.jpg 1536w, https:\/\/defrentealaverdad.com\/wp-content\/uploads\/2024\/06\/IMG-20240629-WA0156.jpg 1600w\" data-sizes=\"(max-width: 300px) 100vw, 300px\" src=\"data:image\/svg+xml;base64,PHN2ZyB3aWR0aD0iMSIgaGVpZ2h0PSIxIiB4bWxucz0iaHR0cDovL3d3dy53My5vcmcvMjAwMC9zdmciPjwvc3ZnPg==\" style=\"--smush-placeholder-width: 300px; --smush-placeholder-aspect-ratio: 300\/200;\" \/><\/p>\n<p style=\"text-align: justify;\">El C\u00edrculo de Periodistas de la Salud (CIPESA) es una organizaci\u00f3n sin fines de lucro que agrupa a periodistas especializados en la comunicaci\u00f3n en salud a nivel nacional, quienes desarrollan una comunicaci\u00f3n a trav\u00e9s de instituciones p\u00fablicas y privadas, as\u00ed como a trav\u00e9s de diversos programas de televisi\u00f3n, un canal de YouTube, plataformas digitales, redes sociales, espacios de radio, segmentos noticiarios, podcasts y eventos como la Caminata por la Salud.<\/p>\n<p style=\"text-align: justify;\">CIPESA trabaja incansablemente para difundir informaci\u00f3n confiable y oportuna sobre temas relacionados con la salud.<\/p>\n<p>Fuente: CIPESA<\/p>\n","protected":false},"excerpt":{"rendered":"<p>Un llamado a la conciencia y la responsabilidad individual y colectiva en la promoci\u00f3n de<\/p>\n","protected":false},"author":1,"featured_media":0,"comment_status":"open","ping_status":"open","sticky":false,"template":"","format":"standard","meta":{"footnotes":""},"categories":[7],"tags":[],"class_list":["post-19373","post","type-post","status-publish","format-standard","hentry","category-nacionales"],"_links":{"self":[{"href":"https:\/\/defrentealaverdad.com\/index.php\/wp-json\/wp\/v2\/posts\/19373","targetHints":{"allow":["GET"]}}],"collection":[{"href":"https:\/\/defrentealaverdad.com\/index.php\/wp-json\/wp\/v2\/posts"}],"about":[{"href":"https:\/\/defrentealaverdad.com\/index.php\/wp-json\/wp\/v2\/types\/post"}],"author":[{"embeddable":true,"href":"https:\/\/defrentealaverdad.com\/index.php\/wp-json\/wp\/v2\/users\/1"}],"replies":[{"embeddable":true,"href":"https:\/\/defrentealaverdad.com\/index.php\/wp-json\/wp\/v2\/comments?post=19373"}],"version-history":[{"count":3,"href":"https:\/\/defrentealaverdad.com\/index.php\/wp-json\/wp\/v2\/posts\/19373\/revisions"}],"predecessor-version":[{"id":19381,"href":"https:\/\/defrentealaverdad.com\/index.php\/wp-json\/wp\/v2\/posts\/19373\/revisions\/19381"}],"wp:attachment":[{"href":"https:\/\/defrentealaverdad.com\/index.php\/wp-json\/wp\/v2\/media?parent=19373"}],"wp:term":[{"taxonomy":"category","embeddable":true,"href":"https:\/\/defrentealaverdad.com\/index.php\/wp-json\/wp\/v2\/categories?post=19373"},{"taxonomy":"post_tag","embeddable":true,"href":"https:\/\/defrentealaverdad.com\/index.php\/wp-json\/wp\/v2\/tags?post=19373"}],"curies":[{"name":"wp","href":"https:\/\/api.w.org\/{rel}","templated":true}]}}