{"id":19367,"date":"2024-06-29T21:06:31","date_gmt":"2024-06-29T21:06:31","guid":{"rendered":"https:\/\/defrentealaverdad.com\/?p=19367"},"modified":"2024-06-29T21:06:31","modified_gmt":"2024-06-29T21:06:31","slug":"programa-la-greca-rd-arriba-a-su-5to-aniversario","status":"publish","type":"post","link":"https:\/\/defrentealaverdad.com\/index.php\/2024\/06\/29\/programa-la-greca-rd-arriba-a-su-5to-aniversario\/","title":{"rendered":"Programa La Greca RD arriba a su 5to. aniversario."},"content":{"rendered":"<p style=\"text-align: justify;\"><img decoding=\"async\" class=\"size-medium wp-image-19368 aligncenter lazyload\" data-src=\"https:\/\/defrentealaverdad.com\/wp-content\/uploads\/2024\/06\/IMG-20240629-WA0102-300x201.jpg\" alt=\"\" width=\"300\" height=\"201\" data-srcset=\"https:\/\/defrentealaverdad.com\/wp-content\/uploads\/2024\/06\/IMG-20240629-WA0102-300x201.jpg 300w, https:\/\/defrentealaverdad.com\/wp-content\/uploads\/2024\/06\/IMG-20240629-WA0102-1024x687.jpg 1024w, https:\/\/defrentealaverdad.com\/wp-content\/uploads\/2024\/06\/IMG-20240629-WA0102-768x515.jpg 768w, https:\/\/defrentealaverdad.com\/wp-content\/uploads\/2024\/06\/IMG-20240629-WA0102.jpg 1342w\" data-sizes=\"(max-width: 300px) 100vw, 300px\" src=\"data:image\/svg+xml;base64,PHN2ZyB3aWR0aD0iMSIgaGVpZ2h0PSIxIiB4bWxucz0iaHR0cDovL3d3dy53My5vcmcvMjAwMC9zdmciPjwvc3ZnPg==\" style=\"--smush-placeholder-width: 300px; --smush-placeholder-aspect-ratio: 300\/201;\" \/><\/p>\n<p style=\"text-align: justify;\">Santo Domingo, R.D. El programa La Greca RD, que se transmite los s\u00e1bados por la plataforma digital Xtra86.Net de 9.00 A.M a 11.00 A.M; arrib\u00f3 a su 5to. aniversario, haciendo gala de un contenido depurado en cada entrega y adaptado a los nuevos tiempos.<\/p>\n<blockquote>\n<p style=\"text-align: justify;\">\u201cNos sentimos sumamente agradecidos del apoyo que hemos recibido de nuestro p\u00fablico y las diferentes marcas durante estos cinco a\u00f1os. Esto nos compromete a continuar apostando siempre a la excelencia\u201d, expres\u00f3 C\u00e9sar Caracas Rivera, productor y talento del programa.<\/p>\n<\/blockquote>\n<p style=\"text-align: justify;\">De igual manera, Fernando Fern\u00e1ndez, integrante del equipo, explic\u00f3 que como profesionales del marketing y de los negocios, lo que les motiva es poder aportar a los medios de comunicaci\u00f3n, una propuesta radial net diferenciadora.<\/p>\n<blockquote>\n<p style=\"text-align: justify;\">\u201cUna propuesta que oriente a los empresarios y emprendedores en sus negocios, con cada una de los speaker o invitados al programa, junto con las intervenciones de los talentos\u201d, afirm\u00f3 Fern\u00e1ndez.<\/p>\n<\/blockquote>\n<p style=\"text-align: justify;\"><img decoding=\"async\" class=\"size-medium wp-image-19369 alignright lazyload\" data-src=\"https:\/\/defrentealaverdad.com\/wp-content\/uploads\/2024\/06\/IMG-20240629-WA0101-300x225.jpg\" alt=\"\" width=\"300\" height=\"225\" data-srcset=\"https:\/\/defrentealaverdad.com\/wp-content\/uploads\/2024\/06\/IMG-20240629-WA0101-300x225.jpg 300w, https:\/\/defrentealaverdad.com\/wp-content\/uploads\/2024\/06\/IMG-20240629-WA0101-1024x768.jpg 1024w, https:\/\/defrentealaverdad.com\/wp-content\/uploads\/2024\/06\/IMG-20240629-WA0101-768x576.jpg 768w, https:\/\/defrentealaverdad.com\/wp-content\/uploads\/2024\/06\/IMG-20240629-WA0101-1536x1152.jpg 1536w, https:\/\/defrentealaverdad.com\/wp-content\/uploads\/2024\/06\/IMG-20240629-WA0101-720x540.jpg 720w, https:\/\/defrentealaverdad.com\/wp-content\/uploads\/2024\/06\/IMG-20240629-WA0101.jpg 1600w\" data-sizes=\"(max-width: 300px) 100vw, 300px\" src=\"data:image\/svg+xml;base64,PHN2ZyB3aWR0aD0iMSIgaGVpZ2h0PSIxIiB4bWxucz0iaHR0cDovL3d3dy53My5vcmcvMjAwMC9zdmciPjwvc3ZnPg==\" style=\"--smush-placeholder-width: 300px; --smush-placeholder-aspect-ratio: 300\/225;\" \/>Asimismo, Geicol R. Arias, co productor y talento de La Greca RD, explic\u00f3 que en el programa se tratan temas diversos, <em>\u201cenfocados en los negocios, marketing, ventas, marketing digital, pol\u00edtica, deportes, tecnolog\u00eda y emprendimiento, con lineamientos actualizados y propios del mercado dominicano\u201d.<\/em><\/p>\n<p><img decoding=\"async\" class=\"size-medium wp-image-19370 alignleft lazyload\" data-src=\"https:\/\/defrentealaverdad.com\/wp-content\/uploads\/2024\/06\/IMG-20240629-WA0100-300x300.jpg\" alt=\"\" width=\"300\" height=\"300\" data-srcset=\"https:\/\/defrentealaverdad.com\/wp-content\/uploads\/2024\/06\/IMG-20240629-WA0100-300x300.jpg 300w, https:\/\/defrentealaverdad.com\/wp-content\/uploads\/2024\/06\/IMG-20240629-WA0100-1024x1024.jpg 1024w, https:\/\/defrentealaverdad.com\/wp-content\/uploads\/2024\/06\/IMG-20240629-WA0100-150x150.jpg 150w, https:\/\/defrentealaverdad.com\/wp-content\/uploads\/2024\/06\/IMG-20240629-WA0100-768x768.jpg 768w, https:\/\/defrentealaverdad.com\/wp-content\/uploads\/2024\/06\/IMG-20240629-WA0100.jpg 1512w\" data-sizes=\"(max-width: 300px) 100vw, 300px\" src=\"data:image\/svg+xml;base64,PHN2ZyB3aWR0aD0iMSIgaGVpZ2h0PSIxIiB4bWxucz0iaHR0cDovL3d3dy53My5vcmcvMjAwMC9zdmciPjwvc3ZnPg==\" style=\"--smush-placeholder-width: 300px; --smush-placeholder-aspect-ratio: 300\/300;\" \/>\u00a0La propuesta radial cuenta con los segmentos: Caf\u00e9 Liviano, Vet Coffee, Colao Especial, Bazar de Emprendedores y Caf\u00e9 Deportivo.<\/p>\n<blockquote>\n<p style=\"text-align: justify;\">\u201cEn dichas secciones hemos tenido invitados de la talla de Charityn Goico, Duban Prado (actor de Netflix), Virginia Antares, quien fue candidata presidencial en las pasadas elecciones por el partido Opci\u00f3n Democr\u00e1tica (OD), el diputado Jos\u00e9 Horacio Rodr\u00edguez; el comunicador y empresario Wellington De Le\u00f3n y el pol\u00edtico Eric Ortiz, entre otros\u201d, detall\u00f3 Caracas Rivera.<\/p>\n<\/blockquote>\n<p>Con respeto al proyecto y su continuidad en los medios Aris finaliz\u00f3:<\/p>\n<blockquote>\n<p style=\"text-align: justify;\">\u201cTambi\u00e9n queremos seguir contribuyendo en el crecimiento de los emprendedores, llegar a nuevos mercados internacionales y continuar aportando en causas sociales, a favor de las comunidades dominicanas\u201d<\/p>\n<\/blockquote>\n<p>Fuente: Equipo Programa La Greca RD<\/p>\n","protected":false},"excerpt":{"rendered":"<p>Santo Domingo, R.D. El programa La Greca RD, que se transmite los s\u00e1bados por la<\/p>\n","protected":false},"author":2,"featured_media":0,"comment_status":"open","ping_status":"open","sticky":false,"template":"","format":"standard","meta":{"footnotes":""},"categories":[7],"tags":[],"class_list":["post-19367","post","type-post","status-publish","format-standard","hentry","category-nacionales"],"_links":{"self":[{"href":"https:\/\/defrentealaverdad.com\/index.php\/wp-json\/wp\/v2\/posts\/19367","targetHints":{"allow":["GET"]}}],"collection":[{"href":"https:\/\/defrentealaverdad.com\/index.php\/wp-json\/wp\/v2\/posts"}],"about":[{"href":"https:\/\/defrentealaverdad.com\/index.php\/wp-json\/wp\/v2\/types\/post"}],"author":[{"embeddable":true,"href":"https:\/\/defrentealaverdad.com\/index.php\/wp-json\/wp\/v2\/users\/2"}],"replies":[{"embeddable":true,"href":"https:\/\/defrentealaverdad.com\/index.php\/wp-json\/wp\/v2\/comments?post=19367"}],"version-history":[{"count":1,"href":"https:\/\/defrentealaverdad.com\/index.php\/wp-json\/wp\/v2\/posts\/19367\/revisions"}],"predecessor-version":[{"id":19372,"href":"https:\/\/defrentealaverdad.com\/index.php\/wp-json\/wp\/v2\/posts\/19367\/revisions\/19372"}],"wp:attachment":[{"href":"https:\/\/defrentealaverdad.com\/index.php\/wp-json\/wp\/v2\/media?parent=19367"}],"wp:term":[{"taxonomy":"category","embeddable":true,"href":"https:\/\/defrentealaverdad.com\/index.php\/wp-json\/wp\/v2\/categories?post=19367"},{"taxonomy":"post_tag","embeddable":true,"href":"https:\/\/defrentealaverdad.com\/index.php\/wp-json\/wp\/v2\/tags?post=19367"}],"curies":[{"name":"wp","href":"https:\/\/api.w.org\/{rel}","templated":true}]}}