{"id":19352,"date":"2024-06-29T20:51:26","date_gmt":"2024-06-29T20:51:26","guid":{"rendered":"https:\/\/defrentealaverdad.com\/?p=19352"},"modified":"2024-06-29T20:51:26","modified_gmt":"2024-06-29T20:51:26","slug":"exigen-al-minerd-respetar-las-vacaciones-de-docentes-y-directores-de-centros-educativos","status":"publish","type":"post","link":"https:\/\/defrentealaverdad.com\/index.php\/2024\/06\/29\/exigen-al-minerd-respetar-las-vacaciones-de-docentes-y-directores-de-centros-educativos\/","title":{"rendered":"Exigen al MINERD respetar las vacaciones de docentes y directores de centros educativos."},"content":{"rendered":"<blockquote>\n<p style=\"text-align: justify;\">Corriente Magisterial considera abusivo atropello de vacaciones de maestros.<\/p>\n<\/blockquote>\n<p style=\"text-align: justify;\">Seg\u00fan el Prof. Miguel \u00c1ngel Fern\u00e1ndez, Vice-<img decoding=\"async\" class=\"size-medium wp-image-19353 alignleft lazyload\" data-src=\"https:\/\/defrentealaverdad.com\/wp-content\/uploads\/2024\/06\/IMG-20240629-WA0110-200x300.jpg\" alt=\"\" width=\"200\" height=\"300\" data-srcset=\"https:\/\/defrentealaverdad.com\/wp-content\/uploads\/2024\/06\/IMG-20240629-WA0110-200x300.jpg 200w, https:\/\/defrentealaverdad.com\/wp-content\/uploads\/2024\/06\/IMG-20240629-WA0110-682x1024.jpg 682w, https:\/\/defrentealaverdad.com\/wp-content\/uploads\/2024\/06\/IMG-20240629-WA0110-768x1153.jpg 768w, https:\/\/defrentealaverdad.com\/wp-content\/uploads\/2024\/06\/IMG-20240629-WA0110-1023x1536.jpg 1023w, https:\/\/defrentealaverdad.com\/wp-content\/uploads\/2024\/06\/IMG-20240629-WA0110.jpg 1066w\" data-sizes=\"(max-width: 200px) 100vw, 200px\" src=\"data:image\/svg+xml;base64,PHN2ZyB3aWR0aD0iMSIgaGVpZ2h0PSIxIiB4bWxucz0iaHR0cDovL3d3dy53My5vcmcvMjAwMC9zdmciPjwvc3ZnPg==\" style=\"--smush-placeholder-width: 200px; --smush-placeholder-aspect-ratio: 200\/300;\" \/>Presidente de la Corriente Magisterial Juan Pablo Duarte, las vacaciones docentes est\u00e1n pautadas del 1 de julio al 1 de agosto de cada a\u00f1o escolar, \u00abning\u00fan funcionario del Ministerio de Educaci\u00f3n (MINERD) debe ocupar el tiempo de vacaciones de los docentes.<\/p>\n<p style=\"text-align: justify;\">Fern\u00e1ndez Denuncia que algunos directores distritales est\u00e1n convocando a trabajar el lunes 1 de julio a directores de escuelas y liceos, lo que consideran un acto en contra del bienestar de dichos docentes quienes despu\u00e9s de una jornada de a\u00f1o escolar tienen derecho al disfrute de sus vacaciones y descanso para volver en el pr\u00f3ximo per\u00edodo 2024-2025 con el amor y empe\u00f1o del pan de la ense\u00f1anza.<\/p>\n<p style=\"text-align: justify;\"><img decoding=\"async\" class=\"size-medium wp-image-19354 alignright lazyload\" data-src=\"https:\/\/defrentealaverdad.com\/wp-content\/uploads\/2024\/06\/IMG-20240629-WA0113-300x200.jpg\" alt=\"\" width=\"300\" height=\"200\" data-srcset=\"https:\/\/defrentealaverdad.com\/wp-content\/uploads\/2024\/06\/IMG-20240629-WA0113-300x200.jpg 300w, https:\/\/defrentealaverdad.com\/wp-content\/uploads\/2024\/06\/IMG-20240629-WA0113-1024x683.jpg 1024w, https:\/\/defrentealaverdad.com\/wp-content\/uploads\/2024\/06\/IMG-20240629-WA0113-768x512.jpg 768w, https:\/\/defrentealaverdad.com\/wp-content\/uploads\/2024\/06\/IMG-20240629-WA0113.jpg 1500w\" data-sizes=\"(max-width: 300px) 100vw, 300px\" src=\"data:image\/svg+xml;base64,PHN2ZyB3aWR0aD0iMSIgaGVpZ2h0PSIxIiB4bWxucz0iaHR0cDovL3d3dy53My5vcmcvMjAwMC9zdmciPjwvc3ZnPg==\" style=\"--smush-placeholder-width: 300px; --smush-placeholder-aspect-ratio: 300\/200;\" \/>De acuerdo a lo afirmado por el Prof. Fern\u00e1ndez, los directores de centros educativos son administrativo-docente, no administrativos exclusivamente, por tanto tienen el goce de vacaciones conforme al Estatuto del Docente y el propio calendario escolar oficial, adem\u00e1s cabe destacar que a la fecha a\u00fan hay centros educativos que est\u00e1n trabajando con reinscripciones y entrega de documentos a estudiantes que se cambian de escuelas. <img decoding=\"async\" class=\"size-medium wp-image-19356 alignleft lazyload\" data-src=\"https:\/\/defrentealaverdad.com\/wp-content\/uploads\/2024\/06\/IMG-20240629-WA0111-300x200.jpg\" alt=\"\" width=\"300\" height=\"200\" data-srcset=\"https:\/\/defrentealaverdad.com\/wp-content\/uploads\/2024\/06\/IMG-20240629-WA0111-300x200.jpg 300w, https:\/\/defrentealaverdad.com\/wp-content\/uploads\/2024\/06\/IMG-20240629-WA0111-1024x682.jpg 1024w, https:\/\/defrentealaverdad.com\/wp-content\/uploads\/2024\/06\/IMG-20240629-WA0111-768x512.jpg 768w, https:\/\/defrentealaverdad.com\/wp-content\/uploads\/2024\/06\/IMG-20240629-WA0111-1536x1023.jpg 1536w, https:\/\/defrentealaverdad.com\/wp-content\/uploads\/2024\/06\/IMG-20240629-WA0111.jpg 1600w\" data-sizes=\"(max-width: 300px) 100vw, 300px\" src=\"data:image\/svg+xml;base64,PHN2ZyB3aWR0aD0iMSIgaGVpZ2h0PSIxIiB4bWxucz0iaHR0cDovL3d3dy53My5vcmcvMjAwMC9zdmciPjwvc3ZnPg==\" style=\"--smush-placeholder-width: 300px; --smush-placeholder-aspect-ratio: 300\/200;\" \/><\/p>\n<p style=\"text-align: justify;\">La Corriente Magisterial Juan Pablo Duarte, en la persona de su Vice-Presidente Miguel \u00c1ngel Fern\u00e1ndez, llama a los funcionarios del MINERD a respetar los derechos docentes, a no convocar ni organizar trabajos que lesionen vacaciones de directores y profesores. Record\u00f3 al MINERD que los profesores y directores planifican su descanso con sus familiares en el pa\u00eds y en el extranjero, muchos con sus tikets de vuelo previamente comparados.<\/p>\n<p><img decoding=\"async\" class=\"size-medium wp-image-19355 alignright lazyload\" data-src=\"https:\/\/defrentealaverdad.com\/wp-content\/uploads\/2024\/06\/IMG-20240629-WA0112-300x200.jpg\" alt=\"\" width=\"300\" height=\"200\" data-srcset=\"https:\/\/defrentealaverdad.com\/wp-content\/uploads\/2024\/06\/IMG-20240629-WA0112-300x200.jpg 300w, https:\/\/defrentealaverdad.com\/wp-content\/uploads\/2024\/06\/IMG-20240629-WA0112-1024x683.jpg 1024w, https:\/\/defrentealaverdad.com\/wp-content\/uploads\/2024\/06\/IMG-20240629-WA0112-768x512.jpg 768w, https:\/\/defrentealaverdad.com\/wp-content\/uploads\/2024\/06\/IMG-20240629-WA0112.jpg 1500w\" data-sizes=\"(max-width: 300px) 100vw, 300px\" src=\"data:image\/svg+xml;base64,PHN2ZyB3aWR0aD0iMSIgaGVpZ2h0PSIxIiB4bWxucz0iaHR0cDovL3d3dy53My5vcmcvMjAwMC9zdmciPjwvc3ZnPg==\" style=\"--smush-placeholder-width: 300px; --smush-placeholder-aspect-ratio: 300\/200;\" \/><\/p>\n<p style=\"text-align: justify;\">Al mismo tiempo Miguel \u00c1ngel Fern\u00e1ndez llam\u00f3 a los directores a no someterse a esa arbitrariedad, que sigan sus vacaciones y sus viajes de descanso planificado, porque es su derecho.<\/p>\n<p>Fuente: Corriente Magisterial Juan Pablo Duarte<\/p>\n","protected":false},"excerpt":{"rendered":"<p>Corriente Magisterial considera abusivo atropello de vacaciones de maestros. Seg\u00fan el Prof. Miguel \u00c1ngel Fern\u00e1ndez,<\/p>\n","protected":false},"author":1,"featured_media":0,"comment_status":"open","ping_status":"open","sticky":false,"template":"","format":"standard","meta":{"footnotes":""},"categories":[7],"tags":[],"class_list":["post-19352","post","type-post","status-publish","format-standard","hentry","category-nacionales"],"_links":{"self":[{"href":"https:\/\/defrentealaverdad.com\/index.php\/wp-json\/wp\/v2\/posts\/19352","targetHints":{"allow":["GET"]}}],"collection":[{"href":"https:\/\/defrentealaverdad.com\/index.php\/wp-json\/wp\/v2\/posts"}],"about":[{"href":"https:\/\/defrentealaverdad.com\/index.php\/wp-json\/wp\/v2\/types\/post"}],"author":[{"embeddable":true,"href":"https:\/\/defrentealaverdad.com\/index.php\/wp-json\/wp\/v2\/users\/1"}],"replies":[{"embeddable":true,"href":"https:\/\/defrentealaverdad.com\/index.php\/wp-json\/wp\/v2\/comments?post=19352"}],"version-history":[{"count":1,"href":"https:\/\/defrentealaverdad.com\/index.php\/wp-json\/wp\/v2\/posts\/19352\/revisions"}],"predecessor-version":[{"id":19358,"href":"https:\/\/defrentealaverdad.com\/index.php\/wp-json\/wp\/v2\/posts\/19352\/revisions\/19358"}],"wp:attachment":[{"href":"https:\/\/defrentealaverdad.com\/index.php\/wp-json\/wp\/v2\/media?parent=19352"}],"wp:term":[{"taxonomy":"category","embeddable":true,"href":"https:\/\/defrentealaverdad.com\/index.php\/wp-json\/wp\/v2\/categories?post=19352"},{"taxonomy":"post_tag","embeddable":true,"href":"https:\/\/defrentealaverdad.com\/index.php\/wp-json\/wp\/v2\/tags?post=19352"}],"curies":[{"name":"wp","href":"https:\/\/api.w.org\/{rel}","templated":true}]}}